{"id":1361,"date":"2020-11-04T18:21:55","date_gmt":"2020-11-04T15:21:55","guid":{"rendered":"http:\/\/mersinekonomipolitikagazetesi.com\/?p=1361"},"modified":"2020-11-04T18:21:55","modified_gmt":"2020-11-04T15:21:55","slug":"asut-sanayi-ligine-donmemizin-kosulu-kamu-ozel-sektor-isbirliginin-artmasidir","status":"publish","type":"post","link":"https:\/\/akdenizolaygazetesi.com\/?p=1361","title":{"rendered":"A\u015fut: \u201cSanayi ligine d\u00f6nmemizin ko\u015fulu, kamu-\u00f6zel sekt\u00f6r i\u015fbirli\u011finin artmas\u0131d\u0131r\u201d"},"content":{"rendered":"<p>Mersin Ticaret ve Sanayi Odas\u0131 (MTSO) Ba\u015fkan\u0131 \u015eerafettin A\u015fut, 1990\u2019l\u0131 y\u0131llarda d\u00fcnyada sanayi \u00fcretiminde ilk 15 \u00fclke aras\u0131na girmeyi ba\u015faran T\u00fcrkiye\u2019nin, 2000\u2019li y\u0131llardan itibaren sanayi liginden d\u00fc\u015ft\u00fc\u011f\u00fcn\u00fc belirterek, \u201cBunun temel nedeni kamu ve \u00f6zel sekt\u00f6r\u00fcn daha yak\u0131n bir i\u015f birli\u011fi i\u00e7inde \u00e7al\u0131\u015fmamas\u0131d\u0131r\u201d dedi.<\/p>\n<p>MTSO Ba\u015fkan\u0131 A\u015fut, yaz\u0131l\u0131 bir a\u00e7\u0131klama yaparak, T\u00fcrkiye\u2019nin sanayi \u00fcretiminde d\u00fcnyadaki yerini de\u011ferlendirdi. D\u00fcnyada da T\u00fcrkiye\u2019de sanayinin dokundu\u011fu yeri de\u011fi\u015ftirip geli\u015ftirdi\u011fine i\u015faret eden A\u015fut, bug\u00fcn T\u00fcrkiye\u2019nin sanayisi geli\u015fmi\u015f kentlerinde \u00e7ok belirgin de\u011fi\u015fimler ya\u015fand\u0131\u011f\u0131na dikkat \u00e7ekti. Anadolu Kaplanlar\u0131 olarak adland\u0131r\u0131lan Gaziantep, Kayseri, Konya\u2019n\u0131n sanayi hamleleri ba\u015flamadan \u00f6nceki durumlar\u0131 ile bug\u00fcnleri aras\u0131nda da\u011flar kadar fark oldu\u011funu ifade eden A\u015fut, \u201cRefah anlam\u0131nda fark var, sosyal geli\u015fmi\u015flik anlam\u0131nda fark var. Anadolu kaplanlar\u0131 dedi\u011fimiz bu iller sanayi hamlelerinden \u00f6nce s\u0131radan kentlerdi. Bug\u00fcn marka s\u0131fat\u0131yla an\u0131l\u0131yorlar. \u0130zmir ve Ege incir ve \u00fcz\u00fcm satt\u0131\u011f\u0131 g\u00fcnlerde neydi, bug\u00fcn sanayi temelli b\u00fcy\u00fcme ile ne durumda? 40 y\u0131l \u00f6nce Bursa sembolik bir Osmanl\u0131 ba\u015fkenti olmas\u0131n\u0131n \u00f6tesinde, tarihi bir de\u011ferin d\u0131\u015f\u0131nda ne idi, bug\u00fcn Bursa\u2019n\u0131n g\u00fcc\u00fc nedir ve neden dolay\u0131d\u0131r? \u0130stanbul hinterlant\u0131ndaki Trakya ve \u0130zmit K\u00f6rfezi\u2019nin sanayi g\u00fcc\u00fc olmasa bug\u00fcnk\u00fc \u0130stanbul olur muydu? Ayn\u0131 \u015fey Mersin ve Adana i\u00e7in de ge\u00e7erlidir. Mersin\u2019i ve Adana\u2019y\u0131 b\u00fcy\u00fcten \u015fey nedir? Evet, sanayi dokundu\u011fu yeri ger\u00e7ekten de\u011fi\u015ftiriyor ve geli\u015ftiriyor. Refah olu\u015fuyor, istihdam olu\u015fuyor, yan sanayi ile KOB\u0130\u2019ler geli\u015fiyor, ticaret art\u0131yor ve sosyal ya\u015fam kalitesi art\u0131yor. E\u011fer 80 milyona yakla\u015fan gen\u00e7 bir n\u00fcfusunuz varsa \u00fcretim, yani sanayi temelli bir b\u00fcy\u00fcme ka\u00e7\u0131n\u0131lmazd\u0131r. \u00dcretmeyen bir T\u00fcrkiye\u2019nin sa\u011fl\u0131kl\u0131 bir ekonomik gelece\u011fi olamaz\u201d dedi.<br \/>\n\u201cT\u00fcrkiye\u2019nin bug\u00fcn ilk 15 i\u00e7inde neden yer almad\u0131\u011f\u0131 d\u00fc\u015f\u00fcn\u00fclmelidir\u201d<br \/>\nD\u00fcnyada da geli\u015fmek isteyen \u00fclkelerin sanayi yat\u0131r\u0131mlar\u0131na \u00f6nem verdiklerini vurgulayan A\u015fut, T\u00fcrkiye\u2019nin bu yar\u0131\u015fa ayn\u0131 seviyede ve ayn\u0131 y\u0131llarda ba\u015flad\u0131\u011f\u0131 G\u00fcney Kore\u2019yi \u00f6rnek g\u00f6sterdi. A\u015fut, \u201cBu \u00f6yle bir sava\u015f haline geldi ki, art\u0131k k\u00fcresel anlamda sanayi \u00fcretiminde ilk 15 \u00fclke i\u00e7ine girmek bir g\u00f6sterge haline geldi. T\u00fcrkiye bir zamanlar sanayi \u00fcretiminde d\u00fcnyadaki ilk 15 \u00fclke listesinde yer al\u0131rken, bug\u00fcn neden olmad\u0131\u011f\u0131 d\u00fc\u015f\u00fcn\u00fclmelidir. Kazan\u0131mlar\u0131m\u0131z\u0131, g\u00f6sterdi\u011fimiz geli\u015fmeleri yok saymadan ve k\u00fc\u00e7\u00fcmsemeden, eksiklerimizin neler oldu\u011funu sorgulamal\u0131y\u0131z. 1980\u2019li y\u0131llarda ilk 15 i\u00e7inde olmamam\u0131za \u015fa\u015f\u0131rm\u0131yoruz; \u00e7\u00fcnk\u00fc 80\u2019li y\u0131llarda T\u00fcrkiye bir tar\u0131m \u00fclkesiydi. Sanayi elbette vard\u0131 ama \u00fclke \u00e7ap\u0131nda bask\u0131n bir <a href=\"http:\/\/www.trcqms.com\/\" title=\"rus porn\" target=\"_blank\" rel=\"noopener noreferrer\">rus porn<\/a> sekt\u00f6r de\u011fildi. Daha \u00e7ok kamu deste\u011finde yap\u0131lan yat\u0131r\u0131mlar vard\u0131. Yani, serbest piyasan\u0131n i\u015flemedi\u011fi, sanayi giri\u015fimcisinin yarat\u0131lamad\u0131\u011f\u0131 y\u0131llard\u0131. \u0130\u00e7ine kapan\u0131k bir \u00fclkeydik. Rahmetli \u00d6zal\u2019\u0131n iktidara gelmesiyle T\u00fcrkiye yeni bir d\u00f6neme girdi, yeni bir b\u00fcy\u00fcme hedefi koydu. Art\u0131k sanayi ve ihracat kavram\u0131 \u00f6zel sekt\u00f6r\u00fcn alan\u0131 haline gelmeye ba\u015flad\u0131. K\u0131sa s\u00fcrede T\u00fcrkiye b\u00fcy\u00fck at\u0131l\u0131mlar yapt\u0131 ve 90\u2019l\u0131 y\u0131llara kadar g\u00f6sterdi\u011fi bu at\u0131l\u0131mla T\u00fcrkiye ilk 15 \u00fclke aras\u0131na girdi. Ancak, 1990 ve 2000 y\u0131llar\u0131 aras\u0131ndaki siyasi istikrars\u0131zl\u0131klar ve stratejilerin do\u011fru olu\u015fturulmamas\u0131 2000\u2019li y\u0131llarda T\u00fcrkiye\u2019nin sanayi ligindeki d\u00fc\u015f\u00fc\u015f\u00fcn\u00fc ba\u015flatt\u0131. Teknolojiye, ar-ge\u2019ye, mesleki e\u011fitime \u00f6nem verilmemesi de bu olumsuz gidi\u015fat\u0131 tetikledi. Bir\u00e7ok \u00fclke gelece\u011fi d\u00fc\u015f\u00fcnerek yat\u0131r\u0131mlar yaparken biz, g\u00fcn\u00fc kurtarmaya \u00e7al\u0131\u015ft\u0131k. Sanayi \u00fclkenin \u00f6nemli bir sekt\u00f6r\u00fc olmaya devam ettiyse de d\u00fc\u015f\u00fck ve orta-alt\u0131 teknoloji ile katma de\u011fer yaratmayan bir \u00fcretimle 2000\u2019lere gelindi. 2000\u2019li y\u0131llar\u0131n ba\u015f\u0131nda uzun s\u00fcre kal\u0131c\u0131l\u0131\u011f\u0131n\u0131 s\u00fcrd\u00fcrecek bir siyasi istikrar ve tek partili bir h\u00fck\u00fcmet g\u00fcc\u00fc yakaland\u0131. Bu asl\u0131nda millet olarak, ekonomi d\u00fcnyas\u0131 olarak \u00f6zledi\u011fimiz bir \u015feydi. \u00dclke art\u0131k siyasi \u00e7at\u0131\u015fmalarla, politikan\u0131n bask\u0131s\u0131 alt\u0131nda ya\u015famak istemiyordu. Bu s\u00fcre\u00e7 g\u00fcn\u00fcm\u00fcze kadar \u00f6nemli kazan\u0131mlar getirdi. Peki, politik istikrars\u0131zl\u0131\u011f\u0131n oldu\u011fu d\u00f6nmelerde sanayi \u00fcretiminde ilk 15 i\u00e7inde yer alan T\u00fcrkiye, 2000-2016 d\u00f6neminde, b\u00f6ylesi g\u00fc\u00e7l\u00fc bir d\u00f6nemde, neden ilk 15 liginde de\u011fil?\u201d ifadelerini kulland\u0131.<br \/>\n\u201cKamu ve \u00f6zel sekt\u00f6r i\u015fbirli\u011fi artmal\u0131\u201d<br \/>\n\u201cBunun temel nedeni kamu ve \u00f6zel sekt\u00f6r\u00fcn daha yak\u0131n bir i\u015f birli\u011fi i\u00e7inde \u00e7al\u0131\u015fmamas\u0131d\u0131r\u201d diyen A\u015fut, son zamanlarda sanayi ile ilgili \u00f6nemli paketler haz\u0131rland\u0131\u011f\u0131n\u0131, ancak bu paketlerin i\u00e7eri\u011finin sanayicilerle i\u015fbirli\u011fi i\u00e7inde haz\u0131rlanmas\u0131 gerekti\u011fini kaydetti. T\u00fcrkiye\u2019nin art\u0131k 80\u2019li y\u0131llar\u0131n T\u00fcrkiye\u2019si olmad\u0131\u011f\u0131n\u0131n alt\u0131n\u0131 \u00e7izen A\u015fut, \u015f\u00f6yle devam etti: \u201c\u00d6zel sekt\u00f6rde d\u00f6n\u00fc\u015f\u00fcm oldu\u011fu gibi, ayn\u0131 d\u00f6n\u00fc\u015f\u00fcm kamuda da b\u00fcrokrat profilinde de olmal\u0131d\u0131r. T\u00fcrkiye sanayisi birinci nesil reformlar\u0131 \u00e7oktan tamamlam\u0131\u015ft\u0131r. Art\u0131k ikinci nesil reformlara ge\u00e7mek zorunday\u0131z. Ancak, bunun yolu bir orkestra gibi \u00e7alan, uyum i\u00e7inde ve i\u015f birli\u011fi ile \u00e7al\u0131\u015fan bir kamu-\u00f6zel sekt\u00f6r vizyonundan ge\u00e7mektedir. \u00d6te yandan, \u00fclke siyaseti de toplumu ayn\u0131 hedeflere kilitlemeyi ba\u015farmal\u0131d\u0131r. Konu\u015fma de\u011fil, icraat zaman\u0131d\u0131r. Konu\u015fmak ve fark\u0131ndal\u0131k yaratmak birinci nesil reformlar\u0131n i\u015fidir ve biz o a\u015famay\u0131 ge\u00e7tik. Art\u0131k bizim inovasyon konu\u015fmay\u0131 b\u0131rak\u0131p inovasyon yapmam\u0131z, ar-ge\u2019yi konu\u015fmay\u0131 b\u0131rak\u0131p ar-ge yapmam\u0131z ve bunu b\u00fct\u00fcnc\u00fcl olarak yapmam\u0131z gerekiyor. \u00d6zel sekt\u00f6r sanayi 4.0\u2019a ge\u00e7menin yollar\u0131n\u0131 ararken ve bunu baz\u0131 sekt\u00f6rlerde ger\u00e7ekle\u015ftirirken, e\u011fitim d\u00fcnyam\u0131z\u0131n, meslek liselerimizin hatta \u00fcniversitelerimizin bunun arkas\u0131nda kalmas\u0131 d\u00fc\u015f\u00fcn\u00fclemez, kamunun h\u0131z\u0131n\u0131n, b\u00fcrokrasinin vizyonun bunun arkas\u0131nda kalmas\u0131 d\u00fc\u015f\u00fcn\u00fclemez. Onun i\u00e7in daha \u00e7ok i\u015f birli\u011fi ortak hedefleri ortaya koymas\u0131 anlam\u0131nda hayatidir. Bunlar olmadan \u00fcreten bir \u00fclke olmak zor. K\u00fcrekleri ayn\u0131 y\u00f6ne \u00e7eken kurumlarla dolu bir \u00fclke, ortak hedefleri olan bir \u00fclke bu vizyonun birinci maddesidir. Kamu olsun, \u00f6zel sekt\u00f6r olsun kurum ve kurulu\u015flar\u0131m\u0131z bir birinin rakibi de\u011fil, payandas\u0131d\u0131r. Biri olmazsa di\u011feri olamaz.\u201d<\/p>\n","protected":false},"excerpt":{"rendered":"<p>Mersin Ticaret ve Sanayi Odas\u0131 (MTSO) Ba\u015fkan\u0131 \u015eerafettin A\u015fut, 1990\u2019l\u0131 y\u0131llarda d\u00fcnyada sanayi \u00fcretiminde ilk 15 \u00fclke aras\u0131na girmeyi ba\u015faran T\u00fcrkiye\u2019nin, 2000\u2019li y\u0131llardan itibaren sanayi liginden d\u00fc\u015ft\u00fc\u011f\u00fcn\u00fc belirterek, \u201cBunun temel &hellip; <a href=\"https:\/\/akdenizolaygazetesi.com\/?p=1361\" class=\"more-link\">Devam\u0131n\u0131 Oku&#8230;<\/a><\/p>\n","protected":false},"author":1,"featured_media":0,"comment_status":"open","ping_status":"open","sticky":false,"template":"","format":"standard","meta":[],"categories":[],"tags":[],"_links":{"self":[{"href":"https:\/\/akdenizolaygazetesi.com\/index.php?rest_route=\/wp\/v2\/posts\/1361"}],"collection":[{"href":"https:\/\/akdenizolaygazetesi.com\/index.php?rest_route=\/wp\/v2\/posts"}],"about":[{"href":"https:\/\/akdenizolaygazetesi.com\/index.php?rest_route=\/wp\/v2\/types\/post"}],"author":[{"embeddable":true,"href":"https:\/\/akdenizolaygazetesi.com\/index.php?rest_route=\/wp\/v2\/users\/1"}],"replies":[{"embeddable":true,"href":"https:\/\/akdenizolaygazetesi.com\/index.php?rest_route=%2Fwp%2Fv2%2Fcomments&post=1361"}],"version-history":[{"count":0,"href":"https:\/\/akdenizolaygazetesi.com\/index.php?rest_route=\/wp\/v2\/posts\/1361\/revisions"}],"wp:attachment":[{"href":"https:\/\/akdenizolaygazetesi.com\/index.php?rest_route=%2Fwp%2Fv2%2Fmedia&parent=1361"}],"wp:term":[{"taxonomy":"category","embeddable":true,"href":"https:\/\/akdenizolaygazetesi.com\/index.php?rest_route=%2Fwp%2Fv2%2Fcategories&post=1361"},{"taxonomy":"post_tag","embeddable":true,"href":"https:\/\/akdenizolaygazetesi.com\/index.php?rest_route=%2Fwp%2Fv2%2Ftags&post=1361"}],"curies":[{"name":"wp","href":"https:\/\/api.w.org\/{rel}","templated":true}]}}