{"id":13619,"date":"2021-08-09T16:41:44","date_gmt":"2021-08-09T13:41:44","guid":{"rendered":"http:\/\/akdenizolaygazetesi.com\/?p=13619"},"modified":"2021-08-09T16:41:44","modified_gmt":"2021-08-09T13:41:44","slug":"her-zaman-spor-kuluplerinin-yaninda-olacagiz","status":"publish","type":"post","link":"https:\/\/akdenizolaygazetesi.com\/?p=13619","title":{"rendered":"\u201cHER ZAMAN SPOR KUL\u00dcPLER\u0130N\u0130N YANINDA OLACA\u011eIZ\u201d"},"content":{"rendered":"<p>Mersin B\u00fcy\u00fck\u015fehir Belediye Ba\u015fkan\u0131 Vahap Se\u00e7er, Adana ve Mersin\u2019den T\u00fcrkiye ve D\u00fcnya muaythai \u015fampiyonu 20 sporcunun kar\u015f\u0131la\u015ft\u0131\u011f\u0131, muaythai antren\u00f6r\u00fc \u00d6zer Yayla\u2019n\u0131n organizat\u00f6rl\u00fc\u011f\u00fcnde \u00d6zgecan Aslan Bar\u0131\u015f Meydan\u0131\u2019nda d\u00fczenlenen \u2018\u015eampiyonlar Gecesi\u2019ne kat\u0131ld\u0131. Sporun bar\u0131\u015f\u0131 temsil etti\u011fini dile getiren Se\u00e7er, \u201cHer zaman sportif faaliyetlerde, k\u00fclt\u00fcrel, sanatsal faaliyetlerde bu \u00e7abay\u0131 g\u00f6steren sivil toplum kurulu\u015flar\u0131n\u0131n, spor kul\u00fcplerinin yan\u0131nda olaca\u011f\u0131z\u201d dedi.<\/p>\n<p>\u201cBu birlikteli\u011fimiz, bu desteklerimiz devam edecek\u201d<\/p>\n<p>Ba\u015fkan Se\u00e7er, sporun birle\u015ftirici g\u00fcc\u00fc oldu\u011funu, gen\u00e7 nesilin her zaman sporla ve sanatla i\u00e7 i\u00e7e olmas\u0131 gerekti\u011fini ifade ederek, s\u00f6zlerine \u015f\u00f6yle devam etti:<\/p>\n<p>\u201cBurada hepimiz bir araday\u0131z. Bu g\u00fczel kentte insanlar\u0131n siyasi g\u00f6r\u00fc\u015f\u00fcnden b\u00f6lgesel farkl\u0131l\u0131\u011f\u0131na kadar her \u015fey bir potada eriyor. Burada bir spor seyircisi olarak centilmence bu m\u00fcsabakalar\u0131 izliyoruz. Burada olmam\u0131z g\u00fczel. Benim de Belediye Ba\u015fkan\u0131n\u0131z olarak sizlerle olmam g\u00fczel. Gen\u00e7lerle olmak \u00e7ok g\u00fczel. Gen\u00e7lerin her zaman sporla, sanatla u\u011fra\u015fmas\u0131, onlar\u0131n yeti\u015fmesi ad\u0131na iyi bir birey olmas\u0131 ad\u0131na, k\u00f6t\u00fc al\u0131\u015fkanl\u0131klardan uzak durmas\u0131 ad\u0131na \u00e7ok de\u011ferli u\u011fra\u015f alanlar\u0131. Her zaman sportif faaliyetlerde, k\u00fclt\u00fcrel, sanatsal faaliyetlerde bu \u00e7abay\u0131 g\u00f6steren sivil toplum kurulu\u015flar\u0131n\u0131n, spor kul\u00fcplerinin yan\u0131nda olaca\u011f\u0131z. Bug\u00fcne kadar olduk, bundan sonra da bu birlikteli\u011fimiz, bu desteklerimiz devam edecek. Ben burada m\u00fccadele edecek olan sporcu evlatlar\u0131m\u0131za ba\u015far\u0131lar diliyorum. Burada kazanan ya da kaybeden olmayacak. Birbirlerine m\u00fcdahale ederken, bir d\u00fc\u015fmana m\u00fcdahale ediyor gibi de\u011fil; bu bir sportif faaliyet, bir sanat. Buna bir teknik geli\u015ftirme olarak bakmak laz\u0131m. Birbirimize sevgi ile bakal\u0131m, sayg\u0131 ile bakal\u0131m. Mersin huzur kenti, karde\u015flik kenti, birlik kenti, beraberlik kenti. Buradan da bu mesaj\u0131 t\u00fcm T\u00fcrkiye\u2019ye, t\u00fcm d\u00fcnyaya da vermek istiyorum.\u201d<\/p>\n<p>Ba\u015fkan Se\u00e7er\u2019e konu\u015fmas\u0131n\u0131n ard\u0131ndan Muaythai Federasyonu kurucular\u0131ndan ve Muaythai Federasyonu EMF Asba\u015fkan\u0131 Hasan Y\u0131ld\u0131z ile Muaythai Federasyonu Teknik Koordinat\u00f6r\u00fc Hakan \u015eahade plaket takdim etti.<\/p>\n","protected":false},"excerpt":{"rendered":"<p>Mersin B\u00fcy\u00fck\u015fehir Belediye Ba\u015fkan\u0131 Vahap Se\u00e7er, Adana ve Mersin\u2019den T\u00fcrkiye ve D\u00fcnya muaythai \u015fampiyonu 20 sporcunun kar\u015f\u0131la\u015ft\u0131\u011f\u0131, muaythai antren\u00f6r\u00fc \u00d6zer Yayla\u2019n\u0131n organizat\u00f6rl\u00fc\u011f\u00fcnde \u00d6zgecan Aslan Bar\u0131\u015f Meydan\u0131\u2019nda d\u00fczenlenen \u2018\u015eampiyonlar Gecesi\u2019ne kat\u0131ld\u0131. &hellip; <a href=\"https:\/\/akdenizolaygazetesi.com\/?p=13619\" class=\"more-link\">Devam\u0131n\u0131 Oku&#8230;<\/a><\/p>\n","protected":false},"author":2,"featured_media":13620,"comment_status":"open","ping_status":"open","sticky":false,"template":"","format":"standard","meta":[],"categories":[3,5,10],"tags":[],"_links":{"self":[{"href":"https:\/\/akdenizolaygazetesi.com\/index.php?rest_route=\/wp\/v2\/posts\/13619"}],"collection":[{"href":"https:\/\/akdenizolaygazetesi.com\/index.php?rest_route=\/wp\/v2\/posts"}],"about":[{"href":"https:\/\/akdenizolaygazetesi.com\/index.php?rest_route=\/wp\/v2\/types\/post"}],"author":[{"embeddable":true,"href":"https:\/\/akdenizolaygazetesi.com\/index.php?rest_route=\/wp\/v2\/users\/2"}],"replies":[{"embeddable":true,"href":"https:\/\/akdenizolaygazetesi.com\/index.php?rest_route=%2Fwp%2Fv2%2Fcomments&post=13619"}],"version-history":[{"count":1,"href":"https:\/\/akdenizolaygazetesi.com\/index.php?rest_route=\/wp\/v2\/posts\/13619\/revisions"}],"predecessor-version":[{"id":13621,"href":"https:\/\/akdenizolaygazetesi.com\/index.php?rest_route=\/wp\/v2\/posts\/13619\/revisions\/13621"}],"wp:featuredmedia":[{"embeddable":true,"href":"https:\/\/akdenizolaygazetesi.com\/index.php?rest_route=\/wp\/v2\/media\/13620"}],"wp:attachment":[{"href":"https:\/\/akdenizolaygazetesi.com\/index.php?rest_route=%2Fwp%2Fv2%2Fmedia&parent=13619"}],"wp:term":[{"taxonomy":"category","embeddable":true,"href":"https:\/\/akdenizolaygazetesi.com\/index.php?rest_route=%2Fwp%2Fv2%2Fcategories&post=13619"},{"taxonomy":"post_tag","embeddable":true,"href":"https:\/\/akdenizolaygazetesi.com\/index.php?rest_route=%2Fwp%2Fv2%2Ftags&post=13619"}],"curies":[{"name":"wp","href":"https:\/\/api.w.org\/{rel}","templated":true}]}}