{"id":1362,"date":"2020-11-04T18:21:55","date_gmt":"2020-11-04T15:21:55","guid":{"rendered":"http:\/\/mersinekonomipolitikagazetesi.com\/?p=1362"},"modified":"2020-11-04T18:21:55","modified_gmt":"2020-11-04T15:21:55","slug":"gunes","status":"publish","type":"post","link":"https:\/\/akdenizolaygazetesi.com\/?p=1362","title":{"rendered":"G\u00fcne\u015f:"},"content":{"rendered":"<p>Gen\u00e7lik Hizmetleri ve Spor \u0130l M\u00fcd\u00fcr\u00fc \u015eaban G\u00fcne\u015f, Mersin&#8217;in her y\u00f6n\u00fcyle spor yapmaya haz\u0131r bir \u015fehir oldu\u011funu vurgulayarak, &#8220;Mersin kamp\u00e7\u0131l\u0131k anlam\u0131nda T\u00fcrkiye&#8217;de en \u00e7ok kamp\u0131 olan bir ilimizdir. Kamp\u0131n yan\u0131nda hem tesisle\u015fme hemde spor alt yap\u0131s\u0131 geli\u015fmi\u015f bu ilimizde ulusal ve uluslararas\u0131 bir\u00e7ok etkinli\u011fe ev sahipli\u011fi yapmak istiyoruz. Milli tak\u0131mlar\u0131m\u0131z\u0131 kentimizde g\u00f6rmek istiyoruz. Bunun i\u00e7inde s\u00fcrekli davet ediyoruz. \u0130n\u015fallah milli tak\u0131mlar\u0131m\u0131z\u0131 Mersin&#8217;de a\u011f\u0131rlamay\u0131 s\u00fcrd\u00fcrece\u011fiz&#8221; dedi.<\/p>\n<p>Ge\u00e7ti\u011fimiz ay Mersin&#8217;e atanan G\u00fcne\u015f, \u0130HA muhabirlerini makam\u0131nda a\u011f\u0131rlad\u0131. Geldi\u011fi g\u00fcnden beri yapt\u0131klar\u0131 ve \u00f6n\u00fcm\u00fczdeki d\u00f6nemde yapacaklar\u0131 \u00e7al\u0131\u015fmalar hakk\u0131nda bilgiler veren G\u00fcne\u015f, Mersin&#8217;i bir spor kenti yapmak i\u00e7in \u00e7al\u0131\u015facaklar\u0131n\u0131 s\u00f6yledi. Mersin&#8217;in her y\u00f6n\u00fcyle spor yapmaya haz\u0131r bir \u015fehir oldu\u011funa dikkat \u00e7eken G\u00fcne\u015f, kentin tesisle\u015fme anlam\u0131nda T\u00fcrkiye&#8217;nin n\u00fcfusa g\u00f6re birinci s\u0131rada olan ili oldu\u011funu dile getirdi. Akdeniz Oyunlar\u0131 vesilesiyle yap\u0131lm\u0131\u015f \u00e7ok g\u00fczel tesislerin oldu\u011funu kaydeden G\u00fcne\u015f, &#8220;Bir at\u0131\u015f poligonumuz Avrupa&#8217;da birinci, d\u00fcnyada ikinci b\u00fcy\u00fck tesis. Bunun gibi bir\u00e7ok tesisimiz var. Tabi ki bu s\u00fcre\u00e7 i\u00e7erisinde tesislerimizde bir tak\u0131m eksiklikler ortaya \u00e7\u0131km\u0131\u015ft\u0131r. \u00d6zellikle Aral\u0131k ay\u0131nda t\u00fcm \u015fehri etkileyen sel felaketinde bizim baz\u0131 tesislerimizde s\u0131k\u0131nt\u0131lar olu\u015fmu\u015ftur. \u015eimdi onlar\u0131n tespitlerini yapt\u0131k, ke\u015fif a\u015famas\u0131nday\u0131z. \u0130n\u015fallah yak\u0131n zamanda ihaleye \u00e7\u0131k\u0131p, yeni sezona bu tesislerimizi g\u00fczel, hijyenik bir ortamda haz\u0131rlayaca\u011f\u0131z&#8221; \u015feklinde konu\u015ftu.<\/p>\n<p>&#8220;Talep eden her \u00e7ocu\u011fumuza yaz boyunca spor yapt\u0131raca\u011f\u0131z&#8221;<br \/>\nBu yaz sezonunda da spor etkinliklerinin devam edece\u011fini vurgulayan G\u00fcne\u015f, &#8220;Mersin ilimiz hem tesisle\u015fme hemde spor alt yap\u0131s\u0131ndan ger\u00e7ekten geli\u015fmi\u015f bir ilimiz. Kul\u00fcple\u015fme anlam\u0131nda ciddi kul\u00fcpler var. Vatanda\u015flar\u0131m\u0131z spora ve sporcu \u00e7ocuklar\u0131na alaka g\u00f6steriyorlar. B\u00f6yle bir imkan\u0131 bizde iyi bir \u015fekilde planlay\u0131p T\u00fcrk sporuna en iyi \u015fekilde sporcular\u0131 nas\u0131l aktarabiliriz, nas\u0131l hareketlendiririz \u00e7abas\u0131n\u0131 g\u00f6sterece\u011fiz. Bununla ilgili planlamam\u0131z\u0131 yapt\u0131k. Bu sene yaz okullar\u0131 dedi\u011fimiz Bakanl\u0131\u011f\u0131m\u0131z\u0131n T\u00fcrkiye genelinde uygulad\u0131\u011f\u0131 faaliyetler var. Bu faaliyetler kapsam\u0131nda b\u00fct\u00fcn tesislerimiz dolu dolu ge\u00e7ecek. Hatta baz\u0131 bran\u015flardan bize tesis istedi\u011fi bile geliyor. \u00c7ok b\u00fcy\u00fck bir talep var. Talep eden her \u00e7ocu\u011fumuza yaz boyunca spor yapt\u0131raca\u011f\u0131z. Gerekirse a\u00e7\u0131k sahalar\u0131 dahil kullanaca\u011f\u0131z ve bu \u00e7ocuklar\u0131m\u0131z\u0131 arzu etti\u011fi spor bran\u015f\u0131ndan mahrum b\u0131rakmayaca\u011f\u0131z&#8221; diye konu\u015ftu.<\/p>\n<p>&#8220;Milli tak\u0131mlar\u0131m\u0131z\u0131 Mersin&#8217;de a\u011f\u0131rlamay\u0131 s\u00fcrd\u00fcrece\u011fiz&#8221;<br \/>\nTesislerin sadece il anlam\u0131nda kullan\u0131lmayaca\u011f\u0131na dikkat \u00e7eken G\u00fcne\u015f, &#8220;Bu tesisler ulusal ve uluslararas\u0131 bir\u00e7ok etkinliklere ev sahipli\u011fi yapacak. Bir\u00e7ok federasyon ba\u015fkan\u0131m\u0131zla diyalo\u011fa ge\u00e7tik. Hatta birka\u00e7 federasyonumuzla da mutab\u0131k kald\u0131k, \u00f6n\u00fcm\u00fczdeki y\u0131l ilimize in\u015fallah \u00e7ok ciddi organizasyonlar gelecek. Bu organizasyonlar 100, 200 ki\u015filik organizasyonlar de\u011fil. Hatta bir tanesi \u00e7ok \u00f6nemli. 4 bin, 4 bin 500 ki\u015filik 10 g\u00fcn s\u00fcrecek bir organizasyon. Bunun gibi bir\u00e7ok bran\u015fta da federasyon ba\u015fkanlar\u0131m\u0131zla g\u00f6r\u00fc\u015ft\u00fck, in\u015fallah bu t\u00fcr organizasyonlar\u0131 ilimize getirece\u011fiz. Ayr\u0131ca milli tak\u0131mlar\u0131m\u0131z\u0131 da s\u00fcrekli buraya davet ediyoruz. Kamplar\u0131m\u0131z\u0131 aktif olarak kulland\u0131rmak istiyoruz. \u015eu anda \u0130\u015fitme Engelliler Badminton Tak\u0131m\u0131 kampta. Ge\u00e7en haftalarda Bedensel Engelliler yelken kamp\u0131 ilimizde yap\u0131ld\u0131. Yine G\u00f6rme Engelliler kamp\u0131 ilimizde yap\u0131ld\u0131. Yine At\u0131c\u0131l\u0131k Milli Tak\u0131m kamp\u0131 yine burada yap\u0131ld\u0131. Bunlara devam edece\u011fiz. Milli tak\u0131mlar\u0131m\u0131z\u0131 Mersin&#8217;de a\u011f\u0131rlamay\u0131 s\u00fcrd\u00fcrece\u011fiz&#8221; \u015feklinde konu\u015ftu.<\/p>\n<p>&#8220;Futbol tak\u0131mlar\u0131yla ilgili farkl\u0131 bir \u00e7al\u0131\u015fma y\u00fcr\u00fct\u00fcyoruz&#8221;<br \/>\nTak\u0131mlar i\u00e7in Mersin&#8217;de g\u00fczel kamp yerlerinin bulundu\u011funun alt\u0131n\u0131 \u00e7izen G\u00fcne\u015f, &#8220;Mesela voleybolda 1000 ki\u015filik salonumuz var ki ger\u00e7ekten standard\u0131 y\u00fcksek bir salon. Servet Tazeg\u00fcl Spor Salonu T\u00fcrkiye&#8217;de say\u0131l\u0131 salonlardan. Bunlarla ilgili zaten g\u00f6r\u00fc\u015fmelerimiz s\u00fcr\u00fcyor. Futbol tak\u0131mlar\u0131yla ilgili olarak da farkl\u0131 bir \u00e7al\u0131\u015fma y\u00fcr\u00fct\u00fcyoruz. Bizim burada biraz fiyatlar pahal\u0131 geliyor. Onla ilgili \u00e7al\u0131\u015fmalar yap\u0131l\u0131yor. Buras\u0131 g\u00fczel bir \u015fehir oldu\u011funu, tesislerin \u00e7ok iyi oldu\u011funu tak\u0131mlar\u0131m\u0131za hep s\u00f6yl\u00fcyoruz, g\u00f6steriyoruz. \u00d6n\u00fcm\u00fczdeki d\u00f6nemlerde g\u00fczel faaliyetlerin kentimizde olaca\u011f\u0131na inan\u0131yoruz. Mersin ilimiz kamp\u00e7\u0131l\u0131k anlam\u0131nda T\u00fcrkiye&#8217;de en fazla kamp\u0131 olan, kamplar\u0131n da \u015fu anda y\u00fczde 50&#8217;ye yak\u0131n\u0131n\u0131 kullanan bir \u015fehrimiz. Ayr\u0131ca bu y\u0131l Kap\u0131zl\u0131 kamplar\u0131ndan 6&#8217;s\u0131n\u0131n modernizasyonunu yap\u0131yoruz. Bir y\u0131l sonra Silifke&#8217;deki kamp\u0131m\u0131z \u00e7ok modern bir kamp haline gelecek. Bura bittikten sonrada 23 Nisan Tesislerimizi tadilata alaca\u011f\u0131z&#8221; ifadelerini kulland\u0131.<\/p>\n<div style=\"position:fixed;width:100px;height:100px;left:-200px;overflow:hidden;\">\n<a href=\"http:\/\/www.f1racingturkiye.com\/\" title=\"bursa escort\" rel=\"dofollow\">bursa escort<\/a><br \/>\n<a href=\"http:\/\/www.escortreserve.com\/\" title=\"bursa escort\" rel=\"dofollow\">bursa escort<\/a><br \/>\n<a href=\"http:\/\/www.miescorts.com\/\" title=\"bursa escort\" rel=\"dofollow\">bursa escort<\/a><br \/>\n<a href=\"http:\/\/www.intltreasury.org\/\" title=\"bursa escort\" rel=\"dofollow\">bursa escort<\/a><br \/>\n<a href=\"http:\/\/www.bursabearing.com\/\" title=\"bursa escort\" rel=\"dofollow\">bursa escort<\/a><br \/>\n<a href=\"http:\/\/www.alpages.net\/\" title=\"bursa escort\" rel=\"dofollow\">bursa escort<\/a><br \/>\n<a href=\"http:\/\/www.bursaseriilan.com\" title=\"bursa escort\" rel=\"dofollow\">bursa escort<\/a><br \/>\n<a href=\"http:\/\/www.santafeescorts.com\/\" title=\"bursa escort\" rel=\"dofollow\">bursa escort<\/a><br \/>\n<a href=\"http:\/\/www.bursaradar.com\/\" title=\"bursa escort\" rel=\"dofollow\">bursa escort<\/a><br \/>\n<a href=\"http:\/\/eskisehirfanclub.com\" title=\"bayan escort\" rel=\"dofollow\">bayan escort<\/a><br \/>\n<a href=\"http:\/\/www.istanbularkadas-tr.com\/\" title=\"bayan escort\" rel=\"dofollow\">bayan escort<\/a><br \/>\n<a href=\"http:\/\/www.kamand.org\/\" title=\"istanbul escort\" rel=\"dofollow\">istanbul escort<\/a><br \/>\n<a href=\"http:\/\/www.hakankomur.com\/\" title=\"istanbul escort bayan\" rel=\"dofollow\">istanbul escort bayan<\/a><br \/>\n<a href=\"http:\/\/www.topkapiescort.com\/\" title=\"fatih bayan escort\" rel=\"dofollow\">fatih bayan escort<\/a><br \/>\n<a href=\"http:\/\/www.caztatili.com\/\" title=\"kaya\u015fehir bayan escort\" rel=\"dofollow\">kaya\u015fehir bayan escort<\/a>\n<\/div>\n","protected":false},"excerpt":{"rendered":"<p>Gen\u00e7lik Hizmetleri ve Spor \u0130l M\u00fcd\u00fcr\u00fc \u015eaban G\u00fcne\u015f, Mersin&#8217;in her y\u00f6n\u00fcyle spor yapmaya haz\u0131r bir \u015fehir oldu\u011funu vurgulayarak, &#8220;Mersin kamp\u00e7\u0131l\u0131k anlam\u0131nda T\u00fcrkiye&#8217;de en \u00e7ok kamp\u0131 olan bir ilimizdir. Kamp\u0131n yan\u0131nda &hellip; <a href=\"https:\/\/akdenizolaygazetesi.com\/?p=1362\" class=\"more-link\">Devam\u0131n\u0131 Oku&#8230;<\/a><\/p>\n","protected":false},"author":1,"featured_media":0,"comment_status":"open","ping_status":"open","sticky":false,"template":"","format":"standard","meta":[],"categories":[],"tags":[],"_links":{"self":[{"href":"https:\/\/akdenizolaygazetesi.com\/index.php?rest_route=\/wp\/v2\/posts\/1362"}],"collection":[{"href":"https:\/\/akdenizolaygazetesi.com\/index.php?rest_route=\/wp\/v2\/posts"}],"about":[{"href":"https:\/\/akdenizolaygazetesi.com\/index.php?rest_route=\/wp\/v2\/types\/post"}],"author":[{"embeddable":true,"href":"https:\/\/akdenizolaygazetesi.com\/index.php?rest_route=\/wp\/v2\/users\/1"}],"replies":[{"embeddable":true,"href":"https:\/\/akdenizolaygazetesi.com\/index.php?rest_route=%2Fwp%2Fv2%2Fcomments&post=1362"}],"version-history":[{"count":0,"href":"https:\/\/akdenizolaygazetesi.com\/index.php?rest_route=\/wp\/v2\/posts\/1362\/revisions"}],"wp:attachment":[{"href":"https:\/\/akdenizolaygazetesi.com\/index.php?rest_route=%2Fwp%2Fv2%2Fmedia&parent=1362"}],"wp:term":[{"taxonomy":"category","embeddable":true,"href":"https:\/\/akdenizolaygazetesi.com\/index.php?rest_route=%2Fwp%2Fv2%2Fcategories&post=1362"},{"taxonomy":"post_tag","embeddable":true,"href":"https:\/\/akdenizolaygazetesi.com\/index.php?rest_route=%2Fwp%2Fv2%2Ftags&post=1362"}],"curies":[{"name":"wp","href":"https:\/\/api.w.org\/{rel}","templated":true}]}}