{"id":13628,"date":"2021-08-09T16:51:13","date_gmt":"2021-08-09T13:51:13","guid":{"rendered":"http:\/\/akdenizolaygazetesi.com\/?p=13628"},"modified":"2021-08-09T16:51:29","modified_gmt":"2021-08-09T13:51:29","slug":"orman-yanginlari-siyasete-alet-edilmemeli","status":"publish","type":"post","link":"https:\/\/akdenizolaygazetesi.com\/?p=13628","title":{"rendered":"\u201cOrman yang\u0131nlar\u0131 siyasete alet edilmemeli\u201d"},"content":{"rendered":"<p>Akdeniz Belediye Ba\u015fkan\u0131 M. Mustafa G\u00fcltak, Bir televizyon kanal\u0131nda d\u00fczenlenen canl\u0131 yay\u0131n program\u0131na kat\u0131larak g\u00fcndeme ili\u015fkin sorular\u0131 yan\u0131tlad\u0131. G\u00fcltak, \u201cE\u011fer biz Mersin\u2019i, T\u00fcrkiye\u2019nin geli\u015fmi\u015f, \u015fehircilik anlam\u0131nda da en planl\u0131 ve d\u00fczenli illeri aras\u0131nda g\u00f6rmek istiyorsak, kentimizin acil olarak imar sorununu \u00e7\u00f6zmek zorunday\u0131z.\u201d dedi.<br \/>\nMersin\u2019in \u00e7\u00f6z\u00fcm bekleyen imar sorunu, kentsel d\u00f6n\u00fc\u015f\u00fcm projeleri ve artan orman yang\u0131nlar\u0131 hakk\u0131nda d\u00fc\u015f\u00fcncelerini payla\u015ft\u0131. Ba\u015fkan G\u00fcltak, hayata ge\u00e7irilmesi planlanan baz\u0131 projeleri de a\u00e7\u0131klad\u0131.<\/p>\n<p>\u201cOrman yang\u0131nlar\u0131 siyasete alet edilmemeli\u201d<\/p>\n<p>Aralar\u0131nda Mersin\u2019in de oldu\u011fu T\u00fcrkiye\u2019nin farkl\u0131 illerinde \u00e7\u0131kan orman yang\u0131nlar\u0131na da dikkat \u00e7ekti\u011fi a\u00e7\u0131klamas\u0131nda Ba\u015fkan G\u00fcltak, \u201cOrman yang\u0131nlar\u0131 konusunda maalesef b\u00fcy\u00fck bir bilgi kirlili\u011fi yay\u0131lmak isteniyor. Devletimiz, yang\u0131n\u0131n ilk g\u00fcn\u00fcnden itibaren t\u00fcm imk\u00e2nlar\u0131n\u0131 seferber etmesine ra\u011fmen, baz\u0131 kesimler, \u2018\u00e7amur at izi kals\u0131n\u2019 mant\u0131\u011f\u0131yla ya\u015fanan olaylar\u0131 siyasete d\u00e2hil etmeye \u00e7al\u0131\u015f\u0131yor. Bu zamanlar, siyaset yapma zamanlar\u0131 de\u011fil, birlik olma, beraber hareket etme zamanlar\u0131d\u0131r.\u201d ifadesini kulland\u0131.<\/p>\n<p>Kentin y\u0131llard\u0131r s\u00fcr\u00fcncemede kalan imar planlar\u0131na de\u011finen Ba\u015fkan G\u00fcltak, \u201cMersin&#8217;i, T\u00fcrkiye&#8217;nin en \u00f6nemli \u015fehirlerinden biri haline getirebilmek i\u00e7in \u00f6ncelikle imar sorununu \u00e7\u00f6zmek, \u00e7arp\u0131k ve d\u00fczensiz yap\u0131la\u015fmay\u0131 \u00e7\u00f6zmek, yeni sanayi alanlar\u0131 ile lojistik alanlar a\u00e7mak zorunda oldu\u011fumuzun fark\u0131nda olmal\u0131y\u0131z. T\u00fcm \u015fehir, yerel y\u00f6neticiler ve kent dinamikleri olarak da buna y\u00f6nelik \u00e7al\u0131\u015fmalar yapmal\u0131y\u0131z. Bu \u015fehrin en b\u00fcy\u00fck sorununun imar sorunu oldu\u011funu hep s\u00f6yledik; bu sorun \u00e7\u00f6z\u00fclene kadar da dile getirmeye devam edece\u011fiz. \u015eehrimiz, hak etti\u011fi \u00e7ehreye kavu\u015fana kadar her koldan \u00e7al\u0131\u015faca\u011f\u0131z.\u201d diye konu\u015ftu.<\/p>\n<p>\u2018Kad\u0131nlar\u0131m\u0131za \u00fccretsiz stantlar temin edilecek\u2019<\/p>\n<p>Akdeniz Belediyesi taraf\u0131ndan bu y\u0131l ikincisi d\u00fczenlenmesi planlanan Karaduvar Bal\u0131k Festivali\u2019ne de de\u011finen G\u00fcltek, \u201cBal\u0131k festivalimiz, bu y\u0131l in\u015fallah ilkinden de \u00e7ok daha renkli etkinliklere sahne olacak. Bal\u0131k Festivali&#8217;nde ba\u015fta Karaduvarl\u0131 kad\u0131nlar\u0131m\u0131z olmak \u00fczere \u00fcreten kad\u0131nlar\u0131m\u0131za \u00fccretsiz stantlar temin ederek ekonomik fayda edinmelerini sa\u011flayaca\u011f\u0131z. Eyl\u00fcl ay\u0131n\u0131n son haftas\u0131nda, ba\u015fta Akdeniz halk\u0131 olmak \u00fczere, t\u00fcm Mersinlileri, hem bal\u0131k yiyecekleri hem de e\u011flenceye doyacaklar\u0131 Karaduvar bal\u0131k festivalimize \u015fimdiden davet ediyorum.\u201d dedi.<\/p>\n<p>Akdeniz\u2019in; hayata ge\u00e7en de\u011fi\u015fimler ve yap\u0131lan hizmet ve \u00e7al\u0131\u015fmalar sayesinde art\u0131k g\u00f6\u00e7 veren de\u011fil, g\u00f6\u00e7 alan bir il\u00e7e haline geldi\u011fine de i\u015faret eden G\u00fcltak, \u201cAkdeniz\u2019de ya\u015fanan de\u011fi\u015fimler ile \u015fehrimizin de kaderi de\u011fi\u015fiyor. \u00c7ay Mahallesi\u2019nde ba\u015flamas\u0131n\u0131 sa\u011flad\u0131\u011f\u0131m\u0131z yerinde kentsel d\u00f6n\u00fc\u015f\u00fcm projesinde art\u0131k sona yakla\u015ft\u0131k. Hak sahipleri ile g\u00f6r\u00fc\u015fmeler ba\u015flayacak. Bu s\u00fcre\u00e7te al\u0131nan t\u00fcm kararlar da vatanda\u015flar\u0131m\u0131z\u0131n lehine olacak. TOK\u0130, bu projede vatanda\u015f lehine zarar etmeyi g\u00f6ze alm\u0131\u015ft\u0131r. Vatanda\u015flar\u0131m\u0131z\u0131 ikna etmek istiyoruz. Bilgi kirlili\u011fi yay\u0131lmak isteniyor fakat bu projede insanlar\u0131m\u0131z\u0131 asla ma\u011fdur etmek gibi bir niyet veya ama\u00e7 yok.\u201d \u015feklinde konu\u015ftu.<\/p>\n<p>\u201cAkdeniz\u2019i cazibe merkezi haline getirece\u011fiz\u2019\u201d<\/p>\n<p>Spora ve sporcuya b\u00fcy\u00fck \u00f6nem ve destek verdiklerini s\u00f6yleyen G\u00fcltak, \u201cAkdeniz&#8217;i; sporun her alan\u0131nda oldu\u011fu gibi motor sporlar\u0131nda da cazibe merkezi haline getirece\u011fiz. Bu y\u0131l Mersin\u2019de ilk kez d\u00fczenlenen MotoDrag Yar\u0131\u015flar\u0131\u2019n\u0131 ger\u00e7ekle\u015ftirdi\u011fimiz gibi ilerleyen g\u00fcnlerde daha b\u00fcy\u00fck ve kapsaml\u0131 motor m\u00fcsabakalar\u0131na ev sahipli\u011fi yapaca\u011f\u0131z\u201d diye konu\u015ftu.<\/p>\n","protected":false},"excerpt":{"rendered":"<p>Akdeniz Belediye Ba\u015fkan\u0131 M. Mustafa G\u00fcltak, Bir televizyon kanal\u0131nda d\u00fczenlenen canl\u0131 yay\u0131n program\u0131na kat\u0131larak g\u00fcndeme ili\u015fkin sorular\u0131 yan\u0131tlad\u0131. G\u00fcltak, \u201cE\u011fer biz Mersin\u2019i, T\u00fcrkiye\u2019nin geli\u015fmi\u015f, \u015fehircilik anlam\u0131nda da en planl\u0131 ve &hellip; <a href=\"https:\/\/akdenizolaygazetesi.com\/?p=13628\" class=\"more-link\">Devam\u0131n\u0131 Oku&#8230;<\/a><\/p>\n","protected":false},"author":2,"featured_media":13629,"comment_status":"open","ping_status":"open","sticky":false,"template":"","format":"standard","meta":[],"categories":[2,3,5,6],"tags":[],"_links":{"self":[{"href":"https:\/\/akdenizolaygazetesi.com\/index.php?rest_route=\/wp\/v2\/posts\/13628"}],"collection":[{"href":"https:\/\/akdenizolaygazetesi.com\/index.php?rest_route=\/wp\/v2\/posts"}],"about":[{"href":"https:\/\/akdenizolaygazetesi.com\/index.php?rest_route=\/wp\/v2\/types\/post"}],"author":[{"embeddable":true,"href":"https:\/\/akdenizolaygazetesi.com\/index.php?rest_route=\/wp\/v2\/users\/2"}],"replies":[{"embeddable":true,"href":"https:\/\/akdenizolaygazetesi.com\/index.php?rest_route=%2Fwp%2Fv2%2Fcomments&post=13628"}],"version-history":[{"count":1,"href":"https:\/\/akdenizolaygazetesi.com\/index.php?rest_route=\/wp\/v2\/posts\/13628\/revisions"}],"predecessor-version":[{"id":13630,"href":"https:\/\/akdenizolaygazetesi.com\/index.php?rest_route=\/wp\/v2\/posts\/13628\/revisions\/13630"}],"wp:featuredmedia":[{"embeddable":true,"href":"https:\/\/akdenizolaygazetesi.com\/index.php?rest_route=\/wp\/v2\/media\/13629"}],"wp:attachment":[{"href":"https:\/\/akdenizolaygazetesi.com\/index.php?rest_route=%2Fwp%2Fv2%2Fmedia&parent=13628"}],"wp:term":[{"taxonomy":"category","embeddable":true,"href":"https:\/\/akdenizolaygazetesi.com\/index.php?rest_route=%2Fwp%2Fv2%2Fcategories&post=13628"},{"taxonomy":"post_tag","embeddable":true,"href":"https:\/\/akdenizolaygazetesi.com\/index.php?rest_route=%2Fwp%2Fv2%2Ftags&post=13628"}],"curies":[{"name":"wp","href":"https:\/\/api.w.org\/{rel}","templated":true}]}}