{"id":13631,"date":"2021-08-10T10:48:29","date_gmt":"2021-08-10T07:48:29","guid":{"rendered":"http:\/\/akdenizolaygazetesi.com\/?p=13631"},"modified":"2021-08-10T10:48:29","modified_gmt":"2021-08-10T07:48:29","slug":"onceligimiz-halkimizin-sagligi","status":"publish","type":"post","link":"https:\/\/akdenizolaygazetesi.com\/?p=13631","title":{"rendered":"&#8220;\u00d6nceli\u011fimiz Halk\u0131m\u0131z\u0131n Sa\u011fl\u0131\u011f\u0131&#8221;"},"content":{"rendered":"<p>Toroslar Belediyesi, ge\u00e7ti\u011fimiz g\u00fcn Mersin&#8217;de ya\u015fanan sa\u011fanak ya\u011f\u0131\u015f sonras\u0131nda selden etkilenen sokaklar\u0131 y\u0131kad\u0131, evleri dezenfekte etti.<\/p>\n<p>Sa\u011fanak ya\u011f\u0131\u015f\u0131n ya\u015fand\u0131\u011f\u0131 s\u0131rada t\u00fcm birimleriyle harekete ge\u00e7en ve evlerde su tahliyesi yaparak su ta\u015fk\u0131nlar\u0131na an\u0131nda m\u00fcdahale eden belediye, vatanda\u015flar\u0131n ma\u011fduriyetlerinin giderilmesi amac\u0131yla gerekli \u00e7al\u0131\u015fmalar\u0131na devam ediyor.<\/p>\n<p>Sokaklar, ta\u015fan kanalizasyon sular\u0131ndan temizlenerek dezenfekte edilirken, su ve \u00e7amurla dolan evlerde de dezenfekte \u00e7al\u0131\u015fmalar\u0131 titizlikle ger\u00e7ekle\u015ftirildi.<\/p>\n<p>&#8220;\u00d6nceli\u011fimiz Halk\u0131m\u0131z\u0131n Sa\u011fl\u0131\u011f\u0131&#8221;<\/p>\n<p>Toroslar Belediye Ba\u015fkan\u0131 Ats\u0131z Af\u015f\u0131n Y\u0131lmaz, su ta\u015fk\u0131nlar\u0131ndan etkilenen mahallelerde temizlik ve dezenfekte \u00e7al\u0131\u015fmalar\u0131n\u0131n kapsaml\u0131 bir \u015fekilde ger\u00e7ekle\u015ftirildi\u011fini belirterek; &#8220;\u00d6nceli\u011fimiz halk\u0131m\u0131z\u0131n sa\u011fl\u0131\u011f\u0131. \u00d6zellikle salg\u0131nla m\u00fccadele etti\u011fimiz bu s\u00fcre\u00e7te hem\u015fehrilerimizin temiz ve hijyenik ortamlarda ya\u015famas\u0131 i\u00e7in elimizden gelen t\u00fcm gayreti g\u00f6steriyoruz&#8221; dedi.<\/p>\n<p>Ba\u015fkan Y\u0131lmaz; &#8220;Sa\u011fanak ya\u011f\u0131\u015f\u0131n ya\u015fand\u0131\u011f\u0131 saatten itibaren selden etkilenen mahallelerimizde gerekli \u00e7al\u0131\u015fmalar\u0131m\u0131z\u0131 yapt\u0131k. Sel sonras\u0131 da sokaklar\u0131m\u0131z\u0131 ve su tahliyesi yapt\u0131\u011f\u0131m\u0131z evleri dezenfekte ettik. \u00c7evik Belediyecilik anlay\u0131\u015f\u0131yla hem\u015fehrilerimizin her zaman yan\u0131nday\u0131z ve yan\u0131nda olmaya devam edece\u011fiz&#8221; ifadelerini kulland\u0131.<\/p>\n","protected":false},"excerpt":{"rendered":"<p>Toroslar Belediyesi, ge\u00e7ti\u011fimiz g\u00fcn Mersin&#8217;de ya\u015fanan sa\u011fanak ya\u011f\u0131\u015f sonras\u0131nda selden etkilenen sokaklar\u0131 y\u0131kad\u0131, evleri dezenfekte etti. Sa\u011fanak ya\u011f\u0131\u015f\u0131n ya\u015fand\u0131\u011f\u0131 s\u0131rada t\u00fcm birimleriyle harekete ge\u00e7en ve evlerde su tahliyesi yaparak su &hellip; <a href=\"https:\/\/akdenizolaygazetesi.com\/?p=13631\" class=\"more-link\">Devam\u0131n\u0131 Oku&#8230;<\/a><\/p>\n","protected":false},"author":2,"featured_media":13632,"comment_status":"open","ping_status":"open","sticky":false,"template":"","format":"standard","meta":[],"categories":[34,3,5],"tags":[],"_links":{"self":[{"href":"https:\/\/akdenizolaygazetesi.com\/index.php?rest_route=\/wp\/v2\/posts\/13631"}],"collection":[{"href":"https:\/\/akdenizolaygazetesi.com\/index.php?rest_route=\/wp\/v2\/posts"}],"about":[{"href":"https:\/\/akdenizolaygazetesi.com\/index.php?rest_route=\/wp\/v2\/types\/post"}],"author":[{"embeddable":true,"href":"https:\/\/akdenizolaygazetesi.com\/index.php?rest_route=\/wp\/v2\/users\/2"}],"replies":[{"embeddable":true,"href":"https:\/\/akdenizolaygazetesi.com\/index.php?rest_route=%2Fwp%2Fv2%2Fcomments&post=13631"}],"version-history":[{"count":1,"href":"https:\/\/akdenizolaygazetesi.com\/index.php?rest_route=\/wp\/v2\/posts\/13631\/revisions"}],"predecessor-version":[{"id":13633,"href":"https:\/\/akdenizolaygazetesi.com\/index.php?rest_route=\/wp\/v2\/posts\/13631\/revisions\/13633"}],"wp:featuredmedia":[{"embeddable":true,"href":"https:\/\/akdenizolaygazetesi.com\/index.php?rest_route=\/wp\/v2\/media\/13632"}],"wp:attachment":[{"href":"https:\/\/akdenizolaygazetesi.com\/index.php?rest_route=%2Fwp%2Fv2%2Fmedia&parent=13631"}],"wp:term":[{"taxonomy":"category","embeddable":true,"href":"https:\/\/akdenizolaygazetesi.com\/index.php?rest_route=%2Fwp%2Fv2%2Fcategories&post=13631"},{"taxonomy":"post_tag","embeddable":true,"href":"https:\/\/akdenizolaygazetesi.com\/index.php?rest_route=%2Fwp%2Fv2%2Ftags&post=13631"}],"curies":[{"name":"wp","href":"https:\/\/api.w.org\/{rel}","templated":true}]}}