{"id":13634,"date":"2021-08-10T10:51:37","date_gmt":"2021-08-10T07:51:37","guid":{"rendered":"http:\/\/akdenizolaygazetesi.com\/?p=13634"},"modified":"2021-08-10T10:51:37","modified_gmt":"2021-08-10T07:51:37","slug":"yildirim-akdenizde-cok-ciddi-sportif-yatirimlar-yapildi","status":"publish","type":"post","link":"https:\/\/akdenizolaygazetesi.com\/?p=13634","title":{"rendered":"Y\u0131ld\u0131r\u0131m; &#8220;Akdeniz&#8217;de \u00e7ok ciddi sportif yat\u0131r\u0131mlar yap\u0131ld\u0131&#8221;"},"content":{"rendered":"<p>Akdeniz Belediyesi K\u00fclt\u00fcr ve Sosyal \u0130\u015fler M\u00fcd\u00fcrl\u00fc\u011f\u00fc b\u00fcnyesindeki Yaz Futbol Okulu\u2019nda; 4 antren\u00f6r g\u00f6zetiminde, haftan\u0131n 6 g\u00fcn\u00fc gelece\u011fin sporcusu olmaya aday 257 \u00e7ocu\u011fa \u00fccretsiz futbol e\u011fitimi veriliyor.<br \/>\nAkdeniz Belediyesi Yaz Futbol Okulu, Seyfi Ali T\u00fcrko\u011flu-\u015eafak Erdur Futbol Sahas\u0131\u2019nda \u00e7al\u0131\u015fmalar\u0131n\u0131 aral\u0131ks\u0131z s\u00fcrd\u00fcr\u00fcyor. 6-13 ya\u015f grubundaki 257 \u00e7ocu\u011fa, futbol antren\u00f6rleri Orhan H\u00fcseyino\u011flu, \u00dcmit Y\u0131ld\u0131r\u0131m, \u0130sa Aky\u00fcrek ve \u0130zzet K\u0131zg\u0131n e\u015fli\u011finde verilen e\u011fitimlerle \u00e7ocuklar\u0131n profesyonel anlamda spora y\u00f6nlendirilmeleri ve k\u00f6t\u00fc al\u0131\u015fkanl\u0131klardan uzak durmalar\u0131 ama\u00e7lan\u0131yor.<br \/>\nY\u0131ld\u0131r\u0131m; &#8220;Akdeniz&#8217;de \u00e7ok ciddi sportif yat\u0131r\u0131mlar yap\u0131ld\u0131&#8221;<br \/>\nAkdeniz\u2019de yap\u0131lan spor tesisi yat\u0131r\u0131mlar\u0131n\u0131n \u00f6nemine vurgu yapan antren\u00f6r \u00dcmit Y\u0131ld\u0131r\u0131m, \u201cAkdeniz\u2019de \u00e7ok ciddi sportif yat\u0131r\u0131mlar yap\u0131ld\u0131. Bizlerin \u00e7abas\u0131 kadar buradaki \u00e7ocuklar\u0131n gelece\u011fi i\u00e7in b\u00f6ylesi \u00f6nemli yat\u0131r\u0131mlara imza atarak desteklerini esirgemeyen Say\u0131n Ba\u015fkan\u0131m\u0131z Mustafa G\u00fcltak\u2019\u0131n da emeklerini g\u00f6z ard\u0131 etmek m\u00fcmk\u00fcn de\u011fildir. Bundan dolay\u0131 t\u00fcm antren\u00f6r arkada\u015flar\u0131m ad\u0131na da \u00e7ok te\u015fekk\u00fcr ediyorum. Amac\u0131m\u0131z, \u00fclke futboluna yetenekli sporcular kazand\u0131rman\u0131n ve iyi futbol e\u011fitimi vermenin yan\u0131 s\u0131ra \u00fclkemize iyi ahlakl\u0131, sayg\u0131l\u0131 bireyler de yeti\u015ftirmek. Bu a\u00e7\u0131dan bizler gerekli kararl\u0131l\u0131\u011f\u0131 ve hassasiyeti g\u00f6stermeyi s\u00fcrd\u00fcrece\u011fiz\u201d diye konu\u015ftu.<br \/>\nBa\u015fkan G\u00fcltak; &#8220;Spor tesisleri a\u00e7\u0131s\u0131ndan en fakir il\u00e7elerden biriydik&#8221;<br \/>\nAkdeniz\u2019in; g\u00f6reve geldiklerinde spor tesisleri a\u00e7\u0131s\u0131ndan en fakir il\u00e7elerden biri olduklar\u0131na dikkat \u00e7eken Akdeniz Belediye Ba\u015fkan\u0131 Mustafa G\u00fcltak ise, Bakanl\u0131klar ve Spor Toto Te\u015fkilat\u0131 ile yap\u0131lan anla\u015fmalar neticesinde 2 y\u0131lda 30 milyon TL\u2019yi a\u015fan sportif yat\u0131r\u0131mlar sayesinde Akdeniz\u2019e \u00f6nemli tesisler kazand\u0131rd\u0131klar\u0131na i\u015faret etti.<br \/>\nBa\u015fkan G\u00fcltak, \u201cBug\u00fcn burada 6-13 ya\u015f aras\u0131ndaki 257 \u00e7ocu\u011fumuza yaz okulumuzda futbol e\u011fitimi veriyoruz. Unutulmamal\u0131d\u0131r ki bir spor dal\u0131yla u\u011fra\u015fan \u00e7ocuklar\u0131m\u0131z\u0131n e\u011fitim hayat\u0131 da sosyal hayat\u0131 da ba\u015far\u0131l\u0131 olur. De\u011ferli antren\u00f6rlerimizin de deste\u011fi ile evlatlar\u0131m\u0131z\u0131 hem soka\u011f\u0131n risklerinden uzak tutmak hem de onlara g\u00fczel bir gelecek sa\u011flamak i\u00e7in elimizden geleni yapmaya devam edece\u011fiz&#8221; diye konu\u015ftu. <\/p>\n","protected":false},"excerpt":{"rendered":"<p>Akdeniz Belediyesi K\u00fclt\u00fcr ve Sosyal \u0130\u015fler M\u00fcd\u00fcrl\u00fc\u011f\u00fc b\u00fcnyesindeki Yaz Futbol Okulu\u2019nda; 4 antren\u00f6r g\u00f6zetiminde, haftan\u0131n 6 g\u00fcn\u00fc gelece\u011fin sporcusu olmaya aday 257 \u00e7ocu\u011fa \u00fccretsiz futbol e\u011fitimi veriliyor. Akdeniz Belediyesi Yaz &hellip; <a href=\"https:\/\/akdenizolaygazetesi.com\/?p=13634\" class=\"more-link\">Devam\u0131n\u0131 Oku&#8230;<\/a><\/p>\n","protected":false},"author":2,"featured_media":13635,"comment_status":"open","ping_status":"open","sticky":false,"template":"","format":"standard","meta":[],"categories":[3,10],"tags":[],"_links":{"self":[{"href":"https:\/\/akdenizolaygazetesi.com\/index.php?rest_route=\/wp\/v2\/posts\/13634"}],"collection":[{"href":"https:\/\/akdenizolaygazetesi.com\/index.php?rest_route=\/wp\/v2\/posts"}],"about":[{"href":"https:\/\/akdenizolaygazetesi.com\/index.php?rest_route=\/wp\/v2\/types\/post"}],"author":[{"embeddable":true,"href":"https:\/\/akdenizolaygazetesi.com\/index.php?rest_route=\/wp\/v2\/users\/2"}],"replies":[{"embeddable":true,"href":"https:\/\/akdenizolaygazetesi.com\/index.php?rest_route=%2Fwp%2Fv2%2Fcomments&post=13634"}],"version-history":[{"count":1,"href":"https:\/\/akdenizolaygazetesi.com\/index.php?rest_route=\/wp\/v2\/posts\/13634\/revisions"}],"predecessor-version":[{"id":13636,"href":"https:\/\/akdenizolaygazetesi.com\/index.php?rest_route=\/wp\/v2\/posts\/13634\/revisions\/13636"}],"wp:featuredmedia":[{"embeddable":true,"href":"https:\/\/akdenizolaygazetesi.com\/index.php?rest_route=\/wp\/v2\/media\/13635"}],"wp:attachment":[{"href":"https:\/\/akdenizolaygazetesi.com\/index.php?rest_route=%2Fwp%2Fv2%2Fmedia&parent=13634"}],"wp:term":[{"taxonomy":"category","embeddable":true,"href":"https:\/\/akdenizolaygazetesi.com\/index.php?rest_route=%2Fwp%2Fv2%2Fcategories&post=13634"},{"taxonomy":"post_tag","embeddable":true,"href":"https:\/\/akdenizolaygazetesi.com\/index.php?rest_route=%2Fwp%2Fv2%2Ftags&post=13634"}],"curies":[{"name":"wp","href":"https:\/\/api.w.org\/{rel}","templated":true}]}}