{"id":13648,"date":"2021-08-11T11:16:19","date_gmt":"2021-08-11T08:16:19","guid":{"rendered":"http:\/\/akdenizolaygazetesi.com\/?p=13648"},"modified":"2021-08-11T11:16:19","modified_gmt":"2021-08-11T08:16:19","slug":"transanatolia-rallisine-katilacak-saglikci-ekip-akdeniz-belediyesini-ziyaret-etti","status":"publish","type":"post","link":"https:\/\/akdenizolaygazetesi.com\/?p=13648","title":{"rendered":"TRANSANATOL\u0130A RALL\u0130S\u0130NE KATILACAK SA\u011eLIK\u00c7I EK\u0130P AKDEN\u0130Z BELED\u0130YES\u0130\u2019N\u0130 Z\u0130YARET ETT\u0130"},"content":{"rendered":"<p>Covid19 ile m\u00fccadelede yitirdi\u011fimiz sa\u011fl\u0131k \u00e7al\u0131\u015fanlar\u0131n\u0131 anmak, a\u015f\u0131ya, maskeye ve hijyene dikkat \u00e7ekmek hedefiyle 5 bin kilometrelik \u201cTransAnatolia Rally Raid 2021 Yar\u0131\u015flar\u0131na\u201d kat\u0131lacak olan sa\u011fl\u0131k\u00e7\u0131lar Akdeniz Belediyesi\u2019ni ziyaret etti.<br \/>\nKoronavir\u00fcs (Covid19) salg\u0131n\u0131 ile m\u00fccadelede hayat\u0131n\u0131 kaybeden sa\u011fl\u0131k \u00e7al\u0131\u015fanlar\u0131n\u0131 anmak, salg\u0131na kar\u015f\u0131 toplumsal fark\u0131ndal\u0131k yaratmak; Covid19\u2019un meslek hastal\u0131\u011f\u0131 say\u0131lmas\u0131, maske, mesafe, hijyen ve \u00f6zellikle de salg\u0131nla m\u00fccadelede a\u015f\u0131ya dikkat \u00e7ekmek hedefiyle; \u201cTransAnatolia Rally Raid 2021\u201d yar\u0131\u015flar\u0131na kat\u0131lacak olan ve sa\u011fl\u0131k\u00e7\u0131lardan olu\u015fan ekip Akdeniz Belediyesi\u2019ni de ziyaret etti.<br \/>\nEski\u015fehir\u2019den Kars\u2019a kadar, 5 bin kilometrelik bir yar\u0131\u015f<br \/>\nBelediye binas\u0131 giri\u015finde ger\u00e7ekle\u015fen bulu\u015fmada ilk s\u00f6z alan ralli ekibinden Eczac\u0131 Bar\u0131\u015f S\u00f6nmez, \u201cCovid19 pandemisinde hayat\u0131n\u0131 kaybeden sa\u011fl\u0131k emek\u00e7ilerimiz an\u0131s\u0131na, Gopilot Dr. Lami G\u00fcnay ile birlikte, 8 g\u00fcn s\u00fcrecek olan 5 bin kilometrelik TransAnatolia Rally Raid 2021 yar\u0131\u015f\u0131na kat\u0131laca\u011f\u0131z. Yine bu temayla giydirilmi\u015f bir arac\u0131m\u0131zla bu yar\u0131\u015flarda yer alaca\u011f\u0131z. Eski\u015fehir\u2019den ba\u015flay\u0131p Kars\u2019a kadar devam edecek bu zorlu yar\u0131\u015fta halk\u0131m\u0131za; maske, mesafe ve hijyen, \u00f6zellikle de a\u015f\u0131 olmalar\u0131 konusunda mutlaka desteklerini bekledi\u011fimizi ifade edece\u011fiz\u201d dedi.<br \/>\nAkdeniz Belediyesi\u2019ne te\u015fekk\u00fcr\u2026<br \/>\nEski\u015fehir\u2019e var\u0131ncaya dek yollar\u0131 \u00fczerinde bulunan sa\u011fl\u0131k m\u00fcd\u00fcrl\u00fckleri ve eczac\u0131 odalar\u0131na u\u011frayacaklar\u0131n\u0131 kaydeden S\u00f6nmez; \u201cEski\u015fehir\u2019de, 14 A\u011fustos\u2019ta ba\u015flayacak olan T\u00fcrkiye Otomobil Sporlar\u0131 Federasyonu ve Gen\u00e7lik ve Spor Bakanl\u0131\u011f\u0131m\u0131z\u0131n resmi yar\u0131\u015f\u0131 olan TransAnatolia\u2019da; Eski\u015fehir\u2019den Ankara\u2019ya; oradan \u00c7orum, Sivas\u2019a, Erzincan, Erzurum ve son olarak Kars Sar\u0131kam\u0131\u015f\u2019a kadar 8 g\u00fcnl\u00fck bir yar\u0131\u015f olacak.<br \/>\nYar\u0131\u015f s\u00fcresince Pandemide kaybetti\u011fimiz sa\u011fl\u0131k \u00e7al\u0131\u015fanlar\u0131m\u0131z\u0131 anma ve fark\u0131ndal\u0131k projemizi uluslararas\u0131 bir yar\u0131\u015fta anlatma imk\u00e2n\u0131 bulaca\u011f\u0131z. Projede bizleri yaln\u0131z b\u0131rakmay\u0131p destek veren Akdeniz Belediye Ba\u015fkan\u0131m\u0131z Eczac\u0131 Say\u0131n Mustafa G\u00fcltak\u2019a, ilgilerinden dolay\u0131 \u00e7ok te\u015fekk\u00fcr ediyoruz\u201d diye konu\u015ftu.<\/p>\n<p>Egin; \u201cSalg\u0131n\u0131 yenmenin en g\u00fc\u00e7l\u00fc yolu a\u015f\u0131 olmakt\u0131r\u201d<br \/>\nEski\u015fehir\u2019den ba\u015flay\u0131p Kars Sar\u0131kam\u0131\u015f\u2019ta sonlanacak olan yar\u0131\u015flara kat\u0131lacak olan sa\u011fl\u0131k\u00e7\u0131lardan olu\u015fan ekibi, belediye binas\u0131 \u00f6n\u00fcnde kar\u015f\u0131layan Akdeniz Belediyesi Ba\u015fkanvekili Ayd\u0131n Egin de konu\u015fmas\u0131nda, Pandemi ile m\u00fccadele, ya\u015fam\u0131n\u0131 yitiren sa\u011fl\u0131k \u00e7al\u0131\u015fanlar\u0131n\u0131 anmak ve toplum sa\u011fl\u0131\u011f\u0131n\u0131 korumak amac\u0131yla ger\u00e7ekle\u015ftirdikleri fark\u0131ndal\u0131k i\u00e7in ekibe te\u015fekk\u00fcr etti. Ba\u015fkanvekili Egin; \u201cBu salg\u0131n\u0131 yenmenin ger\u00e7ekten en g\u00fc\u00e7l\u00fc yolu a\u015f\u0131 olmakt\u0131r. Bu duyarl\u0131l\u0131kla hareket edip, buralara kadar geldi\u011finiz i\u00e7in te\u015fekk\u00fcr ediyorum. Say\u0131n Belediye Ba\u015fkan\u0131m\u0131z \u015fu an Ankara\u2019da. Sizlere selam ve sevgilerini iletmemi istedi. Yolunuz a\u00e7\u0131k olsun, kalbimiz sizlerle beraber. Vatanda\u015flar\u0131m\u0131za da \u00e7a\u011fr\u0131m, salg\u0131ndan tamamen kurtulmak istiyorsak mutlaka a\u015f\u0131 olmalar\u0131d\u0131r\u201d \u015feklinde konu\u015ftu.<br \/>\nTransAnatolia Rally Raid 2021 Hakk\u0131nda\u2026<br \/>\nT\u00fcrkiye&#8217;nin ilk ve tek, d\u00fcnyan\u0131n ise en b\u00fcy\u00fck ve zorlu yar\u0131\u015flar\u0131ndan biri olan Transanatolia Rally Raid 2021; T.C. Gen\u00e7lik ve Spor Bakanl\u0131\u011f\u0131 ile T\u00fcrkiye Otomobil Sporlar\u0131 Federasyonu\u2019nun  (TOSFED) resmi bir yar\u0131\u015f\u0131. Eski\u015fehir\u2019den, 13 A\u011fustos 2021 tarihinde start al\u0131nacak yar\u0131\u015flar K\u0131z\u0131lcahamam, \u00c7ank\u0131r\u0131, \u00c7orum, Sivas, Erzincan, Erzurum \u00fczerinden Kars-Sar\u0131kam\u0131\u015f\u2019ta 21 A\u011fustos 2021\u2019de sona erecek. <\/p>\n","protected":false},"excerpt":{"rendered":"<p>Covid19 ile m\u00fccadelede yitirdi\u011fimiz sa\u011fl\u0131k \u00e7al\u0131\u015fanlar\u0131n\u0131 anmak, a\u015f\u0131ya, maskeye ve hijyene dikkat \u00e7ekmek hedefiyle 5 bin kilometrelik \u201cTransAnatolia Rally Raid 2021 Yar\u0131\u015flar\u0131na\u201d kat\u0131lacak olan sa\u011fl\u0131k\u00e7\u0131lar Akdeniz Belediyesi\u2019ni ziyaret etti. Koronavir\u00fcs &hellip; <a href=\"https:\/\/akdenizolaygazetesi.com\/?p=13648\" class=\"more-link\">Devam\u0131n\u0131 Oku&#8230;<\/a><\/p>\n","protected":false},"author":2,"featured_media":13649,"comment_status":"open","ping_status":"open","sticky":false,"template":"","format":"standard","meta":[],"categories":[3,5,10],"tags":[],"_links":{"self":[{"href":"https:\/\/akdenizolaygazetesi.com\/index.php?rest_route=\/wp\/v2\/posts\/13648"}],"collection":[{"href":"https:\/\/akdenizolaygazetesi.com\/index.php?rest_route=\/wp\/v2\/posts"}],"about":[{"href":"https:\/\/akdenizolaygazetesi.com\/index.php?rest_route=\/wp\/v2\/types\/post"}],"author":[{"embeddable":true,"href":"https:\/\/akdenizolaygazetesi.com\/index.php?rest_route=\/wp\/v2\/users\/2"}],"replies":[{"embeddable":true,"href":"https:\/\/akdenizolaygazetesi.com\/index.php?rest_route=%2Fwp%2Fv2%2Fcomments&post=13648"}],"version-history":[{"count":1,"href":"https:\/\/akdenizolaygazetesi.com\/index.php?rest_route=\/wp\/v2\/posts\/13648\/revisions"}],"predecessor-version":[{"id":13650,"href":"https:\/\/akdenizolaygazetesi.com\/index.php?rest_route=\/wp\/v2\/posts\/13648\/revisions\/13650"}],"wp:featuredmedia":[{"embeddable":true,"href":"https:\/\/akdenizolaygazetesi.com\/index.php?rest_route=\/wp\/v2\/media\/13649"}],"wp:attachment":[{"href":"https:\/\/akdenizolaygazetesi.com\/index.php?rest_route=%2Fwp%2Fv2%2Fmedia&parent=13648"}],"wp:term":[{"taxonomy":"category","embeddable":true,"href":"https:\/\/akdenizolaygazetesi.com\/index.php?rest_route=%2Fwp%2Fv2%2Fcategories&post=13648"},{"taxonomy":"post_tag","embeddable":true,"href":"https:\/\/akdenizolaygazetesi.com\/index.php?rest_route=%2Fwp%2Fv2%2Ftags&post=13648"}],"curies":[{"name":"wp","href":"https:\/\/api.w.org\/{rel}","templated":true}]}}