{"id":1365,"date":"2020-11-04T18:21:56","date_gmt":"2020-11-04T15:21:56","guid":{"rendered":"http:\/\/mersinekonomipolitikagazetesi.com\/?p=1365"},"modified":"2020-11-04T18:21:56","modified_gmt":"2020-11-04T15:21:56","slug":"akdeniz-belediyesi-iki-mahalleye-iftar-cadiri-kurdu","status":"publish","type":"post","link":"https:\/\/akdenizolaygazetesi.com\/?p=1365","title":{"rendered":"Akdeniz Belediyesi iki mahalleye iftar \u00e7ad\u0131r\u0131 kurdu"},"content":{"rendered":"<p>Mersin&#8217;in merkez il\u00e7e Akdeniz Belediyesi, ramazan ay\u0131 dolay\u0131s\u0131yla Huzurkent ve Mesudiye mahallelerinde iki iftar \u00e7ad\u0131r\u0131 kurdu. \u0130ki merkezde kurulan iftar sofralar\u0131nda, y\u00fczlerce vatanda\u015f iftar\u0131n\u0131 a\u00e7t\u0131.<\/p>\n<p>Akdeniz Belediyesi ramazan ay\u0131 s\u00fcresince, Mesudiye Mahallesi Eski Semt Pazar\u0131&#8217;nda ve Huzurkent Cumhuriyet Meydan\u0131nda kurulan iftar sofralar\u0131nda vatanda\u015flar\u0131 bulu\u015fturacak. Vatanda\u015flar, kurulan iftar sofras\u0131n\u0131n ilkinde, 3 farkl\u0131 men\u00fcden olu\u015fan yemekle oru\u00e7lar\u0131n\u0131 a\u00e7t\u0131lar. \u0130ftar yeme\u011fine yo\u011fun ilgi g\u00f6steren vatanda\u015flar, ramazan ay\u0131nda kendilerini unutmayan Akdeniz Belediyesi\u2019ne te\u015fekk\u00fcr ettiler.<br \/>\nRamazan ay\u0131n\u0131n birlik, beraberlik ve dayan\u0131\u015fman\u0131n simgesi oldu\u011funu ifade eden Belediye Ba\u015fkan\u0131 Hamdi Bilge Akta\u015f, &#8220;Ramazan ay\u0131, payla\u015fman\u0131n, dayan\u0131\u015fma ve sosyal yard\u0131mla\u015fman\u0131n en yo\u011fun oldu\u011fu kutsal aylardan bir tanesidir. Ramazan ay\u0131 k\u00fcsk\u00fcnl\u00fcklerin ve darg\u0131nl\u0131klar\u0131n sona ermesi gereken en hay\u0131rl\u0131 ayd\u0131r. Bu ba\u011flamda Ramazan ay\u0131 s\u00fcresince iftar sofralar\u0131m\u0131zda vatanda\u015flar\u0131m\u0131z ile bulu\u015faca\u011f\u0131z. T\u00fcm halk\u0131m\u0131z\u0131n Ramazan ay\u0131n\u0131n hay\u0131rl\u0131 olmas\u0131n\u0131 diliyor, kurulan iftar sofralar\u0131m\u0131za vatanda\u015flar\u0131m\u0131z\u0131 davet ediyoruz&#8221; dedi.<\/p>\n","protected":false},"excerpt":{"rendered":"<p>Mersin&#8217;in merkez il\u00e7e Akdeniz Belediyesi, ramazan ay\u0131 dolay\u0131s\u0131yla Huzurkent ve Mesudiye mahallelerinde iki iftar \u00e7ad\u0131r\u0131 kurdu. \u0130ki merkezde kurulan iftar sofralar\u0131nda, y\u00fczlerce vatanda\u015f iftar\u0131n\u0131 a\u00e7t\u0131. Akdeniz Belediyesi ramazan ay\u0131 s\u00fcresince, &hellip; <a href=\"https:\/\/akdenizolaygazetesi.com\/?p=1365\" class=\"more-link\">Devam\u0131n\u0131 Oku&#8230;<\/a><\/p>\n","protected":false},"author":1,"featured_media":0,"comment_status":"open","ping_status":"open","sticky":false,"template":"","format":"standard","meta":[],"categories":[],"tags":[],"_links":{"self":[{"href":"https:\/\/akdenizolaygazetesi.com\/index.php?rest_route=\/wp\/v2\/posts\/1365"}],"collection":[{"href":"https:\/\/akdenizolaygazetesi.com\/index.php?rest_route=\/wp\/v2\/posts"}],"about":[{"href":"https:\/\/akdenizolaygazetesi.com\/index.php?rest_route=\/wp\/v2\/types\/post"}],"author":[{"embeddable":true,"href":"https:\/\/akdenizolaygazetesi.com\/index.php?rest_route=\/wp\/v2\/users\/1"}],"replies":[{"embeddable":true,"href":"https:\/\/akdenizolaygazetesi.com\/index.php?rest_route=%2Fwp%2Fv2%2Fcomments&post=1365"}],"version-history":[{"count":0,"href":"https:\/\/akdenizolaygazetesi.com\/index.php?rest_route=\/wp\/v2\/posts\/1365\/revisions"}],"wp:attachment":[{"href":"https:\/\/akdenizolaygazetesi.com\/index.php?rest_route=%2Fwp%2Fv2%2Fmedia&parent=1365"}],"wp:term":[{"taxonomy":"category","embeddable":true,"href":"https:\/\/akdenizolaygazetesi.com\/index.php?rest_route=%2Fwp%2Fv2%2Fcategories&post=1365"},{"taxonomy":"post_tag","embeddable":true,"href":"https:\/\/akdenizolaygazetesi.com\/index.php?rest_route=%2Fwp%2Fv2%2Ftags&post=1365"}],"curies":[{"name":"wp","href":"https:\/\/api.w.org\/{rel}","templated":true}]}}