{"id":13657,"date":"2021-08-11T11:21:36","date_gmt":"2021-08-11T08:21:36","guid":{"rendered":"http:\/\/akdenizolaygazetesi.com\/?p=13657"},"modified":"2021-08-11T11:21:36","modified_gmt":"2021-08-11T08:21:36","slug":"secerden-ogrencilere-ogrenim-yardimi-mujdesi-cocuklarimizin-bu-yilki-ihtiyaclarinin-1600-tllik-kismini-belediye-olarak-karsilayacagiz","status":"publish","type":"post","link":"https:\/\/akdenizolaygazetesi.com\/?p=13657","title":{"rendered":"SE\u00c7ER\u2019DEN \u00d6\u011eRENC\u0130LERE \u00d6\u011eREN\u0130M YARDIMI M\u00dcJDES\u0130: \u201c\u00c7OCUKLARIMIZIN BU YILK\u0130 \u0130HT\u0130YA\u00c7LARININ 1600 TL\u2019L\u0130K KISMINI BELED\u0130YE OLARAK KAR\u015eILAYACA\u011eIZ\u201d"},"content":{"rendered":"<p>Mersin B\u00fcy\u00fck\u015fehir Belediye Ba\u015fkan\u0131 Vahap Se\u00e7er, MERC\u0130 \u00d6\u011frenci Dan\u0131\u015fmanl\u0131k Merkezi\u2019nin sa\u011flad\u0131\u011f\u0131 ve 20 A\u011fustos\u2019a kadar devam edecek olan \u2018\u00dcniversiteye Giri\u015f Tercih Dan\u0131\u015fmanl\u0131\u011f\u0131 Deste\u011fi\u2019 kapsam\u0131nda Kongre ve Sergi Saray\u0131\u2019nda \u00f6\u011frenciler, aileleri ve \u00f6\u011fretmenler ile bulu\u015ftu. Ba\u015fkan Se\u00e7er, B\u00fcy\u00fck\u015fehir Belediyesi taraf\u0131ndan \u00fcniversiteyi kazanan \u00f6\u011frencilere y\u00f6nelik yap\u0131lan \u00f6\u011frenim yard\u0131m\u0131n\u0131n bu y\u0131l 1600 TL olaca\u011f\u0131n\u0131 m\u00fcjdeleyerek, \u201cBiz \u00e7ocuklar\u0131m\u0131z\u0131n bu y\u0131lki ihtiya\u00e7lar\u0131n\u0131n 1600 TL\u2019lik k\u0131sm\u0131n\u0131 Belediye olarak kar\u015f\u0131layaca\u011f\u0131z\u201d dedi.<\/p>\n<p>Se\u00e7er \u00f6\u011frencilerle keyifli bir sohbet etti<\/p>\n<p>B\u00fcy\u00fck\u015fehir Belediyesi Sosyal Hizmetler Dairesi\u2019ne ba\u011fl\u0131 MERC\u0130 \u00d6\u011frenci Dan\u0131\u015fmanl\u0131k Merkezi taraf\u0131ndan olu\u015fturulan masalara tek tek oturup \u00f6\u011fretmenler ve \u00f6\u011frencileri dinleyen Ba\u015fkan Se\u00e7er, \u00f6\u011frencilerin tercih yapmay\u0131 d\u00fc\u015f\u00fcnd\u00fckleri alanlar hakk\u0131nda bilgi ald\u0131. \u00d6\u011fretmenlerle tercih dan\u0131\u015fmanl\u0131\u011f\u0131 konusunda nas\u0131l bir yol izledikleri hakk\u0131nda sohbet eden Ba\u015fkan Se\u00e7er, \u00f6\u011frencilerle de yapacaklar\u0131 tercihler hakk\u0131nda konu\u015fup, nerede mutlularsa orada ba\u015far\u0131n\u0131n ka\u00e7\u0131n\u0131lmaz olaca\u011f\u0131n\u0131 s\u00f6yledi.<\/p>\n<p>\u201c\u00d6\u011frencilerimiz beklentilerine cevap verilecek bir fak\u00fcltede \u00e7ok daha ba\u015far\u0131l\u0131 olurlar\u201d<\/p>\n<p>Mersin B\u00fcy\u00fck\u015fehir Belediye Ba\u015fkan\u0131 Vahap Se\u00e7er, ziyaret sonras\u0131nda yapt\u0131\u011f\u0131 a\u00e7\u0131klamada,  \u201cBuras\u0131 MERC\u0130 Merkezimiz\u2019in, yani Dan\u0131\u015fmanl\u0131k Merkezimiz\u2019in \u00f6\u011frencilerimizle m\u00fclakat yapt\u0131\u011f\u0131 yer. Burada elde ettikleri puanla ilgili d\u00fc\u015f\u00fcnd\u00fckleri \u00fcniversiteler, fak\u00fclteler ile ilgili baz\u0131 \u00e7al\u0131\u015fmalar yap\u0131l\u0131yor. Tabi \u00f6\u011frencinin bak\u0131\u015f a\u00e7\u0131s\u0131 ile uzmanlar\u0131n bak\u0131\u015f a\u00e7\u0131s\u0131 farkl\u0131. \u00c7ok daha detayl\u0131, \u00fcniversiteler konusunda burada bilgi edinme imk\u00e2n\u0131 var. \u00d6rne\u011fin bir \u00f6\u011frencimiz t\u0131p fak\u00fcltesini istiyor ama hangi \u00fcniversitenin, hangi fak\u00fcltesinde nas\u0131l bir e\u011fitim d\u00fczeyi var ya da orada yay\u0131nlanan makaleler ya da maket \u00fczerinden mi kadavra \u00fczerinden mi e\u011fitim verildi\u011fine dair b\u00fct\u00fcn detay bilgileri \u015fu anda arkada\u015flar\u0131m \u00f6\u011frencilerimize sa\u011fl\u0131yorlar. Bu \u00e7ok \u00f6nemlidir, \u00e7ok de\u011ferlidir ve sonu\u00e7ta bu \u00f6\u011frencilerimiz mutlu olduklar\u0131 yerde, beklentilerine cevap verilecek bir fak\u00fcltede \u00e7ok daha ba\u015far\u0131l\u0131 olurlar. Bu hayat\u0131n kural\u0131d\u0131r. Nerede mutluysan\u0131z, nerede isabetli bir karar vermi\u015fseniz orada ba\u015far\u0131 ka\u00e7\u0131n\u0131lmaz olur\u201d dedi.<\/p>\n<p>\u201cE\u011fitimde f\u0131rsat e\u015fitli\u011fi kavram\u0131 \u00e7ok de\u011ferli ve \u00f6nemli\u201d<\/p>\n<p>Sohbet etti\u011fi \u00e7ocuklar\u0131n hepsinin yetenekli \u00e7ocuklar oldu\u011funu ifade eden Ba\u015fkan Se\u00e7er, ziyaret dolay\u0131s\u0131yla mutlu oldu\u011funu vurgulad\u0131. Ba\u015fkan Se\u00e7er, \u201cBiliyorsunuz e\u011fitim merkezimiz var, kurslar\u0131m\u0131z var, \u00fcniversiteye haz\u0131rl\u0131k kurslar\u0131m\u0131z ve 8 \u015fube, merkez, Tarsus ve di\u011fer il\u00e7elerimiz. Periferideki \u00c7aml\u0131yayla d\u0131\u015f\u0131nda Mut\u2019tan G\u00fclnar\u2019a kadar b\u00fct\u00fcn il\u00e7e merkezlerimizde bizim e\u011fitim kurumlar\u0131m\u0131z var. Burada e\u011fitimde f\u0131rsat e\u015fitli\u011fi kavram\u0131 \u00e7ok de\u011ferli ve \u00f6nemli. Bizim orada o e\u011fitim kurumunu a\u00e7mam\u0131z\u0131n temel sebebi bu. Yani gelir d\u00fczeyi yeterli aileler \u00e7ocuklar\u0131na bu imk\u00e2n\u0131 sa\u011flayabiliyor ama yetersiz olan ailelerin \u00e7ocuklar\u0131n\u0131n da buraya gitme hakk\u0131n\u0131n oldu\u011funu asl\u0131nda belediye bir anlamda g\u00f6steriyor ya da sa\u011fl\u0131yor\u201d diye konu\u015ftu.<\/p>\n<p>\u201cBu ba\u015far\u0131y\u0131, bu ciddiyeti, bu d\u00fczeni g\u00f6ren vatanda\u015f \u00e7ocu\u011funu bize teslim etmek istiyor\u201d<\/p>\n<p>B\u00fcy\u00fck\u015fehir Belediyesi\u2019nin E\u011fitim ve \u00d6\u011fretimi Destekleme Kurs Merkezlerinde e\u011fitim alan toplam 125 \u00f6\u011frencinin ilk 50 bine girdi\u011finin bilgisini veren Ba\u015fkan Se\u00e7er, \u201cBu de\u011ferli bir sonu\u00e7. Hocalar\u0131ma te\u015fekk\u00fcr ediyorum, daire ba\u015fkan\u0131m\u0131zdan en alt kademedeki \u00e7al\u0131\u015fma arkada\u015f\u0131na kadar herkesin tabi ki burada eme\u011fi var. Temel d\u00fcsturumuz; kaliteli yapmak, iyi yapmak, yapm\u0131\u015f olmak i\u00e7in de\u011fil, yasak savmak i\u00e7in de\u011fil. Yani biz \u015f\u00f6yle de yapabiliyorduk. Eski anlay\u0131\u015fta oldu\u011fu gibi. 4 bin ki\u015fi kay\u0131tla ba\u015fl\u0131yormu\u015f daha \u00f6nceki d\u00f6nemlerde, biz geldi\u011fimizde 1800-1900 \u00f6\u011frenci vard\u0131. Oysa 4 bin ki\u015fi ile ba\u015flam\u0131\u015f. Ama \u015fimdi biz 3 bin 800-4 bin ile ba\u015fl\u0131yoruz, 4 bin 300-4 bin 500 ile bitiriyoruz. Neden? \u0130lla ki bu ba\u015far\u0131y\u0131 g\u00f6ren, bu ciddiyeti g\u00f6ren, bu tertibi, d\u00fczeni g\u00f6ren vatanda\u015f \u00e7ocu\u011funu bize teslim etmek istiyor. Ek kontenjanlar a\u00e7\u0131yoruz ve sezon sonuna kadar bizim ortalama beklentimizin \u00fczerinde bir talep olunca b\u00f6yle kapasiteyi de artt\u0131rmak zorunda kal\u0131yoruz\u201d ifadelerini kulland\u0131.<\/p>\n<p>\u201cMersin her anlamda \u00f6\u011frencilerimize imk\u00e2n sunan bir kent\u201d<\/p>\n<p>Mersin\u2019in kent olarak \u00f6\u011frencilere pek \u00e7ok imk\u00e2n sa\u011flad\u0131\u011f\u0131n\u0131 dile getiren Se\u00e7er, \u201cTabi ben Mersin\u2019in tercih edilmesini isterim. Mersin her anlamda \u00f6\u011frencilerimize imk\u00e2n sunan bir kent. 4 \u00fcniversitemiz var, 50 binin \u00fczerinde \u00f6\u011frencimiz var. 2 devlet, 2 vak\u0131f \u00fcniversitemiz var. Her t\u00fcrl\u00fc \u00e7al\u0131\u015fma alan\u0131 var. T\u0131ptan m\u00fchendislik dallar\u0131na, sosyal bilimlere kadar her t\u00fcrl\u00fc fak\u00fcltelerimiz var burada. \u0130klimsel a\u00e7\u0131dan, sosyo-k\u00fclt\u00fcrel a\u00e7\u0131dan Mersin gen\u00e7lere, \u00f6\u011frencilere cazip gelebilecek bir kent. Tabi ekonomik a\u00e7\u0131dan da \u00f6yle. \u0130stanbul, Ankara gibi metropollerde \u00f6\u011frencilerimizin hayatlar\u0131n\u0131 idame ettirmesi \u00f6yle kolay de\u011fil ama burada ayn\u0131 standartta \u00e7ok daha d\u00fc\u015f\u00fck para maliyeti ile ya da masraflarla \u00e7ok daha mutlu olabilirler diye d\u00fc\u015f\u00fcn\u00fcyorum\u201d dedi.<\/p>\n<p>Se\u00e7er\u2019den m\u00fcjde: B\u00fcy\u00fck\u015fehir\u2019in \u00f6\u011frenim yard\u0131m\u0131 1400 TL\u2019den 1600 TL\u2019ye \u00e7\u0131kar\u0131lacak<\/p>\n<p>B\u00fcy\u00fck\u015fehir Belediyesi taraf\u0131ndan \u00fcniversiteyi kazanan \u00f6\u011frencilere yap\u0131lan \u00f6\u011frenim yard\u0131m\u0131n\u0131n bu y\u0131l 1600 TL\u2019ye \u00e7\u0131kar\u0131laca\u011f\u0131n\u0131 m\u00fcjdeleyen Ba\u015fkan Se\u00e7er, \u015funlar\u0131 s\u00f6yledi:<\/p>\n<p>\u201cBelediyemizin de sundu\u011fu \u00e7ok de\u011ferli ve \u00f6nemli imkanlar var. Yani \u00fccretsiz Wi-Fi\u2019den, toplu ta\u015f\u0131mada, ula\u015f\u0131mda fiyatlar\u0131n T\u00fcrkiye ortalamas\u0131n\u0131n \u00e7ok \u00e7ok alt\u0131nda olmas\u0131 gibi. Bir \u00f6\u011frenci 1 TL&#8217;ye seyahat edebiliyor. Biliyorsunuz 2024\u2019e kadar da bu bizim \u00e7ocuklar\u0131m\u0131za s\u00f6z\u00fcm\u00fczd\u00fc ve uygulamada bizde devam ediyor. Di\u011fer taraftan burada Mersin&#8217;de ikamet eden ailelerin her \u00fcniversiteyi kazanan \u00e7ocu\u011fu, beyana tabi olarak, herhangi bir gelir testine de tabi tutmadan bizden 1600 TL yard\u0131m alabilecekler. Buradan da \u00f6\u011frencilerimize, velilerimize duyural\u0131m. Bize m\u00fcracaat etsinler. Bilgilerini g\u00f6ndersinler. Biz \u00e7ocuklar\u0131m\u0131z\u0131n bu y\u0131lki ihtiya\u00e7lar\u0131n\u0131n 1600 TL\u2019lik k\u0131sm\u0131n\u0131 Belediye olarak kar\u015f\u0131layaca\u011f\u0131z. Yine burada, Mersin&#8217;de \u00fcniversitelerde e\u011fitim g\u00f6recek \u00e7ocuklar\u0131m\u0131za da \u00c7ama\u015f\u0131r Kafe\u2019den \u00e7orba hizmetine kadar bir\u00e7ok alanda etkinliklerimize kadar kendilerini iyi hissedebilecekleri, rahat ders \u00e7al\u0131\u015facaklar\u0131 okuma salonlar\u0131na kadar, k\u00fct\u00fcphanelere kadar bir\u00e7ok alanda katk\u0131 sunaca\u011f\u0131z. Mersin huzur kenti, Mersin karde\u015flik kenti, Mersin birlik kenti, Mersin herkesin g\u00fcld\u00fc\u011f\u00fc bir kent ve Mersin herkesin kendisini g\u00fcvende hissetti\u011fi bir kent. Buradan da t\u00fcm T\u00fcrkiye\u2019ye mesaj\u0131m olsun.\u201d<\/p>\n","protected":false},"excerpt":{"rendered":"<p>Mersin B\u00fcy\u00fck\u015fehir Belediye Ba\u015fkan\u0131 Vahap Se\u00e7er, MERC\u0130 \u00d6\u011frenci Dan\u0131\u015fmanl\u0131k Merkezi\u2019nin sa\u011flad\u0131\u011f\u0131 ve 20 A\u011fustos\u2019a kadar devam edecek olan \u2018\u00dcniversiteye Giri\u015f Tercih Dan\u0131\u015fmanl\u0131\u011f\u0131 Deste\u011fi\u2019 kapsam\u0131nda Kongre ve Sergi Saray\u0131\u2019nda \u00f6\u011frenciler, aileleri &hellip; <a href=\"https:\/\/akdenizolaygazetesi.com\/?p=13657\" class=\"more-link\">Devam\u0131n\u0131 Oku&#8230;<\/a><\/p>\n","protected":false},"author":2,"featured_media":0,"comment_status":"open","ping_status":"open","sticky":false,"template":"","format":"standard","meta":[],"categories":[2,3,5],"tags":[],"_links":{"self":[{"href":"https:\/\/akdenizolaygazetesi.com\/index.php?rest_route=\/wp\/v2\/posts\/13657"}],"collection":[{"href":"https:\/\/akdenizolaygazetesi.com\/index.php?rest_route=\/wp\/v2\/posts"}],"about":[{"href":"https:\/\/akdenizolaygazetesi.com\/index.php?rest_route=\/wp\/v2\/types\/post"}],"author":[{"embeddable":true,"href":"https:\/\/akdenizolaygazetesi.com\/index.php?rest_route=\/wp\/v2\/users\/2"}],"replies":[{"embeddable":true,"href":"https:\/\/akdenizolaygazetesi.com\/index.php?rest_route=%2Fwp%2Fv2%2Fcomments&post=13657"}],"version-history":[{"count":1,"href":"https:\/\/akdenizolaygazetesi.com\/index.php?rest_route=\/wp\/v2\/posts\/13657\/revisions"}],"predecessor-version":[{"id":13659,"href":"https:\/\/akdenizolaygazetesi.com\/index.php?rest_route=\/wp\/v2\/posts\/13657\/revisions\/13659"}],"wp:attachment":[{"href":"https:\/\/akdenizolaygazetesi.com\/index.php?rest_route=%2Fwp%2Fv2%2Fmedia&parent=13657"}],"wp:term":[{"taxonomy":"category","embeddable":true,"href":"https:\/\/akdenizolaygazetesi.com\/index.php?rest_route=%2Fwp%2Fv2%2Fcategories&post=13657"},{"taxonomy":"post_tag","embeddable":true,"href":"https:\/\/akdenizolaygazetesi.com\/index.php?rest_route=%2Fwp%2Fv2%2Ftags&post=13657"}],"curies":[{"name":"wp","href":"https:\/\/api.w.org\/{rel}","templated":true}]}}