{"id":13663,"date":"2021-08-12T12:23:42","date_gmt":"2021-08-12T09:23:42","guid":{"rendered":"http:\/\/akdenizolaygazetesi.com\/?p=13663"},"modified":"2021-08-12T12:23:42","modified_gmt":"2021-08-12T09:23:42","slug":"eksigi-gorulen-esnaflar-uyarilip-sure-verildi","status":"publish","type":"post","link":"https:\/\/akdenizolaygazetesi.com\/?p=13663","title":{"rendered":"Eksi\u011fi g\u00f6r\u00fclen esnaflar uyar\u0131l\u0131p s\u00fcre verildi"},"content":{"rendered":"<p>Akdeniz Belediyesi zab\u0131ta ekipleri, Koronavir\u00fcs vakalar\u0131ndaki art\u0131\u015f nedeniyle hijyen \u00fcr\u00fcnlerinde anormal fiyat art\u0131\u015flar\u0131 oldu\u011fu y\u00f6n\u00fcndeki iddialara kar\u015f\u0131 marketler, lokantalar, patiseri ve g\u0131da \u00fcr\u00fcn\u00fc satan i\u015fyerlerinde fiyat-etiket denetimi yapt\u0131; maske, mesafe ve hijyen kurallar\u0131na uyulup uyulmad\u0131\u011f\u0131n\u0131 kontrol etti.<br \/>\nHalk sa\u011fl\u0131\u011f\u0131n\u0131 korumak i\u00e7in \u00e7al\u0131\u015fan Akdeniz Belediyesi Zab\u0131ta M\u00fcd\u00fcrl\u00fc\u011f\u00fc, bir\u00e7ok kentte oldu\u011fu gibi Mersin\u2019de de artan Koronavir\u00fcs (Covid19) vakalar\u0131na kar\u015f\u0131 denetimlerini artt\u0131rd\u0131. \u0130l\u00e7e s\u0131n\u0131rlar\u0131nda bulunan al\u0131\u015fveri\u015f merkezleri, lokantalar\u0131, market ve bakkallar ile toptan ve perakende sat\u0131\u015f yapan i\u015fyerlerini denetleyen zab\u0131ta ekipleri; buralarda maske, mesafe ve hijyen y\u00f6n\u00fcnden salg\u0131na kar\u015f\u0131 al\u0131nan tedbirlere uyulup uyulmad\u0131\u011f\u0131n\u0131 denetledi, denetimlerde ayr\u0131ca fiyat-etiket kontrolleri yapt\u0131.<br \/>\nEksi\u011fi g\u00f6r\u00fclen esnaflar uyar\u0131l\u0131p s\u00fcre verildi<br \/>\n\u00d6zellikle insan hareketlili\u011finin yo\u011fun oldu\u011fu kent merkezinde faaliyet g\u00f6steren i\u015fyerlerini denetleyen zab\u0131ta ekipleri, eksikleri g\u00f6r\u00fclen i\u015fyerleri hakk\u0131nda tutanak tutarak eksikleri tamamlamalar\u0131 i\u00e7in i\u015fletmecilere s\u00fcre verdi. Denetimlerde ekipler, maske, kolonya, eldiven ve sabun gibi hijyen \u00fcr\u00fcnlerinin fiyat etiketlerini de kontrol ederek anormal fiyat art\u0131\u015flar\u0131na kar\u015f\u0131 i\u015fletmecileri uyard\u0131.<br \/>\nDenetimlere kat\u0131lan Akdeniz Belediyesi Zab\u0131ta M\u00fcd\u00fcr\u00fc Ufuk Sivasl\u0131o\u011flu, fahi\u015f fiyat art\u0131\u015flar\u0131 ve merdiven alt\u0131 \u00fcr\u00fcnlere kar\u015f\u0131 vatanda\u015flar\u0131 dikkatli olmalar\u0131 konusunda uyard\u0131, bu t\u00fcr durumlarla kar\u015f\u0131la\u015fmalar\u0131 halinde, en k\u0131sa zamanda m\u00fcd\u00fcrl\u00fc\u011fe bildirmelerini istedi. Sivasl\u0131o\u011flu; halk sa\u011fl\u0131\u011f\u0131n\u0131 korumak ve fahi\u015f fiyatlar\u0131 \u00f6nlemek amac\u0131yla denetimlerinin artarak s\u00fcrece\u011fini s\u00f6zlerine ekledi. <\/p>\n","protected":false},"excerpt":{"rendered":"<p>Akdeniz Belediyesi zab\u0131ta ekipleri, Koronavir\u00fcs vakalar\u0131ndaki art\u0131\u015f nedeniyle hijyen \u00fcr\u00fcnlerinde anormal fiyat art\u0131\u015flar\u0131 oldu\u011fu y\u00f6n\u00fcndeki iddialara kar\u015f\u0131 marketler, lokantalar, patiseri ve g\u0131da \u00fcr\u00fcn\u00fc satan i\u015fyerlerinde fiyat-etiket denetimi yapt\u0131; maske, mesafe &hellip; <a href=\"https:\/\/akdenizolaygazetesi.com\/?p=13663\" class=\"more-link\">Devam\u0131n\u0131 Oku&#8230;<\/a><\/p>\n","protected":false},"author":2,"featured_media":13664,"comment_status":"open","ping_status":"open","sticky":false,"template":"","format":"standard","meta":[],"categories":[3,5],"tags":[],"_links":{"self":[{"href":"https:\/\/akdenizolaygazetesi.com\/index.php?rest_route=\/wp\/v2\/posts\/13663"}],"collection":[{"href":"https:\/\/akdenizolaygazetesi.com\/index.php?rest_route=\/wp\/v2\/posts"}],"about":[{"href":"https:\/\/akdenizolaygazetesi.com\/index.php?rest_route=\/wp\/v2\/types\/post"}],"author":[{"embeddable":true,"href":"https:\/\/akdenizolaygazetesi.com\/index.php?rest_route=\/wp\/v2\/users\/2"}],"replies":[{"embeddable":true,"href":"https:\/\/akdenizolaygazetesi.com\/index.php?rest_route=%2Fwp%2Fv2%2Fcomments&post=13663"}],"version-history":[{"count":1,"href":"https:\/\/akdenizolaygazetesi.com\/index.php?rest_route=\/wp\/v2\/posts\/13663\/revisions"}],"predecessor-version":[{"id":13665,"href":"https:\/\/akdenizolaygazetesi.com\/index.php?rest_route=\/wp\/v2\/posts\/13663\/revisions\/13665"}],"wp:featuredmedia":[{"embeddable":true,"href":"https:\/\/akdenizolaygazetesi.com\/index.php?rest_route=\/wp\/v2\/media\/13664"}],"wp:attachment":[{"href":"https:\/\/akdenizolaygazetesi.com\/index.php?rest_route=%2Fwp%2Fv2%2Fmedia&parent=13663"}],"wp:term":[{"taxonomy":"category","embeddable":true,"href":"https:\/\/akdenizolaygazetesi.com\/index.php?rest_route=%2Fwp%2Fv2%2Fcategories&post=13663"},{"taxonomy":"post_tag","embeddable":true,"href":"https:\/\/akdenizolaygazetesi.com\/index.php?rest_route=%2Fwp%2Fv2%2Ftags&post=13663"}],"curies":[{"name":"wp","href":"https:\/\/api.w.org\/{rel}","templated":true}]}}