{"id":13666,"date":"2021-08-12T12:26:08","date_gmt":"2021-08-12T09:26:08","guid":{"rendered":"http:\/\/akdenizolaygazetesi.com\/?p=13666"},"modified":"2021-08-12T12:26:08","modified_gmt":"2021-08-12T09:26:08","slug":"parkurun-baslangic-civisi-cakildi","status":"publish","type":"post","link":"https:\/\/akdenizolaygazetesi.com\/?p=13666","title":{"rendered":"&#8220;Parkurun Ba\u015flang\u0131\u00e7 \u00c7ivisi \u00c7ak\u0131ld\u0131&#8221;"},"content":{"rendered":"<p>Toroslar Uluslararas\u0131 Yar\u0131 Maratonu parkurunun ilk resmi ba\u015flang\u0131\u00e7 \u00e7ivisi \u00e7ak\u0131ld\u0131. 21 Kas\u0131m 2021 tarihinde ger\u00e7ekle\u015fecek yar\u0131 maratonun haz\u0131rl\u0131klar\u0131 t\u00fcm h\u0131z\u0131yla s\u00fcrerken, organizasyona binlerce sporcu kat\u0131lacak.<\/p>\n<p>Yar\u0131\u015flarda sporcular, 10 ve 21 kilometrelik parkurda ko\u015farak dereceye girebilmek i\u00e7in ter d\u00f6kecek.<\/p>\n<p>Toroslar Belediyesi, bu y\u0131l ilk kez d\u00fczenleyece\u011fi Toroslar Uluslararas\u0131 Yar\u0131 Maratonu ile binlerce yerli ve yabanc\u0131 sporcuyu il\u00e7ede a\u011f\u0131rlayacak.<\/p>\n<p>Mersin Valili\u011fi himayesinde, Gen\u00e7lik ve Spor \u0130l M\u00fcd\u00fcrl\u00fc\u011f\u00fc i\u015fbirli\u011finde, payda\u015f kurum ve kurulu\u015flar\u0131n deste\u011fiyle 21 Kas\u0131m 2021&#8217;de ger\u00e7ekle\u015fecek Yar\u0131 Maratonda, 7&#8217;den 70&#8217;e herkes maraton co\u015fkusunu ya\u015fayacak.<\/p>\n<p>&#8220;Parkurun Ba\u015flang\u0131\u00e7 \u00c7ivisi \u00c7ak\u0131ld\u0131&#8221;<\/p>\n<p>Toroslar Uluslararas\u0131 Yar\u0131 Maratonu&#8217;nun ba\u015flang\u0131\u00e7 ve biti\u015f noktalar\u0131, T\u00fcrkiye Atletizm Federasyonu&#8217;nca g\u00f6revlendirilen sertifikal\u0131 parkur \u00f6l\u00e7\u00fcmc\u00fcleri taraf\u0131ndan belirlendi. Parkurun uluslararas\u0131 standartlara uygun \u00f6l\u00e7\u00fcmleri yap\u0131ld\u0131 ve ba\u015flang\u0131\u00e7 \u00e7ivisi \u00e7ak\u0131ld\u0131.<\/p>\n<p>Ba\u015fkan Y\u0131lmaz; &#8220;Toroslar\u0131m\u0131zda Binlerce Sporcuyu Bulu\u015fturaca\u011f\u0131z&#8221;<\/p>\n<p>Toroslar Belediye Ba\u015fkan\u0131 Ats\u0131z Af\u015f\u0131n Y\u0131lmaz, il\u00e7ede spor turizminin geli\u015ftirilmesi noktas\u0131nda Toroslar Yar\u0131 Maratonu&#8217;nun \u00f6nemli bir ad\u0131m oldu\u011funu s\u00f6yledi.<\/p>\n<p>21 Kas\u0131m&#8217;da ilkini d\u00fczenleyecekleri yar\u0131 maratonu, geleneksel hale getirmeyi planlad\u0131klar\u0131n\u0131 kaydeden Ba\u015fkan Y\u0131lmaz; &#8220;\u0130l\u00e7emizin ve \u015fehrimizin tan\u0131t\u0131m\u0131na da b\u00fcy\u00fck katk\u0131s\u0131 olacak Toroslar Yar\u0131 Maratonu&#8217;nda geri say\u0131m ba\u015flad\u0131. D\u00fcnyan\u0131n bir\u00e7ok yerinden kentimize gelecek sporseverleri Toroslar\u0131m\u0131zda a\u011f\u0131rlayacak olman\u0131n mutlulu\u011funu ya\u015f\u0131yoruz. Toroslar&#8217;da 7&#8217;den 70&#8217;e herkes ko\u015facak. Toroslar Belediyesi olarak il\u00e7emizin ad\u0131n\u0131 uluslararas\u0131 organizasyonlarla duyurmaya devam edece\u011fiz. Amac\u0131m\u0131z, sporu daha geni\u015f kitlelere ula\u015ft\u0131rmak&#8221; diye konu\u015ftu.<\/p>\n","protected":false},"excerpt":{"rendered":"<p>Toroslar Uluslararas\u0131 Yar\u0131 Maratonu parkurunun ilk resmi ba\u015flang\u0131\u00e7 \u00e7ivisi \u00e7ak\u0131ld\u0131. 21 Kas\u0131m 2021 tarihinde ger\u00e7ekle\u015fecek yar\u0131 maratonun haz\u0131rl\u0131klar\u0131 t\u00fcm h\u0131z\u0131yla s\u00fcrerken, organizasyona binlerce sporcu kat\u0131lacak. Yar\u0131\u015flarda sporcular, 10 ve 21 &hellip; <a href=\"https:\/\/akdenizolaygazetesi.com\/?p=13666\" class=\"more-link\">Devam\u0131n\u0131 Oku&#8230;<\/a><\/p>\n","protected":false},"author":2,"featured_media":13667,"comment_status":"open","ping_status":"open","sticky":false,"template":"","format":"standard","meta":[],"categories":[3,10],"tags":[],"_links":{"self":[{"href":"https:\/\/akdenizolaygazetesi.com\/index.php?rest_route=\/wp\/v2\/posts\/13666"}],"collection":[{"href":"https:\/\/akdenizolaygazetesi.com\/index.php?rest_route=\/wp\/v2\/posts"}],"about":[{"href":"https:\/\/akdenizolaygazetesi.com\/index.php?rest_route=\/wp\/v2\/types\/post"}],"author":[{"embeddable":true,"href":"https:\/\/akdenizolaygazetesi.com\/index.php?rest_route=\/wp\/v2\/users\/2"}],"replies":[{"embeddable":true,"href":"https:\/\/akdenizolaygazetesi.com\/index.php?rest_route=%2Fwp%2Fv2%2Fcomments&post=13666"}],"version-history":[{"count":1,"href":"https:\/\/akdenizolaygazetesi.com\/index.php?rest_route=\/wp\/v2\/posts\/13666\/revisions"}],"predecessor-version":[{"id":13668,"href":"https:\/\/akdenizolaygazetesi.com\/index.php?rest_route=\/wp\/v2\/posts\/13666\/revisions\/13668"}],"wp:featuredmedia":[{"embeddable":true,"href":"https:\/\/akdenizolaygazetesi.com\/index.php?rest_route=\/wp\/v2\/media\/13667"}],"wp:attachment":[{"href":"https:\/\/akdenizolaygazetesi.com\/index.php?rest_route=%2Fwp%2Fv2%2Fmedia&parent=13666"}],"wp:term":[{"taxonomy":"category","embeddable":true,"href":"https:\/\/akdenizolaygazetesi.com\/index.php?rest_route=%2Fwp%2Fv2%2Fcategories&post=13666"},{"taxonomy":"post_tag","embeddable":true,"href":"https:\/\/akdenizolaygazetesi.com\/index.php?rest_route=%2Fwp%2Fv2%2Ftags&post=13666"}],"curies":[{"name":"wp","href":"https:\/\/api.w.org\/{rel}","templated":true}]}}