{"id":13669,"date":"2021-08-12T12:27:55","date_gmt":"2021-08-12T09:27:55","guid":{"rendered":"http:\/\/akdenizolaygazetesi.com\/?p=13669"},"modified":"2021-08-12T12:27:55","modified_gmt":"2021-08-12T09:27:55","slug":"baskan-secer-gulnarda-atalik-nohut-hasat-torenine-katildi","status":"publish","type":"post","link":"https:\/\/akdenizolaygazetesi.com\/?p=13669","title":{"rendered":"BA\u015eKAN SE\u00c7ER, G\u00dcLNAR\u2019DA ATALIK NOHUT HASAT T\u00d6REN\u0130\u2019NE KATILDI"},"content":{"rendered":"<p>Mersin B\u00fcy\u00fck\u015fehir Belediyesi\u2019nin tar\u0131ma y\u00f6nelik destekleri kapsam\u0131nda hayata ge\u00e7irdi\u011fi \u2018Yerel Nohut \u00c7e\u015fitlerinin Yerinde Korunmas\u0131 ve Pazarlanmas\u0131 Projesi\u2019 ile \u00e7ift\u00e7inin y\u00fcz\u00fc bir kez daha g\u00fcld\u00fc. Mersin B\u00fcy\u00fck\u015fehir Belediye Ba\u015fkan\u0131 Vahap Se\u00e7er, G\u00fclnar il\u00e7esi Day\u0131c\u0131k Mahallesi\u2019nde d\u00fczenlenen \u2018Atal\u0131k Nohut Hasat T\u00f6reni\u2019ne kat\u0131larak \u00e7ift\u00e7ilerin mutlulu\u011funa ortak oldu. \u00dcreticiyi destekleyerek dertlerine derman olmaya \u00e7al\u0131\u015ft\u0131klar\u0131n\u0131 ifade eden Ba\u015fkan Se\u00e7er, atal\u0131k tohumlar\u0131n serpildi\u011fi proje arazisinde nohutlar\u0131n ilk hasad\u0131n\u0131 yapt\u0131. Se\u00e7er, \u201c\u00dcrettik\u00e7e kazan\u0131r\u0131z, kazand\u0131k\u00e7a geli\u015firiz\u201d dedi.<\/p>\n<p>Ba\u015fkan Se\u00e7er, G\u00fclnar il\u00e7esine yapt\u0131\u011f\u0131 ziyaret kapsam\u0131nda nohut hasad\u0131 t\u00f6reni \u00f6ncesinde 3 mahallede vatanda\u015flarla bulu\u015farak taleplerini dinledi. G\u00fclnar il\u00e7esi K\u00f6se\u00e7obanl\u0131 Mahallesi\u2019nde Alanbo\u011faz mevkii, Gezende Mahallesi\u2019nde Bardat yaylas\u0131 ile Akova ve Demir\u00f6z\u00fc Mahallelerini gezen Ba\u015fkan Se\u00e7er, vatanda\u015f bulu\u015fmalar\u0131 s\u0131ras\u0131nda G\u00fclnar\u2019a g\u00f6z al\u0131c\u0131 bir g\u00fczellik katan Bardat Sayvant Lavanta Bah\u00e7esi\u2019ni de gezdi.<\/p>\n<p>B\u00fcy\u00fck\u015fehir destekliyor, \u00e7ift\u00e7i kazan\u0131yor<\/p>\n<p>Mersin B\u00fcy\u00fck\u015fehir Belediyesi Tar\u0131msal ve Veteriner Hizmetleri Dairesi ile Bahri Da\u011fda\u015f Uluslararas\u0131 Tar\u0131msal Ara\u015ft\u0131rma Enstit\u00fcs\u00fc i\u015f birli\u011fi ile y\u00fcr\u00fct\u00fclen \u00e7al\u0131\u015fmada \u00e7ift\u00e7inin y\u00fcz\u00fc bir kez daha g\u00fcld\u00fc. Ge\u00e7ti\u011fimiz Nisan ay\u0131nda yap\u0131lan proje kapsam\u0131nda G\u00fclnar\u2019da Bereket, \u015eeyh\u00f6mer ve Day\u0131c\u0131k Mahalleleri olmak \u00fczere toplam 3 mahalledeki 23 \u00fcreticiye 5\u2019er dekar alanda olmak \u00fczere 60\u2019ar kilo, toplamda da 1380 kilo atal\u0131k tohum deste\u011fi verildi. Yine her \u00fcreticiye 500 gram olmak \u00fczere toplam 11,5 kilo zirai ila\u00e7 deste\u011fi sunuldu.<\/p>\n<p>\u201cYapt\u0131\u011f\u0131m\u0131z projeler vatanda\u015f\u0131 kand\u0131rma projeleri de\u011fil, kalk\u0131nd\u0131rma projeleri\u201d<\/p>\n<p>T\u00f6rende yapt\u0131\u011f\u0131 konu\u015fmada birlikte hareket etmenin \u00f6nemine de\u011finen Ba\u015fkan Se\u00e7er, tar\u0131mda \u00e7ok \u00f6nemli projeleri hayata ge\u00e7irdiklerini, bunlardan birinin de atal\u0131k tohum deste\u011fi oldu\u011funu belirtti. Hadi Gel K\u00f6y\u00fcm\u00fcze Destek Verelim Projesi kapsam\u0131nda 60 \u00fcreticiye 25\u2019er k\u00fc\u00e7\u00fck ba\u015f hayvan verdiklerini, bu \u00fcreticilerden 6\u2019s\u0131n\u0131 G\u00fclnar\u2019dan se\u00e7tiklerini belirten Ba\u015fkan Se\u00e7er, \u201cHer birine 25 hayvan, 1 y\u0131ll\u0131k yem ve a\u015f\u0131s\u0131. Bu y\u0131l yine 60 \u00fcretici. 4\u2019\u00fcn\u00fc G\u00fclnar\u2019dan se\u00e7tik\u201d dedi. Se\u00e7er, projeden ge\u00e7en y\u0131l 26 kad\u0131n \u00fcreticinin faydaland\u0131\u011f\u0131n\u0131, bu y\u0131l bu say\u0131n\u0131n 34\u2019e ula\u015ft\u0131\u011f\u0131n\u0131 belirterek, \u201cBu bac\u0131m belediyeden 25 hayvan al\u0131yor, bunun \u00fcretimini \u00e7olu\u011fuyla, \u00e7ocu\u011fuyla yap\u0131yor. Belediyenin deste\u011fiyle bir hayvanc\u0131l\u0131k i\u015fletmesi sahibi oluyor. Bizim yapt\u0131\u011f\u0131m\u0131z projeler vatanda\u015f\u0131 kand\u0131rma projeleri de\u011fil, vatanda\u015f\u0131 kalk\u0131nd\u0131rma projeleri. B\u00f6yle ba\u015ftan savma belediye proje yap\u0131yor, destek veriyor diye proje yapm\u0131yoruz. Yine yeni bir proje bu y\u0131l ba\u015flad\u0131. Da\u011f\u0131t\u0131m\u0131n\u0131 da yapt\u0131k. 100 aileye her birine 100 kaz yavrusu, civcivi da\u011f\u0131tt\u0131k. Yemlerini de veriyoruz. Yeti\u015ftiricilerimiz hayvanlar\u0131 yeti\u015ftirdi\u011fi zaman bize satacaklar\u201d ifadelerini kulland\u0131.<\/p>\n<p>\u201c\u00dcrettik\u00e7e kazan\u0131r\u0131z, kazand\u0131k\u00e7a geli\u015firiz\u201d<\/p>\n<p>Tar\u0131msal hizmetler konusunda yapt\u0131klar\u0131 sulama borusu, sera ipi, g\u00fcbre, sera naylonu, fide-fidan ve ekipman desteklerini anlatarak s\u00f6zlerini s\u00fcrd\u00fcren Se\u00e7er, \u201c\u00dcrettik\u00e7e kazan\u0131r\u0131z, kazand\u0131k\u00e7a geli\u015firiz, her \u015feyimiz olur. Daha huzurlu oluruz, daha mutlu oluruz. B\u00fct\u00fcn k\u00f6t\u00fcl\u00fckler \u00e7al\u0131\u015fmayan toplumlarda olur, \u00fcretmeyen toplumlarda olur. Ba\u015fkas\u0131na muhta\u00e7 olan, m\u00fcstemleke olan toplumlarda olur. \u00c7ok \u015f\u00fck\u00fcr bizim soyumuzda b\u00f6yle bir \u015fey yok. Bizim atalar\u0131m\u0131z hep b\u00f6yle \u00e7al\u0131\u015fkan insanlard\u0131\u201d dedi.<\/p>\n<p>Ba\u015fkan Se\u00e7er\u2019den G\u00fclnarl\u0131lara dershane \u00f6\u011frencileri i\u00e7in yurt m\u00fcjdesi<\/p>\n<p>G\u00fclnar\u2019da da \u00e7ok de\u011ferli i\u015fler yapt\u0131klar\u0131n\u0131 s\u00f6yleyen Se\u00e7er, \u201cG\u00fclnar\u2019da \u00e7ok \u00f6nemli, de\u011ferli \u00e7al\u0131\u015fmalar yap\u0131l\u0131yor, yap\u0131lacak da. Hayvanc\u0131l\u0131k projesinden bahsettik. Yine alet, edevat da\u011f\u0131t\u0131m\u0131. Bug\u00fcn burada biraz sonra hasad\u0131n\u0131 yapaca\u011f\u0131m\u0131z yerel nohut \u00fcretimi\u201d diye konu\u015ftu. Se\u00e7er, G\u00fclnarl\u0131lar\u2019\u0131n \u00e7ok zeki ve okuyan insanlar olduklar\u0131n\u0131 belirterek, il\u00e7ede B\u00fcy\u00fck\u015fehir\u2019in dershanesi bulundu\u011funu, ayr\u0131ca yap\u0131m\u0131n\u0131 tamamlad\u0131klar\u0131 yurdu bu y\u0131l hizmete a\u00e7acaklar\u0131n\u0131 m\u00fcjdeledi. Ba\u015fkan Se\u00e7er, \u201c108 mevcut misafirhanemizde kalabilecek. Hem erkek \u00f6\u011frenciler, ayr\u0131 b\u00f6l\u00fcmler var, hem k\u0131z \u00f6\u011frenciler. \u00c7ocuklar\u0131n\u0131z\u0131 g\u00f6n\u00fcl rahatl\u0131\u011f\u0131yla belediyemizin misafirhanelerine emanet edin. Onlar bizim \u00e7ocuklar\u0131m\u0131z. Dershanemiz var, bu y\u0131l 232 \u00f6\u011frenci devam etti. Ben gittim, oturdum, sohbet ettim. Bu y\u0131l da ba\u015far\u0131m\u0131z \u00e7ok y\u00fcksek. \u0130lk 50 bine 125 \u00f6\u011frenci girdi. Dan\u0131\u015fma Merkezi\u2019ni ziyaret ettim. Bizim \u00f6\u011frencilerimiz geliyor, orada hocalar\u0131 onlara dan\u0131\u015fmanl\u0131k yap\u0131yor. Hangi okula gitsin, m\u00fchendislikse hangi m\u00fchendislik, t\u0131psa hangi t\u0131p, hangisi iyi e\u011fitim veriyor? Hepsini onlara anlat\u0131yorlar. Bizi e\u011fitim, bilim kurtar\u0131r. Ne demi\u015f Mustafa Kemal Atat\u00fcrk; \u2018Hayatta en hakiki m\u00fcr\u015fit ilimdir.\u2019 \u0130limin pe\u015fine gidece\u011fiz\u201d ifadelerini kulland\u0131.<\/p>\n<p>LGS s\u0131nav\u0131na girecek \u00f6\u011frencilerin de B\u00fcy\u00fck\u015fehir\u2019in dershanelerine kay\u0131t yapt\u0131rabilece\u011fini ifade eden Se\u00e7er, \u201cBen bac\u0131lar\u0131ma bir m\u00fcjde daha vermek istiyorum. LGS s\u0131nav\u0131na girecek k\u0131zlar\u0131m\u0131z\u0131 da dershanemize yazd\u0131rabilirsiniz. Bu uygulama bu y\u0131l ba\u015flad\u0131, \u015fu anda kay\u0131t al\u0131yoruz. 75 kontenjan a\u00e7t\u0131k G\u00fclnar&#8217;a. Sadece se\u00e7im \u00f6ncesi bu adam se\u00e7ilirse hizmeti Mersin&#8217;e yapar, Tarsus\u2019a yapar, gerisi yalan diyenlere de buradan kapak olsun G\u00fclnar. Olsun mu, olsun de\u011fil mi? Demek ki adalet bizde. Biz adalet da\u011f\u0131t\u0131yoruz. G\u00fclnarl\u0131 da benim karde\u015fim. Anamurlu da, Tarsuslu da\u201d diye konu\u015ftu.<\/p>\n<p>\u201c3 y\u0131l s\u00fcreli atal\u0131k tohum projemizi en g\u00fczel \u015fekilde de\u011ferlendirece\u011fiz\u201d<\/p>\n<p>Hasad\u0131 yap\u0131lan atal\u0131k tohum projesinin detaylar\u0131 hakk\u0131nda da konu\u015fan Ba\u015fkan Se\u00e7er, projede Tar\u0131m ve K\u00f6y \u0130\u015fleri Bakanl\u0131\u011f\u0131\u2019na ba\u011fl\u0131 Bahri Da\u011fda\u015f Uluslararas\u0131 Tar\u0131msal Ara\u015ft\u0131rma Enstit\u00fcs\u00fc, Mersin B\u00fcy\u00fck\u015fehir Belediyesi Tar\u0131msal ve Veteriner Hizmetleri Dairesi ve Mersinden Kad\u0131n Kooperatifi\u2019nin i\u015f birli\u011fi yapt\u0131\u011f\u0131n\u0131 s\u00f6yledi. Se\u00e7er, \u015f\u00f6yle devam etti:<\/p>\n<p>\u201cBakanl\u0131\u011fa ba\u011fl\u0131 da olsa, belediye de olsa bu kurumlar milletin kurumlar\u0131 ve i\u015fbirli\u011fi yapma gereklili\u011fi var, hatta zorunlulu\u011fu var. \u00c7\u00fcnk\u00fc iyi \u015feyler \u00e7\u0131k\u0131yor. \u00c7ok de\u011ferli \u00e7al\u0131\u015fmalar yap\u0131l\u0131yor. Yine Silifke&#8217;de Baland\u0131z\u2019da sar\u0131 bu\u011fday \u00fcretimi yap\u0131l\u0131yor. Yine atal\u0131k tohum. Bu y\u0131l ikinci y\u0131l\u0131yd\u0131. Burada yapt\u0131\u011f\u0131m\u0131z proje ilk y\u0131l\u0131. Yerel nohut \u00e7e\u015fitlerinin korunmas\u0131 ad\u0131 alt\u0131nda bu projeyi 3 y\u0131l s\u00fcreyle yapaca\u011f\u0131z. Bu y\u0131l ne yapt\u0131k? Bereket, Day\u0131c\u0131k, \u015eeyh\u00f6mer Mahallesi\u2019ne toplamda 7\u2019si kad\u0131n olmak \u00fczere 23 \u00fcreticimize tohum da\u011f\u0131tt\u0131k. \u00dcretim yapt\u0131lar. Toplamda 115 dekar, her birine 5 dekarl\u0131k tohumlar\u0131n\u0131 verdik. 1380 kilogram. Her bir \u00fcretici i\u00e7in de zirai ila\u00e7 desteklerini yapt\u0131k. \u015eimdi hasad\u0131n\u0131 yapaca\u011f\u0131z. Bunun al\u0131m\u0131n\u0131 yine biz yapaca\u011f\u0131z kooperatif arac\u0131l\u0131\u011f\u0131yla. Mersinden Kad\u0131n Kooperatifi, bu kooperatifimizin de \u00f6nemli destekleri ve emekleri var. Fiyat\u0131m\u0131z Toprak Mahsulleri Ofisi\u2019nin a\u00e7\u0131klad\u0131\u011f\u0131 fiyattan % 25 daha fazla. Burada \u00fcreticinin kazanc\u0131 \u00f6nemli. Bir nevi anla\u015fmal\u0131 bir \u00fcretim gibi. Alan memnun, satan memnun olmal\u0131. Biri memnun olur, di\u011feri memnun olmazsa proje y\u00fcr\u00fcmez. Her 2 taraf da bu i\u015ften memnun olacak. 3 y\u0131l s\u00fcreli bu projemizi en g\u00fczel \u015fekilde de\u011ferlendirece\u011fiz.\u201d<\/p>\n<p>G\u00fclnar\u2019\u0131n ku\u015f \u00fcz\u00fcm\u00fcne ili\u015fkin de konu\u015fan Se\u00e7er, \u201cTar\u0131msal Hizmetler Dairesi Ba\u015fkanl\u0131\u011f\u0131m\u0131z ba\u015fta Ankara, \u0130stanbul, \u0130zmir, Adana gibi b\u00fcy\u00fck\u015fehirlerimiz olmak \u00fczere ekmek \u00fcretiminde ku\u015f \u00fcz\u00fcm\u00fcn\u00fc kullanmalar\u0131 i\u00e7in arac\u0131l\u0131k hizmeti yap\u0131yorlar. Yani bizim b\u00f6lgemizden bu \u00fcr\u00fcnleri al\u0131n, kullan\u0131n diye arkada\u015flar\u0131m\u0131z s\u00fcrekli sizlere, \u00fcreticilerimize, kooperatiflerimize yard\u0131mc\u0131 olmaya \u00e7al\u0131\u015f\u0131yor. Biz ge\u00e7en y\u0131l da ald\u0131k. Bunlar\u0131 50 graml\u0131k paketlerde Mersin merkezde baz\u0131 dezavantajlar\u0131 mahallelerde s\u00fct da\u011f\u0131t\u0131m\u0131 yap\u0131yoruz. S\u00fctle beraber \u00e7ocuklar\u0131m\u0131z\u0131n g\u0131da ihtiyac\u0131n\u0131 gidermek i\u00e7in da\u011f\u0131t\u0131m\u0131n\u0131 ger\u00e7ekle\u015ftirdik\u201d dedi.<\/p>\n<p>\u201cMeclis toplant\u0131lar\u0131n\u0131 izlemenizi istiyorum\u201d<\/p>\n<p>Mersin B\u00fcy\u00fck\u015fehir Belediyesi A\u011fustos Ay\u0131 Meclis Toplant\u0131s\u0131 1. Birle\u015fimi hakk\u0131nda da vatanda\u015flara a\u00e7\u0131klamalar yapan Ba\u015fkan Se\u00e7er, bu ay\u0131n ikinci birle\u015fiminin pazartesi g\u00fcn\u00fc yap\u0131laca\u011f\u0131n\u0131 hat\u0131rlatt\u0131. Se\u00e7er, \u201cMeclis toplant\u0131lar\u0131n\u0131 izlemenizi istiyorum. Bu sizin b\u00f6lgenizin hizmet eksikli\u011fi ya da taleplerinizin yerine getirilip getirilmedi\u011fi, Meclis \u00fcyelerinizin sorunlar\u0131n\u0131 orada Meclis\u2019te dile getirip getirmedi\u011fi, kimin ne s\u00f6yledi\u011fi, hangi y\u00f6nde hangi kararlar\u0131n alt\u0131na imza att\u0131\u011f\u0131 konusunda bilgilenmeniz a\u00e7\u0131s\u0131ndan \u00e7ok \u00f6nemli. Zaman zaman gerginlikler oluyor. \u00d6zellikle mutlaka Meclislerde gerginlikler olacakt\u0131r, m\u00fcnaka\u015falar olacakt\u0131r. \u00d6nemli olan temsil etti\u011fimiz kurumlara ya da \u015fahs\u0131m\u0131za, izzeti nefsimize, onurumuza, ki\u015fili\u011fimize y\u00f6nelik s\u00f6zl\u00fc sald\u0131r\u0131lar\u0131n olmamas\u0131. Onun d\u0131\u015f\u0131nda ele\u015ftirilere a\u00e7\u0131\u011f\u0131z. Her \u00e7a\u011fda\u015f insan, her medeni insan, her demokrasiyi i\u00e7ine sindirmi\u015f, i\u00e7selle\u015ftirmi\u015f siyaset\u00e7i bunu b\u00f6yle d\u00fc\u015f\u00fcn\u00fcr. Ben \u00e7ok \u015f\u00fck\u00fcr demokrasiyi i\u00e7selle\u015ftirmi\u015f bir siyaset\u00e7iyim. Herkes beni adab\u0131 mua\u015feret i\u00e7erisinde mutlaka ele\u015ftirecektir\u201d dedi. 2021 b\u00fct\u00e7esini haz\u0131rlarken yapacaklar\u0131 hizmetler kar\u015f\u0131s\u0131nda 265 milyon liral\u0131k a\u00e7\u0131k \u00f6ng\u00f6rd\u00fcklerini, bunun i\u00e7in bor\u00e7lanma yapmak zorunda kalabileceklerini ge\u00e7en y\u0131l Kas\u0131m ay\u0131nda Meclis \u00fcyeleri ile payla\u015ft\u0131klar\u0131n\u0131 an\u0131msatan Ba\u015fkan Se\u00e7er, b\u00fct\u00e7eye o d\u00f6nemde \u201cevet\u201d diyen Meclis \u00fcyelerinin \u015fimdi kendisine bor\u00e7lanma i\u00e7in yetki vermediklerini vurgulad\u0131. Yol yap\u0131m\u0131ndan i\u00e7me suyu ula\u015ft\u0131rmaya kadar bir\u00e7ok alanda hizmet sunduklar\u0131n\u0131 s\u00f6yleyen Se\u00e7er, konu\u015fmas\u0131na \u015f\u00f6yle devam etti:<\/p>\n<p>\u201cZaman zaman bor\u00e7lanma ihtiyac\u0131m\u0131z oluyor. Bu yetkiyi Ba\u015fkan\u2019a verin dedi\u011fimiz noktada \u2018Hay\u0131r, biz bu yetkiyi vermeyece\u011fiz\u2019 diyorlar. \u015eimdi bu en hafif tabirle Mersin&#8217;e gelecek olan hizmetleri engelleme demektir. Bu siyaset u\u011fruna, Mersin&#8217;in gelece\u011finin alt\u0131na dinamit koymak demektir. Bu siyaset u\u011fruna bizi siyaseten k\u00f6\u015feye s\u0131k\u0131\u015ft\u0131r\u0131p, zor duruma sokma u\u011fruna Mersin&#8217;in gelece\u011fini \u00e7almak demektir, Mersin&#8217;in istikbali ile oynamak demektir. Zaman de\u011ferli. Her ge\u00e7en s\u00fcre hayat\u0131m\u0131zdan ge\u00e7iyor. Biz hizmetleri \u00e7ok \u00e7abuk getirmek istiyoruz. Ge\u00e7 gelen hizmet iyi bir hizmet de\u011fil. Su sorununuz var, ben onu hemen yar\u0131n \u00e7\u00f6zmem laz\u0131m. Kanalizasyon sorununuz var, yol sorununuz var, yard\u0131m talebiniz var, tar\u0131msal destek talebiniz var. Biz bu taleplerinizi zaman ge\u00e7irmeden, \u00dcsk\u00fcdar&#8217;da sabah olmadan, at\u0131 alan \u00dcsk\u00fcdar&#8217;\u0131 ge\u00e7meden yerine getirmemiz laz\u0131m. \u015eimdi bizim baca\u011f\u0131m\u0131zdan yakalayarak ko\u015fmam\u0131za engel olanlara buradan seslenmek istiyorum. Evelallah ayak adalelerimiz \u00e7ok g\u00fc\u00e7l\u00fc. Onlardan s\u0131yr\u0131laca\u011f\u0131z. Yine de ko\u015far ad\u0131m hedefe do\u011fru devam edece\u011fiz. Hizmetlerimiz devam edecek. Hi\u00e7 kimsenin endi\u015fesi olmas\u0131n. \u00c7ok te\u015fekk\u00fcr ediyorum. Bu projede eme\u011fi ge\u00e7en herkese sonsuz te\u015fekk\u00fcrlerimi sunuyorum. Bereketli olsun, hay\u0131rl\u0131 olsun diyorum.\u201d<\/p>\n<p>\u201cBiz T\u00fcrkiye\u2019de ba\u015far\u0131l\u0131 belediyelerin ba\u015f\u0131nda geliyoruz\u201d<\/p>\n<p>Nohut hasad\u0131 \u00f6ncesi mahallelerde yapt\u0131\u011f\u0131 ziyaretlerde vatanda\u015flar\u0131n taleplerini dinleyen Se\u00e7er, \u201cBen kendimi d\u00fcnyan\u0131n en \u015fansl\u0131 insanlar\u0131ndan biri olarak g\u00f6r\u00fcyorum. \u00c7\u00fcnk\u00fc diyorum ki, \u2018Allah nasip etti. B\u00f6yle g\u00fczel bir memlekete hizmet etme \u015fans\u0131 verdi bana. Bunu tabi \u00f6nce Allah\u2019\u0131n izni, sonra sizlerin sayesinde bulduk. Buna lay\u0131k olmaya \u00e7al\u0131yoruz\u201d dedi.<\/p>\n<p>Se\u00e7er, b\u00f6lgenin sorunlar\u0131n\u0131 \u00e7\u00f6zmek i\u00e7in \u00e7al\u0131\u015ft\u0131klar\u0131n\u0131 belirterek, \u201cBiz T\u00fcrkiye\u2019de iyi \u00e7al\u0131\u015fan, g\u00f6revini iyi yapan ba\u015far\u0131l\u0131 belediyelerin ba\u015f\u0131nda geliyoruz. Burada \u00e7ok tevazu sahibi olmayal\u0131m.  Bu i\u015fi bilenler, bu i\u015fi takip edenler, ara\u015ft\u0131rma \u015firketleri, siyasi otoriterlerin yapt\u0131\u011f\u0131 de\u011ferlendirmelerde Mersin B\u00fcy\u00fck\u015fehir Belediyesi, T\u00fcrkiye\u2019de \u00f6rnek g\u00f6sterilebilecek projeler yapan, hizmet g\u00f6t\u00fcren, ciddi ve disiplinli \u00e7al\u0131\u015fan, gelece\u011fe emin ad\u0131mlarla y\u00fcr\u00fcyen belediyelerin ba\u015f\u0131nda geliyor. Sab\u0131rla a\u015famayaca\u011f\u0131m\u0131z engel yok\u201d diye konu\u015ftu.<\/p>\n<p>Proje ve hizmetlerde e\u015fitli\u011fe \u00f6nem verdiklerini ve ayr\u0131mc\u0131l\u0131\u011fa asla izin vermediklerini s\u00f6yleyen Se\u00e7er, \u201cYolu da herkes i\u00e7in yap\u0131yoruz. Suyu da herkes i\u00e7in getiriyoruz. G\u0131da yard\u0131m\u0131 yap\u0131lacaksa fakire fukaraya, garibe gurebaya onun siyasi partisine, kime oy verdi\u011fine bakmadan onlar\u0131n hepsini yap\u0131yoruz. Biz herkesin belediyesiyiz\u201d ifadelerini kulland\u0131.<\/p>\n<p>Ba\u015fkan Se\u00e7er\u2019den \u00f6zel gereksinimli Yahya\u2019n\u0131n yol talebine olumlu yan\u0131t<\/p>\n<p>Bardat yaylas\u0131nda ya\u015fam\u0131n\u0131 s\u00fcrd\u00fcren 32 ya\u015f\u0131ndaki \u00f6zel gereksinimli Yahya Ko\u00e7ak, \u201cBa\u015fkan\u0131m yolumu yap\u0131n l\u00fctfen\u201d d\u00f6vizi ile Ba\u015fkan Se\u00e7er\u2019i kar\u015f\u0131lad\u0131. Ko\u00e7ak\u2019\u0131n talebine ili\u015fkin a\u00e7\u0131klamalarda bulunan Ba\u015fkan Se\u00e7er, \u201cBizden bir\u00e7ok yolun yap\u0131lmas\u0131 istenir. Emin olun taleplerin %70\u2019i, 80\u2019i bize ait de\u011fil. Yasalardan kaynaklanan b\u00f6yle bir s\u0131k\u0131nt\u0131 var. B\u00fcy\u00fck\u015fehir\u2019in, il\u00e7enin, karayollar\u0131n\u0131n, orman\u0131n, DS\u0130\u2019nin. Ama akla kim gelir? Ba\u015f\u0131n\u0131za bir \u015fey geldi mi baba gelir de\u011fil mi? Can\u0131n\u0131z yand\u0131 m\u0131 \u2018anne\u2019 diye can\u0131n\u0131z yanar, \u015fimdi bir \u015fey oldu mu da \u2018b\u00fcy\u00fck\u015fehir.\u2019 Ad\u0131 b\u00fcy\u00fck. Bu da do\u011fald\u0131r. Biz Yahya\u2019n\u0131n bu yolunu yapaca\u011f\u0131z. Oraya 250 metrelik bir parke istemi\u015fler\u201d dedi.<\/p>\n","protected":false},"excerpt":{"rendered":"<p>Mersin B\u00fcy\u00fck\u015fehir Belediyesi\u2019nin tar\u0131ma y\u00f6nelik destekleri kapsam\u0131nda hayata ge\u00e7irdi\u011fi \u2018Yerel Nohut \u00c7e\u015fitlerinin Yerinde Korunmas\u0131 ve Pazarlanmas\u0131 Projesi\u2019 ile \u00e7ift\u00e7inin y\u00fcz\u00fc bir kez daha g\u00fcld\u00fc. Mersin B\u00fcy\u00fck\u015fehir Belediye Ba\u015fkan\u0131 Vahap Se\u00e7er, &hellip; <a href=\"https:\/\/akdenizolaygazetesi.com\/?p=13669\" class=\"more-link\">Devam\u0131n\u0131 Oku&#8230;<\/a><\/p>\n","protected":false},"author":2,"featured_media":13670,"comment_status":"open","ping_status":"open","sticky":false,"template":"","format":"standard","meta":[],"categories":[8,2,3,5],"tags":[],"_links":{"self":[{"href":"https:\/\/akdenizolaygazetesi.com\/index.php?rest_route=\/wp\/v2\/posts\/13669"}],"collection":[{"href":"https:\/\/akdenizolaygazetesi.com\/index.php?rest_route=\/wp\/v2\/posts"}],"about":[{"href":"https:\/\/akdenizolaygazetesi.com\/index.php?rest_route=\/wp\/v2\/types\/post"}],"author":[{"embeddable":true,"href":"https:\/\/akdenizolaygazetesi.com\/index.php?rest_route=\/wp\/v2\/users\/2"}],"replies":[{"embeddable":true,"href":"https:\/\/akdenizolaygazetesi.com\/index.php?rest_route=%2Fwp%2Fv2%2Fcomments&post=13669"}],"version-history":[{"count":1,"href":"https:\/\/akdenizolaygazetesi.com\/index.php?rest_route=\/wp\/v2\/posts\/13669\/revisions"}],"predecessor-version":[{"id":13671,"href":"https:\/\/akdenizolaygazetesi.com\/index.php?rest_route=\/wp\/v2\/posts\/13669\/revisions\/13671"}],"wp:featuredmedia":[{"embeddable":true,"href":"https:\/\/akdenizolaygazetesi.com\/index.php?rest_route=\/wp\/v2\/media\/13670"}],"wp:attachment":[{"href":"https:\/\/akdenizolaygazetesi.com\/index.php?rest_route=%2Fwp%2Fv2%2Fmedia&parent=13669"}],"wp:term":[{"taxonomy":"category","embeddable":true,"href":"https:\/\/akdenizolaygazetesi.com\/index.php?rest_route=%2Fwp%2Fv2%2Fcategories&post=13669"},{"taxonomy":"post_tag","embeddable":true,"href":"https:\/\/akdenizolaygazetesi.com\/index.php?rest_route=%2Fwp%2Fv2%2Ftags&post=13669"}],"curies":[{"name":"wp","href":"https:\/\/api.w.org\/{rel}","templated":true}]}}