{"id":13675,"date":"2021-08-12T12:32:15","date_gmt":"2021-08-12T09:32:15","guid":{"rendered":"http:\/\/akdenizolaygazetesi.com\/?p=13675"},"modified":"2021-08-12T12:32:15","modified_gmt":"2021-08-12T09:32:15","slug":"gelecegin-profesyonel-basketbolculari-olacaklar","status":"publish","type":"post","link":"https:\/\/akdenizolaygazetesi.com\/?p=13675","title":{"rendered":"&#8220;Gelece\u011fin profesyonel basketbolcular\u0131 olacaklar\u201d"},"content":{"rendered":"<p>Akdeniz Belediyesi Basketbol Yaz Okulu&#8217;nda haftan\u0131n 5 g\u00fcn\u00fc, g\u00fcnde 3 saat olmak kayd\u0131yla 150 \u00e7ocu\u011fa e\u011fitim veriliyor.<br \/>\nAkdeniz Belediyesi, \u00f6\u011frencilerin yaz tatillerini daha verimli ge\u00e7irebilmeleri, sa\u011fl\u0131kl\u0131 bir \u015fekilde geli\u015fim g\u00f6sterebilmeleri ad\u0131na ba\u015flatm\u0131\u015f oldu\u011fu yaz okullar\u0131ndaki e\u011fitimlerini s\u00fcrd\u00fcr\u00fcyor. \u00dcmit Ya\u015far O\u011fuzcan Park\u0131 i\u00e7erisinde bulunan basketbol sahas\u0131nda s\u00fcren e\u011fitimlere 6-13 ya\u015f aras\u0131nda 150 \u00e7ocuk kat\u0131l\u0131yor.<br \/>\n&#8220;Gelece\u011fin profesyonel basketbolcular\u0131 olacaklar\u201d<br \/>\nE\u011fitmen basketbol antren\u00f6rleri Tahsin Mert \u00d6zkan ve K\u00fcbra K\u0131sa ile s\u00fcren kurslarda, \u00e7ocuklara sporun \u00f6nemi ve faydalar\u0131ndan s\u00f6z edilirken, basketbola dair temel pratik bilgiler de veriliyor.  Kursa ili\u015fkin a\u00e7\u0131klama yapan Antren\u00f6r Tahsin Mert \u00d6zkan, &#8220;Basketbol yaz okulumuz, bekledi\u011fimiz gibi bu y\u0131l da \u00e7ok b\u00fcy\u00fck ilgi g\u00f6rd\u00fc. Haftan\u0131n 5 g\u00fcn\u00fc, ya\u015f gruplar\u0131na g\u00f6re g\u00fcnde 3 saat toplamda 150 \u00e7ocu\u011fumuza basketbol e\u011fitimi veriyoruz. \u00d6\u011frencilerimizin ki\u015fisel yeteneklerini, koordineli \u00e7al\u0131\u015fmalarla birle\u015ftirip, bir nevi disipline etmi\u015f oluyor ve profesyonel sporcu olmalar\u0131 i\u00e7in elimizden geleni yap\u0131yoruz&#8221; dedi.<br \/>\n&#8220;Eme\u011fi ge\u00e7en herkese te\u015fekk\u00fcr ederiz&#8221;<br \/>\nAkdeniz il\u00e7esindeki spor tesisi yat\u0131r\u0131mlar\u0131n\u0131n h\u0131zla ivme kazand\u0131\u011f\u0131na da de\u011finen \u00d6zkan, &#8220;Say\u0131n Ba\u015fkan\u0131m\u0131z Mustafa G\u00fcltak&#8217;a ve eme\u011fi ge\u00e7en devlet b\u00fcy\u00fcklerimize bizlere sunmu\u015f olduklar\u0131 bu imk\u00e2nlardan dolay\u0131 sonsuz te\u015fekk\u00fcrlerimizi sunuyoruz. Sonu\u00e7ta \u00e7ocuklar\u0131m\u0131z\u0131n hem sa\u011fl\u0131kl\u0131 hem de e\u011fitimli bir \u015fekilde geli\u015fmelerine katk\u0131da bulunuyorlar. B\u00f6ylelikle hem velilerimiz, hem bizler hem de \u00e7ocuklar\u0131m\u0131z \u00e7ok mutlu oluyoruz&#8221; ifadelerini kulland\u0131.<br \/>\n&#8220;Spora deste\u011fimiz artarak devam edecek&#8221;<br \/>\nAkdeniz Belediye Ba\u015fkan\u0131 Mustafa G\u00fcltak ise, \u201c\u0130l\u00e7emizde spor tesisleri yok denecek kadar azd\u0131. Biz g\u00f6reve geldi\u011fimizden bu yana hem bakanl\u0131klar\u0131m\u0131z\u0131n hem de Spor Toto Te\u015fkilat\u0131&#8217;n\u0131n sayesinde toplamda 30 milyon TL&#8217;yi ge\u00e7en yat\u0131r\u0131mlara imza att\u0131k. Bug\u00fcn uzman antren\u00f6rlerimizin nezaretinde bir\u00e7ok spor bran\u015f\u0131 ile e\u011fitimlerimiz s\u00fcr\u00fcyor. \u00c7ocuklar bizim en de\u011ferli varl\u0131klar\u0131m\u0131z. Onlar\u0131 sporun farkl\u0131 dallar\u0131yla bulu\u015fturup profesyonel bir hayata haz\u0131rlamak g\u00f6revimiz. Spora ve sporcuya deste\u011fimiz artarak devem edecek\u201d diye konu\u015ftu.<\/p>\n","protected":false},"excerpt":{"rendered":"<p>Akdeniz Belediyesi Basketbol Yaz Okulu&#8217;nda haftan\u0131n 5 g\u00fcn\u00fc, g\u00fcnde 3 saat olmak kayd\u0131yla 150 \u00e7ocu\u011fa e\u011fitim veriliyor. Akdeniz Belediyesi, \u00f6\u011frencilerin yaz tatillerini daha verimli ge\u00e7irebilmeleri, sa\u011fl\u0131kl\u0131 bir \u015fekilde geli\u015fim g\u00f6sterebilmeleri &hellip; <a href=\"https:\/\/akdenizolaygazetesi.com\/?p=13675\" class=\"more-link\">Devam\u0131n\u0131 Oku&#8230;<\/a><\/p>\n","protected":false},"author":2,"featured_media":13676,"comment_status":"open","ping_status":"open","sticky":false,"template":"","format":"standard","meta":[],"categories":[3,10],"tags":[],"_links":{"self":[{"href":"https:\/\/akdenizolaygazetesi.com\/index.php?rest_route=\/wp\/v2\/posts\/13675"}],"collection":[{"href":"https:\/\/akdenizolaygazetesi.com\/index.php?rest_route=\/wp\/v2\/posts"}],"about":[{"href":"https:\/\/akdenizolaygazetesi.com\/index.php?rest_route=\/wp\/v2\/types\/post"}],"author":[{"embeddable":true,"href":"https:\/\/akdenizolaygazetesi.com\/index.php?rest_route=\/wp\/v2\/users\/2"}],"replies":[{"embeddable":true,"href":"https:\/\/akdenizolaygazetesi.com\/index.php?rest_route=%2Fwp%2Fv2%2Fcomments&post=13675"}],"version-history":[{"count":1,"href":"https:\/\/akdenizolaygazetesi.com\/index.php?rest_route=\/wp\/v2\/posts\/13675\/revisions"}],"predecessor-version":[{"id":13677,"href":"https:\/\/akdenizolaygazetesi.com\/index.php?rest_route=\/wp\/v2\/posts\/13675\/revisions\/13677"}],"wp:featuredmedia":[{"embeddable":true,"href":"https:\/\/akdenizolaygazetesi.com\/index.php?rest_route=\/wp\/v2\/media\/13676"}],"wp:attachment":[{"href":"https:\/\/akdenizolaygazetesi.com\/index.php?rest_route=%2Fwp%2Fv2%2Fmedia&parent=13675"}],"wp:term":[{"taxonomy":"category","embeddable":true,"href":"https:\/\/akdenizolaygazetesi.com\/index.php?rest_route=%2Fwp%2Fv2%2Fcategories&post=13675"},{"taxonomy":"post_tag","embeddable":true,"href":"https:\/\/akdenizolaygazetesi.com\/index.php?rest_route=%2Fwp%2Fv2%2Ftags&post=13675"}],"curies":[{"name":"wp","href":"https:\/\/api.w.org\/{rel}","templated":true}]}}