{"id":1368,"date":"2020-11-04T18:21:56","date_gmt":"2020-11-04T15:21:56","guid":{"rendered":"http:\/\/mersinekonomipolitikagazetesi.com\/?p=1368"},"modified":"2020-11-04T18:21:56","modified_gmt":"2020-11-04T15:21:56","slug":"mahalle-komsusunu-av-tufegiyle-vurup-kacti","status":"publish","type":"post","link":"https:\/\/akdenizolaygazetesi.com\/?p=1368","title":{"rendered":"Mahalle kom\u015fusunu av t\u00fcfe\u011fiyle vurup ka\u00e7t\u0131"},"content":{"rendered":"<p>Mersin\u2019in Mut il\u00e7esine ba\u011fl\u0131 Ala\u00e7am Mahallesinde bir ki\u015fi, hen\u00fcz bilinmeyen bir sebepten dolay\u0131 kom\u015fusunu av t\u00fcfe\u011fiyle \u00f6ld\u00fcrerek ka\u00e7t\u0131.<\/p>\n<p>Al\u0131nan bilgiye g\u00f6re, olay Mut il\u00e7esine ba\u011fl\u0131 Ala\u00e7am Mahallesi&#8217;nde meydana geldi. \u0130ftardan sonra \u0130brahim Telli\u2019ye ait evde 4 ki\u015fi misafirlikte iken Musa Tiryaki (21) ile ayn\u0131 mahalleden Helim \u00c7elik (22) aras\u0131nda hen\u00fcz \u00f6\u011frenilemeyen bir nedenden dolay\u0131 tart\u0131\u015fma \u00e7\u0131kt\u0131.<br \/>\nTart\u0131\u015fmadan sonra olay yerinden uzakla\u015fan Musa Tiryaki elinde av t\u00fcfe\u011fiyle eve geri d\u00f6nd\u00fc. Elindeki t\u00fcfe\u011fiyle evde oturmakta olan Helim \u00c7elik\u2019i boynundan vurduktan sonra olay yerinden ka\u00e7t\u0131.<br \/>\n\u0130hbar \u00fczerine olay yerine gelen 112 sa\u011fl\u0131k ekipleri ve Jandarma vurulan Helim \u00c7elik\u2019in \u00f6ld\u00fc\u011f\u00fcn\u00fc belirledi.<br \/>\nCumhuriyet savc\u0131s\u0131n\u0131n olay yerinde yapt\u0131\u011f\u0131 incelemenin ard\u0131ndan Helim \u00c7elik\u2019in cenazesi Adana Adli T\u0131p Merkezi&#8217;ne g\u00f6nderildi. Olaydan sonra ka\u00e7an cinayet zanl\u0131s\u0131 Musa Tiryaki\u2019nin yakalamak i\u00e7in geni\u015f \u00e7apl\u0131 soru\u015fturma ba\u015flatt\u0131.<br \/>\nOlayla ilgili \u0130HA muhabirine bilgi veren Ala\u00e7am Mahalle Muhtar\u0131 Abdullah \u00d6rs, \u201ciftardan sonra Mahalle sakinlerinden \u0130brahim Telli\u2019nin evinde 4 arkada\u015f misafir olarak sohbet halinde iken, hen\u00fcz belirlenemeyen bir sebepten dolay\u0131 Musa Tiryaki evi terk etmi\u015f. Aradan k\u0131sa bir zaman sonra elinde av t\u00fcfe\u011fiyle eve geri d\u00f6nen Musa Tiryaki, Helim \u00c7elik isimli \u015fahs\u0131 boynundan vurduktan sonra olay yerinden ka\u00e7m\u0131\u015f\u201d dedi.<\/p>\n","protected":false},"excerpt":{"rendered":"<p>Mersin\u2019in Mut il\u00e7esine ba\u011fl\u0131 Ala\u00e7am Mahallesinde bir ki\u015fi, hen\u00fcz bilinmeyen bir sebepten dolay\u0131 kom\u015fusunu av t\u00fcfe\u011fiyle \u00f6ld\u00fcrerek ka\u00e7t\u0131. Al\u0131nan bilgiye g\u00f6re, olay Mut il\u00e7esine ba\u011fl\u0131 Ala\u00e7am Mahallesi&#8217;nde meydana geldi. \u0130ftardan &hellip; <a href=\"https:\/\/akdenizolaygazetesi.com\/?p=1368\" class=\"more-link\">Devam\u0131n\u0131 Oku&#8230;<\/a><\/p>\n","protected":false},"author":1,"featured_media":0,"comment_status":"open","ping_status":"open","sticky":false,"template":"","format":"standard","meta":[],"categories":[],"tags":[],"_links":{"self":[{"href":"https:\/\/akdenizolaygazetesi.com\/index.php?rest_route=\/wp\/v2\/posts\/1368"}],"collection":[{"href":"https:\/\/akdenizolaygazetesi.com\/index.php?rest_route=\/wp\/v2\/posts"}],"about":[{"href":"https:\/\/akdenizolaygazetesi.com\/index.php?rest_route=\/wp\/v2\/types\/post"}],"author":[{"embeddable":true,"href":"https:\/\/akdenizolaygazetesi.com\/index.php?rest_route=\/wp\/v2\/users\/1"}],"replies":[{"embeddable":true,"href":"https:\/\/akdenizolaygazetesi.com\/index.php?rest_route=%2Fwp%2Fv2%2Fcomments&post=1368"}],"version-history":[{"count":0,"href":"https:\/\/akdenizolaygazetesi.com\/index.php?rest_route=\/wp\/v2\/posts\/1368\/revisions"}],"wp:attachment":[{"href":"https:\/\/akdenizolaygazetesi.com\/index.php?rest_route=%2Fwp%2Fv2%2Fmedia&parent=1368"}],"wp:term":[{"taxonomy":"category","embeddable":true,"href":"https:\/\/akdenizolaygazetesi.com\/index.php?rest_route=%2Fwp%2Fv2%2Fcategories&post=1368"},{"taxonomy":"post_tag","embeddable":true,"href":"https:\/\/akdenizolaygazetesi.com\/index.php?rest_route=%2Fwp%2Fv2%2Ftags&post=1368"}],"curies":[{"name":"wp","href":"https:\/\/api.w.org\/{rel}","templated":true}]}}