{"id":13684,"date":"2021-08-13T13:17:03","date_gmt":"2021-08-13T10:17:03","guid":{"rendered":"http:\/\/akdenizolaygazetesi.com\/?p=13684"},"modified":"2021-08-13T13:17:03","modified_gmt":"2021-08-13T10:17:03","slug":"genclerimizin-basarisiyla-gurur-duyduk","status":"publish","type":"post","link":"https:\/\/akdenizolaygazetesi.com\/?p=13684","title":{"rendered":"&#8220;Gen\u00e7lerimizin Ba\u015far\u0131s\u0131yla Gurur Duyduk&#8221;"},"content":{"rendered":"<p>Toroslar Belediye Ba\u015fkan\u0131 Ats\u0131z Af\u015f\u0131n Y\u0131lmaz, 2021 y\u0131l\u0131 Y\u00fcksek\u00f6\u011fretim Kurumlar\u0131 S\u0131nav\u0131nda (YKS) derece yapan Mersinli ikiz karde\u015fleri, ailesiyle birlikte a\u011f\u0131rlad\u0131.<\/p>\n<p>Ba\u015fkan Y\u0131lmaz, say\u0131sal alanda T\u00fcrkiye d\u00f6rd\u00fcnc\u00fcs\u00fc olan Mustafa Bora K\u00f6seo\u011flu ve yine say\u0131sal alanda bin 26. olan ikiz karde\u015fi Bahri Burak K\u00f6seo\u011flu&#8217;nu tebrik etti.<\/p>\n<p>&#8220;Gen\u00e7lerimizin Ba\u015far\u0131s\u0131yla Gurur Duyduk&#8221;<\/p>\n<p>Gen\u00e7lerin elde etti\u011fi bu ba\u015far\u0131yla gurur duyduklar\u0131n\u0131 belirten Ba\u015fkan Y\u0131lmaz; &#8220;Toroslar Belediyesi olarak e\u011fitim ve \u00f6\u011fretim \u00f6nceli\u011fimiz. Bu \u00f6nemli s\u0131navda T\u00fcrkiye \u00e7ap\u0131nda derece yaparak kentimizi gururland\u0131ran  gen\u00e7lerimizi tebrik ediyorum. B\u00fcy\u00fck bir emek ve \u00e7abayla elde edilen bu ba\u015far\u0131yla biz de \u00e7ok mutlu olduk. Her iki gencimize de e\u011fitim hayatlar\u0131nda ba\u015far\u0131lar\u0131n\u0131n devam\u0131n\u0131 diliyorum&#8221; dedi.<\/p>\n<p>Ba\u015fkan Y\u0131lmaz, ziyaret s\u0131ras\u0131nda \u00f6\u011frencilerle sohbet  ederek gitmek istedikleri \u00fcniversite ve b\u00f6l\u00fcmle ilgili bilgiler de ald\u0131.<\/p>\n<p>\u00d6\u011frencilerin bu ba\u015far\u0131s\u0131n\u0131 onlara alt\u0131n ve dijital saat hediye ederek kutlayan Ba\u015fkan Y\u0131lmaz, \u00fczerlerinde b\u00fcy\u00fck eme\u011fi olan ailelerine de te\u015fekk\u00fcr etti.<\/p>\n<p>&#8220;Ats\u0131z Ba\u015fkan\u0131m\u0131za Te\u015fekk\u00fcr Ederiz&#8221;<\/p>\n<p>Mustafa Bora K\u00f6seo\u011flu ve Bahri Burak K\u00f6seo\u011flu karde\u015fler ise Ba\u015fkan Y\u0131lmaz&#8217;a hediyeleri ve e\u011fitime olan deste\u011fi i\u00e7in te\u015fekk\u00fcr ederek; &#8220;Ba\u015fkan\u0131m\u0131z\u0131n e\u011fitime olan deste\u011fi ve ilgisi bizler i\u00e7in \u00e7ok k\u0131ymetli. Ats\u0131z Ba\u015fkan\u0131m\u0131za bizi a\u011f\u0131rlayarak onure etti\u011fi i\u00e7in te\u015fekk\u00fcr ederiz&#8221; ifadelerini kulland\u0131.<\/p>\n","protected":false},"excerpt":{"rendered":"<p>Toroslar Belediye Ba\u015fkan\u0131 Ats\u0131z Af\u015f\u0131n Y\u0131lmaz, 2021 y\u0131l\u0131 Y\u00fcksek\u00f6\u011fretim Kurumlar\u0131 S\u0131nav\u0131nda (YKS) derece yapan Mersinli ikiz karde\u015fleri, ailesiyle birlikte a\u011f\u0131rlad\u0131. Ba\u015fkan Y\u0131lmaz, say\u0131sal alanda T\u00fcrkiye d\u00f6rd\u00fcnc\u00fcs\u00fc olan Mustafa Bora K\u00f6seo\u011flu &hellip; <a href=\"https:\/\/akdenizolaygazetesi.com\/?p=13684\" class=\"more-link\">Devam\u0131n\u0131 Oku&#8230;<\/a><\/p>\n","protected":false},"author":2,"featured_media":13685,"comment_status":"open","ping_status":"open","sticky":false,"template":"","format":"standard","meta":[],"categories":[3],"tags":[],"_links":{"self":[{"href":"https:\/\/akdenizolaygazetesi.com\/index.php?rest_route=\/wp\/v2\/posts\/13684"}],"collection":[{"href":"https:\/\/akdenizolaygazetesi.com\/index.php?rest_route=\/wp\/v2\/posts"}],"about":[{"href":"https:\/\/akdenizolaygazetesi.com\/index.php?rest_route=\/wp\/v2\/types\/post"}],"author":[{"embeddable":true,"href":"https:\/\/akdenizolaygazetesi.com\/index.php?rest_route=\/wp\/v2\/users\/2"}],"replies":[{"embeddable":true,"href":"https:\/\/akdenizolaygazetesi.com\/index.php?rest_route=%2Fwp%2Fv2%2Fcomments&post=13684"}],"version-history":[{"count":1,"href":"https:\/\/akdenizolaygazetesi.com\/index.php?rest_route=\/wp\/v2\/posts\/13684\/revisions"}],"predecessor-version":[{"id":13686,"href":"https:\/\/akdenizolaygazetesi.com\/index.php?rest_route=\/wp\/v2\/posts\/13684\/revisions\/13686"}],"wp:featuredmedia":[{"embeddable":true,"href":"https:\/\/akdenizolaygazetesi.com\/index.php?rest_route=\/wp\/v2\/media\/13685"}],"wp:attachment":[{"href":"https:\/\/akdenizolaygazetesi.com\/index.php?rest_route=%2Fwp%2Fv2%2Fmedia&parent=13684"}],"wp:term":[{"taxonomy":"category","embeddable":true,"href":"https:\/\/akdenizolaygazetesi.com\/index.php?rest_route=%2Fwp%2Fv2%2Fcategories&post=13684"},{"taxonomy":"post_tag","embeddable":true,"href":"https:\/\/akdenizolaygazetesi.com\/index.php?rest_route=%2Fwp%2Fv2%2Ftags&post=13684"}],"curies":[{"name":"wp","href":"https:\/\/api.w.org\/{rel}","templated":true}]}}