{"id":13687,"date":"2021-08-13T13:21:56","date_gmt":"2021-08-13T10:21:56","guid":{"rendered":"http:\/\/akdenizolaygazetesi.com\/?p=13687"},"modified":"2021-08-13T13:21:56","modified_gmt":"2021-08-13T10:21:56","slug":"akdeniz-belediyesi-salgina-karsi-mucadelesini-araliksiz-surduruyor","status":"publish","type":"post","link":"https:\/\/akdenizolaygazetesi.com\/?p=13687","title":{"rendered":"AKDEN\u0130Z BELED\u0130YES\u0130, SALGINA KAR\u015eI M\u00dcCADELES\u0130N\u0130 ARALIKSIZ S\u00dcRD\u00dcR\u00dcYOR"},"content":{"rendered":"<p>Akdeniz Belediyesi, t\u00fcm yurtta oldu\u011fu gibi Mersin\u2019de de art\u0131\u015fa ge\u00e7en Koronavir\u00fcs salg\u0131n\u0131 (Covid19) ile m\u00fccadelesine devam ediyor. Belediye ekipleri, camiler ile parklar\u0131n yan\u0131 s\u0131ra, vatanda\u015flar\u0131n ortak kulland\u0131\u011f\u0131 mekanlarda salg\u0131na kar\u015f\u0131 ila\u00e7lama-dezenfekte \u00e7al\u0131\u015fmas\u0131n\u0131 aral\u0131ks\u0131z s\u00fcrd\u00fcr\u00fcyor.<br \/>\nAkdeniz Belediyesi\u2019nin, salg\u0131n\u0131n ba\u015flad\u0131\u011f\u0131 ilk g\u00fcnlerde kurup sahada g\u00f6revlendirdi\u011fi ekipler, Koronavir\u00fcs salg\u0131n\u0131 ile m\u00fccadele kapsam\u0131nda, hastane, aile sa\u011fl\u0131\u011f\u0131 merkezleri ve eczaneler, cami, mescit, Kur\u2019an kurslar\u0131, kamu kurumlar\u0131 ve halk\u0131n ortak kulland\u0131\u011f\u0131 di\u011fer alanlarda dezenfekte \u00e7al\u0131\u015fmalar\u0131n\u0131 aral\u0131ks\u0131z s\u00fcrd\u00fcr\u00fcyor.<br \/>\nCamiler temizlenip hal\u0131lar y\u0131kan\u0131yor, pazaryerleri ila\u00e7lan\u0131yor<br \/>\nSahada g\u00f6revli di\u011fer ekipler de semt pazarlar\u0131n\u0131n ak\u015fam saatlerinde kald\u0131r\u0131lmas\u0131ndan sonra, mahallelerin cadde ve sokaklar\u0131nda temizlik, y\u0131kama ve dezenfekte hizmeti veriyor. Park ve Bah\u00e7eler M\u00fcd\u00fcrl\u00fc\u011f\u00fc\u2019ne ba\u011fl\u0131 mobil dezenfekte ekibi, salg\u0131n\u0131n yay\u0131lmas\u0131n\u0131 \u00f6nlemek amac\u0131yla il\u00e7e genelinde gece-g\u00fcnd\u00fcz demeden \u00e7al\u0131\u015f\u0131rken, son olarak Hz. Ebubekir Camisi\u2019nin hal\u0131lar\u0131n\u0131 y\u0131kay\u0131p dezenfekte i\u015flemi ger\u00e7ekle\u015ftirdi. \u00c7evre Koruma ve Kontrol M\u00fcd\u00fcrl\u00fc\u011f\u00fc ekipleri de salg\u0131n\u0131n yay\u0131lmas\u0131na kar\u015f\u0131 t\u00fcm il\u00e7edeki \u00e7\u00f6p konteyn\u0131rlar\u0131n\u0131n y\u0131kanmas\u0131 ve dezenfektesini ger\u00e7ekle\u015ftiriyor.<br \/>\nBa\u015fkan G\u00fcltak; \u201cRehavete kap\u0131lmayal\u0131m, a\u015f\u0131lar\u0131m\u0131z\u0131 olal\u0131m\u201d<br \/>\nAkdeniz Belediye Ba\u015fkan\u0131 M. Mustafa G\u00fcltak, salg\u0131n\u0131n yeniden y\u00fckseli\u015fe ge\u00e7ti\u011fi bug\u00fcnlerde daha dikkatli olunmas\u0131n\u0131 istedi, vatanda\u015flara, a\u015f\u0131lar\u0131n\u0131 olmalar\u0131 \u00e7a\u011fr\u0131s\u0131n\u0131 bir kez daha yineledi. Ba\u015fkan G\u00fcltak; \u201cKesinlikle rehavete kap\u0131l\u0131p tedbiri elden b\u0131rakmayal\u0131m. \u00c7\u00fcnk\u00fc salg\u0131n hen\u00fcz bitmedi. Bu nedenle maske, mesafe ve hijyen kurallar\u0131ndan da \u00f6d\u00fcn vermeyelim. Hem kendi hem de sevdiklerimizin sa\u011fl\u0131\u011f\u0131n\u0131 koruyal\u0131m. Salg\u0131na kar\u015f\u0131 elimizdeki en \u00f6nemli g\u00fc\u00e7 olan a\u015f\u0131lar\u0131m\u0131z\u0131 da mutlaka yapt\u0131ral\u0131m\u201d diye konu\u015ftu.<br \/>\nBa\u015fkan G\u00fcltak; vatanda\u015flardan gelen taleplerin ekiplerce en k\u0131sa s\u00fcrede de\u011ferlendirmeye al\u0131nd\u0131\u011f\u0131n\u0131 kaydetti, halk sa\u011fl\u0131\u011f\u0131n\u0131 korumak amac\u0131yla il\u00e7e genelinde ila\u00e7lama faaliyetinin aral\u0131ks\u0131z s\u00fcrece\u011fini vurgulad\u0131.<\/p>\n","protected":false},"excerpt":{"rendered":"<p>Akdeniz Belediyesi, t\u00fcm yurtta oldu\u011fu gibi Mersin\u2019de de art\u0131\u015fa ge\u00e7en Koronavir\u00fcs salg\u0131n\u0131 (Covid19) ile m\u00fccadelesine devam ediyor. Belediye ekipleri, camiler ile parklar\u0131n yan\u0131 s\u0131ra, vatanda\u015flar\u0131n ortak kulland\u0131\u011f\u0131 mekanlarda salg\u0131na kar\u015f\u0131 &hellip; <a href=\"https:\/\/akdenizolaygazetesi.com\/?p=13687\" class=\"more-link\">Devam\u0131n\u0131 Oku&#8230;<\/a><\/p>\n","protected":false},"author":2,"featured_media":13688,"comment_status":"open","ping_status":"open","sticky":false,"template":"","format":"standard","meta":[],"categories":[3,5],"tags":[],"_links":{"self":[{"href":"https:\/\/akdenizolaygazetesi.com\/index.php?rest_route=\/wp\/v2\/posts\/13687"}],"collection":[{"href":"https:\/\/akdenizolaygazetesi.com\/index.php?rest_route=\/wp\/v2\/posts"}],"about":[{"href":"https:\/\/akdenizolaygazetesi.com\/index.php?rest_route=\/wp\/v2\/types\/post"}],"author":[{"embeddable":true,"href":"https:\/\/akdenizolaygazetesi.com\/index.php?rest_route=\/wp\/v2\/users\/2"}],"replies":[{"embeddable":true,"href":"https:\/\/akdenizolaygazetesi.com\/index.php?rest_route=%2Fwp%2Fv2%2Fcomments&post=13687"}],"version-history":[{"count":1,"href":"https:\/\/akdenizolaygazetesi.com\/index.php?rest_route=\/wp\/v2\/posts\/13687\/revisions"}],"predecessor-version":[{"id":13689,"href":"https:\/\/akdenizolaygazetesi.com\/index.php?rest_route=\/wp\/v2\/posts\/13687\/revisions\/13689"}],"wp:featuredmedia":[{"embeddable":true,"href":"https:\/\/akdenizolaygazetesi.com\/index.php?rest_route=\/wp\/v2\/media\/13688"}],"wp:attachment":[{"href":"https:\/\/akdenizolaygazetesi.com\/index.php?rest_route=%2Fwp%2Fv2%2Fmedia&parent=13687"}],"wp:term":[{"taxonomy":"category","embeddable":true,"href":"https:\/\/akdenizolaygazetesi.com\/index.php?rest_route=%2Fwp%2Fv2%2Fcategories&post=13687"},{"taxonomy":"post_tag","embeddable":true,"href":"https:\/\/akdenizolaygazetesi.com\/index.php?rest_route=%2Fwp%2Fv2%2Ftags&post=13687"}],"curies":[{"name":"wp","href":"https:\/\/api.w.org\/{rel}","templated":true}]}}