{"id":13693,"date":"2021-08-13T13:28:04","date_gmt":"2021-08-13T10:28:04","guid":{"rendered":"http:\/\/akdenizolaygazetesi.com\/?p=13693"},"modified":"2021-08-13T13:28:04","modified_gmt":"2021-08-13T10:28:04","slug":"7-17-yas-arasi-cocuklar-ve-kadinlara-yonelik-bu-calismalar-surdurulecek","status":"publish","type":"post","link":"https:\/\/akdenizolaygazetesi.com\/?p=13693","title":{"rendered":"\u201c7-17 ya\u015f aras\u0131 \u00e7ocuklar ve kad\u0131nlara y\u00f6nelik bu \u00e7al\u0131\u015fmalar s\u00fcrd\u00fcr\u00fclecek\u201d"},"content":{"rendered":"<p>Mersin B\u00fcy\u00fck\u015fehir Belediyesi, kad\u0131n ve \u00e7ocuklara y\u00f6nelik y\u00fcr\u00fctt\u00fc\u011f\u00fc projelerine bir yenisini daha ekledi. B\u00fcy\u00fck\u015fehir, Tarsus il\u00e7esinde kad\u0131nlar ve \u00e7ocuklara teknolojik e\u011fitimler sunacak olan \u2018Kad\u0131n ve \u00c7ocuk Bilim, Teknoloji At\u00f6lyesi\u2019ni hayata ge\u00e7iriyor.<\/p>\n<p>\u0130lerleyen g\u00fcnlerde B\u00fcy\u00fck\u015fehir Belediyesi Kad\u0131n ve Aile Hizmetleri Dairesi b\u00fcnyesinde \u015eehit Kerim Mahallesi Makam Mevkii\u2019nde a\u00e7\u0131lmas\u0131 planlanan at\u00f6lyeye toplam 42 ba\u015fvuru yap\u0131ld\u0131. At\u00f6lyede, robotik kodlama, oyun geli\u015ftirme ve 3 boyutlu tasar\u0131m gibi e\u011fitimler verilecek. Kad\u0131nlar \u00fcrettikleri tasar\u0131mlar\u0131 B\u00fcy\u00fck\u015fehir\u2019in a\u00e7t\u0131\u011f\u0131 stantlarda sergileyerek gelir elde etme olana\u011f\u0131 bulacak.<\/p>\n<p>\u201c7-17 ya\u015f aras\u0131 \u00e7ocuklar ve kad\u0131nlara y\u00f6nelik bu \u00e7al\u0131\u015fmalar s\u00fcrd\u00fcr\u00fclecek\u201d<\/p>\n<p>Mersin B\u00fcy\u00fck\u015fehir Belediyesi Kad\u0131n ve Aile Hizmetleri Dairesi\u2019nde teknoloji birim sorumlusu Emre A\u015fk\u0131n, k\u0131sa s\u00fcre i\u00e7erisinde a\u00e7\u0131l\u0131\u015f\u0131 yap\u0131lacak olan at\u00f6lye hakk\u0131nda \u015funlar\u0131 s\u00f6yledi:<\/p>\n<p>\u201c\u00d6ncelikle Gazi \u00c7iftli\u011fi\u2019nde ilk teknoloji at\u00f6lyemizi a\u00e7t\u0131k. \u015eu anda da Tarsus il\u00e7emizde bu merkezimizi a\u00e7\u0131yoruz. Burada robotik kodlama, oyun geli\u015ftirme, 3 boyutlu tasar\u0131m gibi e\u011fitimler vermeyi planlamaktay\u0131z. 7-17 ya\u015f aras\u0131 \u00e7ocuklar ve kad\u0131nlara y\u00f6nelik olarak bu \u00e7al\u0131\u015fmalar s\u00fcrd\u00fcr\u00fclecek. \u00c7al\u0131\u015fmalar\u0131n amac\u0131 \u00f6\u011frenci baz\u0131nda \u00e7ocuklar\u0131n problem \u00e7\u00f6zme becerilerini geli\u015ftirmek ve bu anlamda \u00fclke ve d\u00fcnya genelinde d\u00fczenlenen yar\u0131\u015fmalara kat\u0131l\u0131m sa\u011flamak. Kad\u0131nlara y\u00f6nelik olarak ise yapt\u0131\u011f\u0131m\u0131z \u00e7al\u0131\u015fmalarda \u00fcretmi\u015f oldu\u011fumuz \u015feylerle kad\u0131nlara katma de\u011fer sa\u011flamay\u0131 ama\u00e7l\u0131yoruz. 3 boyutlu tasar\u0131m e\u011fitimleri sa\u011flayarak, kad\u0131nlara burada \u00fcretmi\u015f oldu\u011fumuz malzemeler ile kad\u0131n \u00fcretici stantlar\u0131nda yer a\u00e7may\u0131 planl\u0131yoruz. Daha a\u00e7\u0131lmadan 42 \u00f6\u011frencimizin kayd\u0131n\u0131 ald\u0131k. E\u011fitimler, a\u00e7\u0131l\u0131\u015ftan sonra \u00e7ocuklar\u0131n ya\u015f gruplar\u0131na g\u00f6re belirlenecek. Kendi geli\u015ftirmi\u015f oldu\u011fumuz online platform \u00fczerinden yine online e\u011fitimi de sa\u011fl\u0131yoruz.\u201d<\/p>\n<p>At\u00f6lyenin t\u00fcm malzemeleri B\u00fcy\u00fck\u015fehir\u2019in geri d\u00f6n\u00fc\u015f\u00fcm at\u00f6lyesinden<\/p>\n<p>A\u015fk\u0131n, at\u00f6lyenin t\u00fcm malzemelerinin B\u00fcy\u00fck\u015fehir b\u00fcnyesinde \u00fcretildi\u011fini vurgulayarak, \u201cTarsus Gen\u00e7lik Kamp\u0131 i\u00e7erisinde yer alan Geri D\u00f6n\u00fc\u015f\u00fcm At\u00f6lyesi\u2019nde kullanaca\u011f\u0131m\u0131z b\u00fct\u00fcn mobilya malzemeleri \u00fcretildi. D\u0131\u015far\u0131dan herhangi bir malzeme al\u0131nmadan at\u00f6lyemizin \u015fu anki hali olu\u015fturuldu\u201d dedi.  <\/p>\n","protected":false},"excerpt":{"rendered":"<p>Mersin B\u00fcy\u00fck\u015fehir Belediyesi, kad\u0131n ve \u00e7ocuklara y\u00f6nelik y\u00fcr\u00fctt\u00fc\u011f\u00fc projelerine bir yenisini daha ekledi. B\u00fcy\u00fck\u015fehir, Tarsus il\u00e7esinde kad\u0131nlar ve \u00e7ocuklara teknolojik e\u011fitimler sunacak olan \u2018Kad\u0131n ve \u00c7ocuk Bilim, Teknoloji At\u00f6lyesi\u2019ni hayata &hellip; <a href=\"https:\/\/akdenizolaygazetesi.com\/?p=13693\" class=\"more-link\">Devam\u0131n\u0131 Oku&#8230;<\/a><\/p>\n","protected":false},"author":2,"featured_media":13694,"comment_status":"open","ping_status":"open","sticky":false,"template":"","format":"standard","meta":[],"categories":[1,2,3,5],"tags":[],"_links":{"self":[{"href":"https:\/\/akdenizolaygazetesi.com\/index.php?rest_route=\/wp\/v2\/posts\/13693"}],"collection":[{"href":"https:\/\/akdenizolaygazetesi.com\/index.php?rest_route=\/wp\/v2\/posts"}],"about":[{"href":"https:\/\/akdenizolaygazetesi.com\/index.php?rest_route=\/wp\/v2\/types\/post"}],"author":[{"embeddable":true,"href":"https:\/\/akdenizolaygazetesi.com\/index.php?rest_route=\/wp\/v2\/users\/2"}],"replies":[{"embeddable":true,"href":"https:\/\/akdenizolaygazetesi.com\/index.php?rest_route=%2Fwp%2Fv2%2Fcomments&post=13693"}],"version-history":[{"count":1,"href":"https:\/\/akdenizolaygazetesi.com\/index.php?rest_route=\/wp\/v2\/posts\/13693\/revisions"}],"predecessor-version":[{"id":13695,"href":"https:\/\/akdenizolaygazetesi.com\/index.php?rest_route=\/wp\/v2\/posts\/13693\/revisions\/13695"}],"wp:featuredmedia":[{"embeddable":true,"href":"https:\/\/akdenizolaygazetesi.com\/index.php?rest_route=\/wp\/v2\/media\/13694"}],"wp:attachment":[{"href":"https:\/\/akdenizolaygazetesi.com\/index.php?rest_route=%2Fwp%2Fv2%2Fmedia&parent=13693"}],"wp:term":[{"taxonomy":"category","embeddable":true,"href":"https:\/\/akdenizolaygazetesi.com\/index.php?rest_route=%2Fwp%2Fv2%2Fcategories&post=13693"},{"taxonomy":"post_tag","embeddable":true,"href":"https:\/\/akdenizolaygazetesi.com\/index.php?rest_route=%2Fwp%2Fv2%2Ftags&post=13693"}],"curies":[{"name":"wp","href":"https:\/\/api.w.org\/{rel}","templated":true}]}}