{"id":13696,"date":"2021-08-13T15:40:32","date_gmt":"2021-08-13T12:40:32","guid":{"rendered":"http:\/\/akdenizolaygazetesi.com\/?p=13696"},"modified":"2021-08-13T15:40:32","modified_gmt":"2021-08-13T12:40:32","slug":"toroslar-belediyesi-vatandasin-her-an-yaninda","status":"publish","type":"post","link":"https:\/\/akdenizolaygazetesi.com\/?p=13696","title":{"rendered":"TOROSLAR BELED\u0130YES\u0130, VATANDA\u015eIN HER AN YANINDA"},"content":{"rendered":"<p>Toroslar Belediye Ba\u015fkan\u0131 Ats\u0131z Af\u015f\u0131n Y\u0131lmaz,  ge\u00e7ti\u011fimiz g\u00fcnlerde ya\u015fanan sa\u011fanak ya\u011f\u0131\u015f sonras\u0131 evi zarar g\u00f6ren \u015een ailesi ile evi yang\u0131nda harap olan \u00c7o\u015fkun ailesinin y\u00fcz\u00fcn\u00fc g\u00fcld\u00fcrd\u00fc.<\/p>\n<p>Toroslar Belediyesi, yard\u0131mla\u015fma ve dayan\u0131\u015fma bilinci ile \u00e7al\u0131\u015farak il\u00e7edeki ihtiya\u00e7 sahibi ailelerin zor zamanlar\u0131nda yanlar\u0131nda olmaya devam ediyor.<\/p>\n<p>Sa\u011fanak ya\u011f\u0131\u015fta t\u00fcm e\u015fyalar\u0131 kullan\u0131lmaz hale gelen ve Sa\u011fl\u0131k Mahallesi&#8217;nde ikamet eden \u015een ailesine; ev e\u015fyas\u0131, temizlik malzemesi ve yard\u0131m kolisi deste\u011finde bulunan belediye, Halkkent Mahallesi&#8217;nde ya\u015fayan Co\u015fkun ailesinin yang\u0131n sonucu tamamen zarar g\u00f6ren evlerinin tadilat, boya ve badana i\u015flemlerini yapt\u0131.<\/p>\n<p>&#8220;Bizim Ba\u011f\u0131m\u0131z G\u00f6n\u00fcl Ba\u011f\u0131&#8221;<\/p>\n<p>Toroslar Belediye Ba\u015fkan\u0131 Ats\u0131z Af\u015f\u0131n Y\u0131lmaz, her iki aileye de ge\u00e7mi\u015f olsun dileklerini ileterek; &#8220;Ailelerimizin y\u00fcz\u00fcn\u00fc bir nebze olsun g\u00fcld\u00fcrebildiysek ne mutlu bize. Biz, b\u00fcy\u00fck bir aileyiz. Ve ailemizin her ferdinin s\u0131k\u0131nt\u0131s\u0131n\u0131 \u00e7\u00f6zmek i\u00e7in \u00e7aba g\u00f6steriyoruz. G\u00f6n\u00fclden ba\u011fl\u0131 oldu\u011fumuz Toroslar\u0131m\u0131za hizmet ederken, ihtiya\u00e7 sahibi hem\u015fehrilerimizin de her zaman yan\u0131nda oluyoruz. \u0130l\u00e7emizde sa\u011fanak ya\u011f\u0131\u015ftan etkilenen t\u00fcm hem\u015fehrilerime bir kez daha ge\u00e7mi\u015f olsun dileklerimi iletiyor, her iki ailemize yenilenen evlerinde sa\u011fl\u0131kla, huzurla oturmalar\u0131n\u0131 diliyorum&#8221; diye konu\u015ftu.<\/p>\n","protected":false},"excerpt":{"rendered":"<p>Toroslar Belediye Ba\u015fkan\u0131 Ats\u0131z Af\u015f\u0131n Y\u0131lmaz, ge\u00e7ti\u011fimiz g\u00fcnlerde ya\u015fanan sa\u011fanak ya\u011f\u0131\u015f sonras\u0131 evi zarar g\u00f6ren \u015een ailesi ile evi yang\u0131nda harap olan \u00c7o\u015fkun ailesinin y\u00fcz\u00fcn\u00fc g\u00fcld\u00fcrd\u00fc. Toroslar Belediyesi, yard\u0131mla\u015fma ve &hellip; <a href=\"https:\/\/akdenizolaygazetesi.com\/?p=13696\" class=\"more-link\">Devam\u0131n\u0131 Oku&#8230;<\/a><\/p>\n","protected":false},"author":2,"featured_media":13697,"comment_status":"open","ping_status":"open","sticky":false,"template":"","format":"standard","meta":[],"categories":[3],"tags":[],"_links":{"self":[{"href":"https:\/\/akdenizolaygazetesi.com\/index.php?rest_route=\/wp\/v2\/posts\/13696"}],"collection":[{"href":"https:\/\/akdenizolaygazetesi.com\/index.php?rest_route=\/wp\/v2\/posts"}],"about":[{"href":"https:\/\/akdenizolaygazetesi.com\/index.php?rest_route=\/wp\/v2\/types\/post"}],"author":[{"embeddable":true,"href":"https:\/\/akdenizolaygazetesi.com\/index.php?rest_route=\/wp\/v2\/users\/2"}],"replies":[{"embeddable":true,"href":"https:\/\/akdenizolaygazetesi.com\/index.php?rest_route=%2Fwp%2Fv2%2Fcomments&post=13696"}],"version-history":[{"count":1,"href":"https:\/\/akdenizolaygazetesi.com\/index.php?rest_route=\/wp\/v2\/posts\/13696\/revisions"}],"predecessor-version":[{"id":13698,"href":"https:\/\/akdenizolaygazetesi.com\/index.php?rest_route=\/wp\/v2\/posts\/13696\/revisions\/13698"}],"wp:featuredmedia":[{"embeddable":true,"href":"https:\/\/akdenizolaygazetesi.com\/index.php?rest_route=\/wp\/v2\/media\/13697"}],"wp:attachment":[{"href":"https:\/\/akdenizolaygazetesi.com\/index.php?rest_route=%2Fwp%2Fv2%2Fmedia&parent=13696"}],"wp:term":[{"taxonomy":"category","embeddable":true,"href":"https:\/\/akdenizolaygazetesi.com\/index.php?rest_route=%2Fwp%2Fv2%2Fcategories&post=13696"},{"taxonomy":"post_tag","embeddable":true,"href":"https:\/\/akdenizolaygazetesi.com\/index.php?rest_route=%2Fwp%2Fv2%2Ftags&post=13696"}],"curies":[{"name":"wp","href":"https:\/\/api.w.org\/{rel}","templated":true}]}}