{"id":1370,"date":"2020-11-04T18:21:56","date_gmt":"2020-11-04T15:21:56","guid":{"rendered":"http:\/\/mersinekonomipolitikagazetesi.com\/?p=1370"},"modified":"2020-11-04T18:21:56","modified_gmt":"2020-11-04T15:21:56","slug":"vali-cakacak-sehit-aileleri-ve-gazilerle-iftar-yemeginde-bulustu","status":"publish","type":"post","link":"https:\/\/akdenizolaygazetesi.com\/?p=1370","title":{"rendered":"Vali \u00c7akacak, \u015fehit aileleri ve gazilerle iftar yeme\u011finde bulu\u015ftu"},"content":{"rendered":"<p>Mersin Valisi \u00d6zdemir \u00c7akacak ve E\u015fi Kevser \u00c7akacak, iftar yeme\u011finde \u015fehit aileleri ve gazilerle bir araya geldi.<\/p>\n<p>Mersin Valili\u011fi, \u015fehit yak\u0131nlar\u0131 ve gaziler onuruna iftar yeme\u011fi verdi. Vali \u00c7akacak ve E\u015fi Kevser \u00c7akacak\u2019\u0131n ev sahipli\u011fi yapt\u0131\u011f\u0131 yemek Sulta\u015fa Otel\u2019de ger\u00e7ekle\u015ftirildi. \u00c7ok say\u0131da \u015fehit yak\u0131n\u0131, gazi ve ailelerinin a\u011f\u0131rland\u0131\u011f\u0131 programda, \u00c7akacak ve e\u015fi, masalar\u0131 tek tek dola\u015farak \u015fehit yak\u0131nlar\u0131, gaziler ve aileleriyle yak\u0131ndan ilgilendi. \u0130l M\u00fcft\u00fcs\u00fc Dursun Ali Co\u015fkun taraf\u0131ndan yemek duas\u0131 yap\u0131lmas\u0131 ile ba\u015flayan programda, a\u00e7\u0131lan iftar\u0131n ard\u0131ndan \u00c7akacak ve e\u015fi, \u015fehit e\u015flerine, annelerine ve gazi yak\u0131n\u0131 kad\u0131nlara \u00e7i\u00e7ek verdiler.<br \/>\nProgramda bir konu\u015fma yapan Vali \u00c7akacak, \u015fehit yak\u0131nlar\u0131, gaziler ve aileleri ile bir arada olmaktan duydu\u011fu memnuniyeti ve mutlulu\u011fu dile getirdi. Ramazan ay\u0131nda birlik, beraberlik, dostluk ve karde\u015flik duygular\u0131 ile yard\u0131mla\u015fman\u0131n ve payla\u015fman\u0131n en g\u00fczel \u00f6rneklerinin ya\u015fand\u0131\u011f\u0131na dikkat \u00e7eken \u00c7akacak, 15 Temmuz darbe giri\u015fimini an\u0131msatarak, \u201c\u00dclkemizin \u00fczerine kabus gibi \u00e7\u00f6ken 15 Temmuz kalk\u0131\u015fmas\u0131nda birlik, beraberlik ve karde\u015flik temelleri \u00fczerine kurulan \u00fclkemizi yok etmek ve milletimizi birbirine d\u00fc\u015f\u00fcrmek i\u00e7in bir tak\u0131m hain oyunlar sahneye konuldu. Bu hain oyunu sahnelemeye kalkanlar; \u00fclkemizin birli\u011fi, beraberli\u011fi ve karde\u015fli\u011fi s\u00f6z konusu oldu\u011funda y\u00fcce milletimizin en de\u011ferli varl\u0131\u011f\u0131 olan can\u0131n\u0131 dahi g\u00f6z\u00fcn\u00fc k\u0131rpmadan feda edebilece\u011fini bilmiyorlard\u0131. \u00dclkemizin bekas\u0131 i\u00e7in, milletimizin birlik, beraberlik ve karde\u015fli\u011finin s\u00fcrmesi i\u00e7in bu topraklar\u0131 bize vatan yapmak \u00fczere canlar\u0131n\u0131 feda eden aziz \u015fehitlerimizi rahmetle kahraman gazilerimizi de \u015f\u00fckran ve minnetle an\u0131yorum\u201d dedi.<br \/>\nRamazan-\u0131 \u015eerif\u2019in t\u00fcm \u0130slam alemine ve T\u00fcrkiye\u2019ye sevgi, bar\u0131\u015f, karde\u015flik ve huzura vesile olmas\u0131n\u0131 dileyen \u00c7akacak, bu m\u00fcbarek ayda ya\u015fanan manevi iklimin, birlik, beraberlik ve karde\u015fli\u011fin, dayan\u0131\u015fma ve yard\u0131mla\u015fma duygular\u0131n\u0131n t\u00fcm y\u0131la yay\u0131lmas\u0131n\u0131 temenni etti.<br \/>\n\u00c7akacak ve E\u015fi Kevser \u00c7akacak, program boyunca \u015fehit yak\u0131nlar\u0131, gaziler ve aileleri ile sohbet ederek, talep ve sorunlar\u0131n\u0131 dinlediler.<br \/>\n\u0130ftar yeme\u011fine, Mersin Milletvekili Hac\u0131 \u00d6zkan, Akdeniz B\u00f6lge ve Garnizon Komutan\u0131 Tu\u011famiral Kadir Y\u0131ld\u0131z, \u0130l Jandarma Komutan\u0131 Albay H\u00fcseyin Kanat, \u0130l Emniyet M\u00fcd\u00fcr\u00fc Mehmet \u015eahne, Sahil G\u00fcvenlik Akdeniz B\u00f6lge Komutan\u0131 Albay Fatih Erhan, askeri ve m\u00fclki erkan ile il protokol\u00fc kat\u0131ld\u0131.<\/p>\n","protected":false},"excerpt":{"rendered":"<p>Mersin Valisi \u00d6zdemir \u00c7akacak ve E\u015fi Kevser \u00c7akacak, iftar yeme\u011finde \u015fehit aileleri ve gazilerle bir araya geldi. Mersin Valili\u011fi, \u015fehit yak\u0131nlar\u0131 ve gaziler onuruna iftar yeme\u011fi verdi. Vali \u00c7akacak ve &hellip; <a href=\"https:\/\/akdenizolaygazetesi.com\/?p=1370\" class=\"more-link\">Devam\u0131n\u0131 Oku&#8230;<\/a><\/p>\n","protected":false},"author":1,"featured_media":0,"comment_status":"open","ping_status":"open","sticky":false,"template":"","format":"standard","meta":[],"categories":[],"tags":[],"_links":{"self":[{"href":"https:\/\/akdenizolaygazetesi.com\/index.php?rest_route=\/wp\/v2\/posts\/1370"}],"collection":[{"href":"https:\/\/akdenizolaygazetesi.com\/index.php?rest_route=\/wp\/v2\/posts"}],"about":[{"href":"https:\/\/akdenizolaygazetesi.com\/index.php?rest_route=\/wp\/v2\/types\/post"}],"author":[{"embeddable":true,"href":"https:\/\/akdenizolaygazetesi.com\/index.php?rest_route=\/wp\/v2\/users\/1"}],"replies":[{"embeddable":true,"href":"https:\/\/akdenizolaygazetesi.com\/index.php?rest_route=%2Fwp%2Fv2%2Fcomments&post=1370"}],"version-history":[{"count":0,"href":"https:\/\/akdenizolaygazetesi.com\/index.php?rest_route=\/wp\/v2\/posts\/1370\/revisions"}],"wp:attachment":[{"href":"https:\/\/akdenizolaygazetesi.com\/index.php?rest_route=%2Fwp%2Fv2%2Fmedia&parent=1370"}],"wp:term":[{"taxonomy":"category","embeddable":true,"href":"https:\/\/akdenizolaygazetesi.com\/index.php?rest_route=%2Fwp%2Fv2%2Fcategories&post=1370"},{"taxonomy":"post_tag","embeddable":true,"href":"https:\/\/akdenizolaygazetesi.com\/index.php?rest_route=%2Fwp%2Fv2%2Ftags&post=1370"}],"curies":[{"name":"wp","href":"https:\/\/api.w.org\/{rel}","templated":true}]}}