{"id":13706,"date":"2021-08-15T09:44:53","date_gmt":"2021-08-15T06:44:53","guid":{"rendered":"http:\/\/akdenizolaygazetesi.com\/?p=13706"},"modified":"2021-08-15T09:44:53","modified_gmt":"2021-08-15T06:44:53","slug":"haseresiz-mersin-icin-ekipler-gorevde","status":"publish","type":"post","link":"https:\/\/akdenizolaygazetesi.com\/?p=13706","title":{"rendered":"HA\u015eERES\u0130Z MERS\u0130N \u0130\u00c7\u0130N EK\u0130PLER G\u00d6REVDE"},"content":{"rendered":"<p>Mersin B\u00fcy\u00fck\u015fehir Belediyesi \u00c7evre Koruma ve Kontrol Dairesi ekipleri, kent genelinde ila\u00e7lama \u00e7al\u0131\u015fmalar\u0131na devam ediyor. Ha\u015feresiz bir Mersin i\u00e7in ila\u00e7lama alan\u0131nda y\u00fcr\u00fct\u00fclen titiz \u00e7al\u0131\u015fmalarla vatanda\u015flar\u0131n yaz aylar\u0131n\u0131 rahat ge\u00e7irmesi sa\u011flan\u0131yor. B\u00fcy\u00fck\u015fehir ekipleri kurulan pazar yerlerini sinek ve karasine\u011fe kar\u015f\u0131 d\u00fczenli olarak ila\u00e7l\u0131yor. Son olarak Akdeniz il\u00e7esi Yeni Pazar Mahallesi 142. Cadde\u2019de kurulan pazar yerini g\u00fcn sonu ila\u00e7layan ekipler, bu sayede sebze ve meyve art\u0131klar\u0131n\u0131n ha\u015fere yo\u011funlu\u011funu art\u0131rmas\u0131n\u0131n \u00f6n\u00fcne ge\u00e7iyor.<\/p>\n<p>B\u00fcy\u00fck\u015fehir\u2019in ila\u00e7lama ekibi pazar alanlar\u0131n\u0131 ila\u00e7l\u0131yor<\/p>\n<p>B\u00fcy\u00fck\u015fehir Belediye Ba\u015fkan\u0131 Vahap Se\u00e7er\u2019in \u00f6nemle \u00fczerinde durdu\u011fu ila\u00e7lama \u00e7al\u0131\u015fmalar\u0131 kent genelinde t\u00fcm h\u0131z\u0131yla s\u00fcrerken, planl\u0131 \u00e7al\u0131\u015fmalara ek olarak muhtarlardan ve vatanda\u015flardan gelen ila\u00e7lama talepleri de h\u0131zl\u0131 bir \u015fekilde \u00e7\u00f6z\u00fcme kavu\u015fturuluyor. B\u00fcy\u00fck\u015fehir\u2019in \u0130la\u00e7lama Birimi ekipleri, \u00fcremelerin \u00f6n\u00fcne ge\u00e7mek i\u00e7in ye\u015fil alanlarda etkin bir vekt\u00f6r m\u00fccadelesi y\u00fcr\u00fct\u00fcrken, vatanda\u015flar\u0131n pazar yerlerinde hijyenik ortamda al\u0131\u015fveri\u015f yapabilmesi i\u00e7in dezenfeksiyon ve ila\u00e7lama \u00e7al\u0131\u015fmalar\u0131yla sivrisinek, karasinek ve sa\u011fl\u0131\u011f\u0131 tehdit edecek her t\u00fcrl\u00fc ha\u015fereyle de m\u00fccadele ediyor.<\/p>\n<p>Akdeniz il\u00e7esi Yeni Pazar Mahallesi 142. Cadde\u2019de kurulan semt pazar\u0131 alan\u0131n\u0131n kurulmas\u0131n\u0131n ard\u0131ndan pazar bitiminde d\u00fczenli olarak ila\u00e7lama yapan ekipler, \u00f6zellikle mazgallar\u0131 t\u0131kayan art\u0131klara kar\u015f\u0131 \u00f6nlem al\u0131yor. Sebze ve meyve art\u0131klar\u0131yla baz\u0131 ha\u015ferelerdeki art\u0131\u015f\u0131 dikkate alan ekipler, an\u0131nda m\u00fcdahale ile olas\u0131 olumsuzluklar\u0131n \u00f6n\u00fcne ge\u00e7iyor. Toz <\/p>\n","protected":false},"excerpt":{"rendered":"<p>Mersin B\u00fcy\u00fck\u015fehir Belediyesi \u00c7evre Koruma ve Kontrol Dairesi ekipleri, kent genelinde ila\u00e7lama \u00e7al\u0131\u015fmalar\u0131na devam ediyor. Ha\u015feresiz bir Mersin i\u00e7in ila\u00e7lama alan\u0131nda y\u00fcr\u00fct\u00fclen titiz \u00e7al\u0131\u015fmalarla vatanda\u015flar\u0131n yaz aylar\u0131n\u0131 rahat ge\u00e7irmesi sa\u011flan\u0131yor. &hellip; <a href=\"https:\/\/akdenizolaygazetesi.com\/?p=13706\" class=\"more-link\">Devam\u0131n\u0131 Oku&#8230;<\/a><\/p>\n","protected":false},"author":2,"featured_media":13707,"comment_status":"open","ping_status":"open","sticky":false,"template":"","format":"standard","meta":[],"categories":[34,3,5],"tags":[],"_links":{"self":[{"href":"https:\/\/akdenizolaygazetesi.com\/index.php?rest_route=\/wp\/v2\/posts\/13706"}],"collection":[{"href":"https:\/\/akdenizolaygazetesi.com\/index.php?rest_route=\/wp\/v2\/posts"}],"about":[{"href":"https:\/\/akdenizolaygazetesi.com\/index.php?rest_route=\/wp\/v2\/types\/post"}],"author":[{"embeddable":true,"href":"https:\/\/akdenizolaygazetesi.com\/index.php?rest_route=\/wp\/v2\/users\/2"}],"replies":[{"embeddable":true,"href":"https:\/\/akdenizolaygazetesi.com\/index.php?rest_route=%2Fwp%2Fv2%2Fcomments&post=13706"}],"version-history":[{"count":1,"href":"https:\/\/akdenizolaygazetesi.com\/index.php?rest_route=\/wp\/v2\/posts\/13706\/revisions"}],"predecessor-version":[{"id":13708,"href":"https:\/\/akdenizolaygazetesi.com\/index.php?rest_route=\/wp\/v2\/posts\/13706\/revisions\/13708"}],"wp:featuredmedia":[{"embeddable":true,"href":"https:\/\/akdenizolaygazetesi.com\/index.php?rest_route=\/wp\/v2\/media\/13707"}],"wp:attachment":[{"href":"https:\/\/akdenizolaygazetesi.com\/index.php?rest_route=%2Fwp%2Fv2%2Fmedia&parent=13706"}],"wp:term":[{"taxonomy":"category","embeddable":true,"href":"https:\/\/akdenizolaygazetesi.com\/index.php?rest_route=%2Fwp%2Fv2%2Fcategories&post=13706"},{"taxonomy":"post_tag","embeddable":true,"href":"https:\/\/akdenizolaygazetesi.com\/index.php?rest_route=%2Fwp%2Fv2%2Ftags&post=13706"}],"curies":[{"name":"wp","href":"https:\/\/api.w.org\/{rel}","templated":true}]}}