{"id":13709,"date":"2021-08-15T09:46:34","date_gmt":"2021-08-15T06:46:34","guid":{"rendered":"http:\/\/akdenizolaygazetesi.com\/?p=13709"},"modified":"2021-08-15T09:46:34","modified_gmt":"2021-08-15T06:46:34","slug":"genc-cift-dugundeki-takilarin-bulundugu-cantayi-toplu-tasima-aracinda-unuttu","status":"publish","type":"post","link":"https:\/\/akdenizolaygazetesi.com\/?p=13709","title":{"rendered":"GEN\u00c7 \u00c7\u0130FT, D\u00dc\u011e\u00dcNDEK\u0130 TAKILARIN BULUNDU\u011eU \u00c7ANTAYI TOPLU TA\u015eIMA ARACINDA UNUTTU"},"content":{"rendered":"<p>Diyarbak\u0131r\u2019da evlendikten sonra balay\u0131na \u00e7\u0131kan ve gezi i\u00e7in Tarsus\u2019a gelen gen\u00e7 \u00e7ift, d\u00fc\u011f\u00fcnde tak\u0131lan tak\u0131lar\u0131n bulundu\u011fu \u00e7antay\u0131 Mersin B\u00fcy\u00fck\u015fehir Belediyesi toplu ta\u015f\u0131ma arac\u0131nda unuttu. \u00c7anta, vatanda\u015flar\u0131n ve otob\u00fcs \u015fof\u00f6r\u00fcn\u00fcn duyarl\u0131l\u0131\u011f\u0131 sayesinde gen\u00e7 \u00e7ifte teslim edildi.<\/p>\n<p>31 Temmuz\u2019da evlendiler<\/p>\n<p>Diyarbak\u0131r\u2019da bir kamu kurulu\u015funda memur olarak \u00e7al\u0131\u015fan Murat Ayman, 31 Temmuz\u2019da Zara Ayman\u2019la ya\u015fam\u0131n\u0131 birle\u015ftirdi. Gen\u00e7 \u00e7ift d\u00fc\u011f\u00fcn sonras\u0131 balay\u0131 i\u00e7in \u00f6nce Antalya\u2019ya ard\u0131ndan Mersin\u2019e geldi. Mersin\u2019de tarihi ve do\u011fal g\u00fczelliklere sahip alanlar\u0131 gezen Ayman \u00e7ifti, daha sonra Tarsus\u2019ta bulunan Eshab-\u0131 Kehf\u2019e giderek buradaki kutsal mekan\u0131 ziyaret etti. Zara ve Murat Ayman \u00e7ifti, ard\u0131ndan Eshab-\u0131 Kehf-Tarsus seferini yapan Mersin B\u00fcy\u00fck\u015fehir Belediyesi Tarsus Ta\u015f\u0131ma Grup Amirli\u011fi\u2019nde hizmet veren otob\u00fcse bindi.<\/p>\n<p>Tarsus merkez Demirkap\u0131 mevkiine gelindi\u011finde gen\u00e7 \u00e7ift otob\u00fcsten indi. Otob\u00fcs\u00fcn hareket etmesinden k\u0131sa bir s\u00fcre sonra di\u011fer yolcular, i\u00e7erisinde ziynet e\u015fyalar\u0131n\u0131n da bulundu\u011fu \u00e7antay\u0131 fark etti ve \u015fof\u00f6re teslim etti. Ara\u00e7 \u015fof\u00f6r\u00fc Ahmet G\u00fc\u00e7l\u00fc, \u00e7antay\u0131 g\u00fcvenli bir noktaya alarak, sefer bitiminde B\u00fcy\u00fck\u015fehir Belediyesi Tarsus Ta\u015f\u0131ma Grup Amirli\u011fi garaj b\u00f6l\u00fcm\u00fcnde tutanakla g\u00fcvenlik g\u00f6revlilerine teslim etti.<\/p>\n<p>\u00c7i\u00e7e\u011fi burnunda \u00e7ifte \u00e7antalar\u0131 teslim edildi<\/p>\n<p>B\u00fcy\u00fck\u015fehir Belediyesi\u2019nde otob\u00fcs \u015fof\u00f6r\u00fc olarak g\u00f6rev yapan Ahmet G\u00fc\u00e7l\u00fc, \u201cEshab-\u0131 Kehf seferini yapt\u0131\u011f\u0131m esnada, arac\u0131ma binen arkada\u015flar\u0131m\u0131z\u0131n kent kartlar\u0131 yoktu. Yabanc\u0131 olduklar\u0131n\u0131 s\u00f6ylediler. Ben de yard\u0131mc\u0131 oldum kart konusunda. Demirkap\u0131\u2019da yolcular\u0131m\u0131z indi. \u0130ndi\u011fi esnada \u00e7antalar\u0131 ara\u00e7ta kald\u0131, di\u011fer duyarl\u0131 vatanda\u015flar\u0131m\u0131z ara\u00e7ta \u00e7antan\u0131n kald\u0131\u011f\u0131n\u0131 bana s\u00f6ylediler. Ben de g\u00fcvenlik g\u00f6revlisi arkada\u015flar\u0131ma teslim ettim. Telefon numaralar\u0131na ula\u015ft\u0131k ve \u015fu anda \u00e7antalar\u0131n\u0131 teslim ettik\u201d dedi.<\/p>\n<p>\u00d6nce \u00fcz\u00fcnt\u00fc, sonra mutluluk ya\u015fad\u0131lar<\/p>\n<p>\u00c7antalar\u0131n\u0131 otob\u00fcste unuttuktan sonra b\u00fcy\u00fck \u00fcz\u00fcnt\u00fc ya\u015fad\u0131klar\u0131n\u0131 belirten Murat Ayman ise \u015funlar\u0131 s\u00f6yledi:<\/p>\n<p>\u201cD\u00fc\u011f\u00fcnden sonra e\u015fimle tatile gelmi\u015ftik. Tatilimizi Antalya ve Mersin\u2019de ge\u00e7irelim dedik. Mersin\u2019e geldik, Eshab-\u0131 Kehf\u2019i dedik ziyaret edelim. Bu \u00e7ok g\u00fczel davran\u0131\u015f\u0131ndan dolay\u0131, bu d\u00fcr\u00fcst davran\u0131\u015f\u0131ndan dolay\u0131, i\u015fini ve g\u00f6revini lay\u0131k\u0131yla yapmas\u0131ndan dolay\u0131 Ahmet Bey\u2019e \u00e7ok te\u015fekk\u00fcr ediyorum. Bizi ald\u0131 Eshab-\u0131 Kehf\u2019ten, biz de \u00e7antam\u0131z\u0131 onun otob\u00fcs\u00fcnde unutmu\u015ftuk. Demirkap\u0131\u2019y\u0131 gezdi\u011fimiz s\u00fcre zarf\u0131nda minib\u00fcse bindik, minib\u00fcste \u00e7antam\u0131z\u0131n olmad\u0131\u011f\u0131n\u0131 fark ettik. Dedik ki otob\u00fcste unuttuk. Minib\u00fcs \u015fof\u00f6r\u00fc de sa\u011f olsun beni hemen yetkililere y\u00f6nlendirdi. Ben de yetkilileri arad\u0131m. Mersin otogar\u0131na ula\u015ft\u0131m. Onlarda dediler ki, \u2018bizdedir, otogar\u0131n hemen kar\u015f\u0131s\u0131ndaki Otob\u00fcs Hareket M\u00fcd\u00fcrl\u00fc\u011f\u00fc\u2019ndedir\u2019. D\u00fc\u011f\u00fcne gelen dostlar\u0131m\u0131z ve bizim sevdiklerimiz bize manevi de\u011feri b\u00fcy\u00fck olan, bize destek olmak amac\u0131yla takt\u0131\u011f\u0131 tak\u0131lar da vard\u0131 o \u00e7antan\u0131n i\u00e7erisinde. O y\u00fczden biraz tela\u015fland\u0131k. Sa\u011f olsun Ahmet Bey o nokta da bizi rahatlatt\u0131. Yani b\u0131rakt\u0131\u011f\u0131m\u0131z gibi ald\u0131k. \u00c7antan\u0131n i\u00e7erisinde hangi tak\u0131lar varsa onlar\u0131 ald\u0131k.\u201d<\/p>\n","protected":false},"excerpt":{"rendered":"<p>Diyarbak\u0131r\u2019da evlendikten sonra balay\u0131na \u00e7\u0131kan ve gezi i\u00e7in Tarsus\u2019a gelen gen\u00e7 \u00e7ift, d\u00fc\u011f\u00fcnde tak\u0131lan tak\u0131lar\u0131n bulundu\u011fu \u00e7antay\u0131 Mersin B\u00fcy\u00fck\u015fehir Belediyesi toplu ta\u015f\u0131ma arac\u0131nda unuttu. \u00c7anta, vatanda\u015flar\u0131n ve otob\u00fcs \u015fof\u00f6r\u00fcn\u00fcn duyarl\u0131l\u0131\u011f\u0131 &hellip; <a href=\"https:\/\/akdenizolaygazetesi.com\/?p=13709\" class=\"more-link\">Devam\u0131n\u0131 Oku&#8230;<\/a><\/p>\n","protected":false},"author":2,"featured_media":13710,"comment_status":"open","ping_status":"open","sticky":false,"template":"","format":"standard","meta":[],"categories":[3,5],"tags":[],"_links":{"self":[{"href":"https:\/\/akdenizolaygazetesi.com\/index.php?rest_route=\/wp\/v2\/posts\/13709"}],"collection":[{"href":"https:\/\/akdenizolaygazetesi.com\/index.php?rest_route=\/wp\/v2\/posts"}],"about":[{"href":"https:\/\/akdenizolaygazetesi.com\/index.php?rest_route=\/wp\/v2\/types\/post"}],"author":[{"embeddable":true,"href":"https:\/\/akdenizolaygazetesi.com\/index.php?rest_route=\/wp\/v2\/users\/2"}],"replies":[{"embeddable":true,"href":"https:\/\/akdenizolaygazetesi.com\/index.php?rest_route=%2Fwp%2Fv2%2Fcomments&post=13709"}],"version-history":[{"count":1,"href":"https:\/\/akdenizolaygazetesi.com\/index.php?rest_route=\/wp\/v2\/posts\/13709\/revisions"}],"predecessor-version":[{"id":13711,"href":"https:\/\/akdenizolaygazetesi.com\/index.php?rest_route=\/wp\/v2\/posts\/13709\/revisions\/13711"}],"wp:featuredmedia":[{"embeddable":true,"href":"https:\/\/akdenizolaygazetesi.com\/index.php?rest_route=\/wp\/v2\/media\/13710"}],"wp:attachment":[{"href":"https:\/\/akdenizolaygazetesi.com\/index.php?rest_route=%2Fwp%2Fv2%2Fmedia&parent=13709"}],"wp:term":[{"taxonomy":"category","embeddable":true,"href":"https:\/\/akdenizolaygazetesi.com\/index.php?rest_route=%2Fwp%2Fv2%2Fcategories&post=13709"},{"taxonomy":"post_tag","embeddable":true,"href":"https:\/\/akdenizolaygazetesi.com\/index.php?rest_route=%2Fwp%2Fv2%2Ftags&post=13709"}],"curies":[{"name":"wp","href":"https:\/\/api.w.org\/{rel}","templated":true}]}}