{"id":1371,"date":"2020-11-04T18:21:56","date_gmt":"2020-11-04T15:21:56","guid":{"rendered":"http:\/\/mersinekonomipolitikagazetesi.com\/?p=1371"},"modified":"2020-11-04T18:21:56","modified_gmt":"2020-11-04T15:21:56","slug":"mersinde-ramazan-mektebi-semineri","status":"publish","type":"post","link":"https:\/\/akdenizolaygazetesi.com\/?p=1371","title":{"rendered":"Mersin&#8217;de Ramazan Mektebi Semineri"},"content":{"rendered":"<p>Mersin&#8217;de Ramazan Mektebi Semineri d\u00fczenlendi.<\/p>\n<p>15 Temmuz \u015eehitleri Anadolu Lisesi&#8217;nde ger\u00e7ekle\u015ftirilen ve \u00c7atalca vaizli\u011fi g\u00f6revini y\u00fcr\u00fcten Muhammet Masum Vanl\u0131o\u011flu\u00b4nun konu\u015fmac\u0131 olarak kat\u0131ld\u0131\u011f\u0131 seminerin a\u00e7\u0131l\u0131\u015f\u0131nda konu\u015fan Mersin \u0130l Milli E\u011fitim M\u00fcd\u00fcr\u00fc Adem Koca, Ramazan ay\u0131n\u0131n dini hayat\u0131m\u0131zda \u00e7ok \u00f6nemli yerinin oldu\u011funu s\u00f6yledi. Rahmet kap\u0131lar\u0131n\u0131n sonuna kadar a\u00e7\u0131ld\u0131\u011f\u0131, yard\u0131mla\u015fma ve dayan\u0131\u015fman\u0131n artt\u0131\u011f\u0131, sevginin, sayg\u0131n\u0131n, sabr\u0131n ve karde\u015fli\u011fin daha da g\u00fc\u00e7lendi\u011fi, birlik ve beraberli\u011fin bir kat daha peki\u015fti\u011fi Ramazan ay\u0131n\u0131n, m\u00fcbarek bir ay oldu\u011funu vurgulayan Koca, &#8220;\u0130nsanlar\u0131 karanl\u0131ktan ayd\u0131nl\u0131\u011fa \u00e7\u0131karan Y\u00fcce Kitab\u0131m\u0131z Kur\u00b4an-\u0131 Kerim, bu ayda indirilmeye ba\u015flanm\u0131\u015ft\u0131r. Bin aydan daha hay\u0131rl\u0131 bir gece olan Kadir Gecesi bu ayda bulunmakta ve oru\u00e7 ibadeti bu ayda eda edilmektedir&#8221; dedi.<br \/>\nVanl\u0131o\u011flu ise seminerde g\u00fcnl\u00fck hayattan verdi\u011fi \u00f6rneklerle ki\u015filik temas\u0131n\u0131n geli\u015fimi ve ba\u015far\u0131 i\u00e7in gerekli olan materyallerden bahsetti. Ba\u015farman\u0131n birinci ad\u0131m\u0131n\u0131n hedef koymak oldu\u011funu s\u00f6yleyen Vanl\u0131o\u011flu, bireyin istedi\u011fi takdirde elde edece\u011fi ba\u015far\u0131n\u0131n boyutlar\u0131n\u0131 anlatt\u0131.<br \/>\nSeminerin sonunda Mill\u00ee E\u011fitim M\u00fcd\u00fcr\u00fc Koca, Vanl\u0131o\u011flu\u2019na Allah\u2019\u0131n 99 isminin i\u015flenmi\u015f oldu\u011fu bir tablo hediye etti.<br \/>\nPrograma Yeni\u015fehir \u0130l\u00e7e Mill\u00ee E\u011fitim M\u00fcd\u00fcr\u00fc Kamil \u00c7elebiy\u0131lmaz, \u0130l Milli E\u011fitim M\u00fcd\u00fcr Yard\u0131mc\u0131s\u0131 Emre Duru, \u015eube M\u00fcd\u00fcr\u00fc Murat Ba\u011f\u0131\u015f, \u00f6\u011fretmenler ve lise \u00f6\u011frencileri kat\u0131ld\u0131.<\/p>\n","protected":false},"excerpt":{"rendered":"<p>Mersin&#8217;de Ramazan Mektebi Semineri d\u00fczenlendi. 15 Temmuz \u015eehitleri Anadolu Lisesi&#8217;nde ger\u00e7ekle\u015ftirilen ve \u00c7atalca vaizli\u011fi g\u00f6revini y\u00fcr\u00fcten Muhammet Masum Vanl\u0131o\u011flu\u00b4nun konu\u015fmac\u0131 olarak kat\u0131ld\u0131\u011f\u0131 seminerin a\u00e7\u0131l\u0131\u015f\u0131nda konu\u015fan Mersin \u0130l Milli E\u011fitim M\u00fcd\u00fcr\u00fc &hellip; <a href=\"https:\/\/akdenizolaygazetesi.com\/?p=1371\" class=\"more-link\">Devam\u0131n\u0131 Oku&#8230;<\/a><\/p>\n","protected":false},"author":1,"featured_media":0,"comment_status":"open","ping_status":"open","sticky":false,"template":"","format":"standard","meta":[],"categories":[],"tags":[],"_links":{"self":[{"href":"https:\/\/akdenizolaygazetesi.com\/index.php?rest_route=\/wp\/v2\/posts\/1371"}],"collection":[{"href":"https:\/\/akdenizolaygazetesi.com\/index.php?rest_route=\/wp\/v2\/posts"}],"about":[{"href":"https:\/\/akdenizolaygazetesi.com\/index.php?rest_route=\/wp\/v2\/types\/post"}],"author":[{"embeddable":true,"href":"https:\/\/akdenizolaygazetesi.com\/index.php?rest_route=\/wp\/v2\/users\/1"}],"replies":[{"embeddable":true,"href":"https:\/\/akdenizolaygazetesi.com\/index.php?rest_route=%2Fwp%2Fv2%2Fcomments&post=1371"}],"version-history":[{"count":0,"href":"https:\/\/akdenizolaygazetesi.com\/index.php?rest_route=\/wp\/v2\/posts\/1371\/revisions"}],"wp:attachment":[{"href":"https:\/\/akdenizolaygazetesi.com\/index.php?rest_route=%2Fwp%2Fv2%2Fmedia&parent=1371"}],"wp:term":[{"taxonomy":"category","embeddable":true,"href":"https:\/\/akdenizolaygazetesi.com\/index.php?rest_route=%2Fwp%2Fv2%2Fcategories&post=1371"},{"taxonomy":"post_tag","embeddable":true,"href":"https:\/\/akdenizolaygazetesi.com\/index.php?rest_route=%2Fwp%2Fv2%2Ftags&post=1371"}],"curies":[{"name":"wp","href":"https:\/\/api.w.org\/{rel}","templated":true}]}}