{"id":13715,"date":"2021-08-16T11:51:31","date_gmt":"2021-08-16T08:51:31","guid":{"rendered":"http:\/\/akdenizolaygazetesi.com\/?p=13715"},"modified":"2021-08-16T11:51:31","modified_gmt":"2021-08-16T08:51:31","slug":"meski-camlipinaralani-mahallesinin-yetersiz-icmesuyu-sorununa-son-verdi","status":"publish","type":"post","link":"https:\/\/akdenizolaygazetesi.com\/?p=13715","title":{"rendered":"MESK\u0130, \u00c7AMLIPINARALANI MAHALLES\u0130\u2019N\u0130N YETERS\u0130Z \u0130\u00c7MESUYU SORUNUNA SON VERD\u0130"},"content":{"rendered":"<p>Mersin B\u00fcy\u00fck\u015fehir Belediyesi Mersin Su ve Kanalizasyon \u0130daresi (MESK\u0130) Genel M\u00fcd\u00fcrl\u00fc\u011f\u00fc, Anamur il\u00e7esine ba\u011fl\u0131 \u00c7aml\u0131p\u0131naralan\u0131 Mahallesi sakinlerinin y\u0131llard\u0131r ya\u015fad\u0131\u011f\u0131 i\u00e7mesuyu sorununa son verdi.<\/p>\n<p>MESK\u0130 Genel M\u00fcd\u00fcrl\u00fc\u011f\u00fc, Mersin B\u00fcy\u00fck\u015fehir Belediye Ba\u015fkan\u0131 Vahap Se\u00e7er \u00f6nc\u00fcl\u00fc\u011f\u00fcnde ba\u015flatt\u0131\u011f\u0131 altyap\u0131 \u00e7al\u0131\u015fmalar\u0131na yo\u011fun bir \u015fekilde devam ediyor. Yetersiz i\u00e7mesuyu altyap\u0131s\u0131 bulunan \u00c7aml\u0131p\u0131naralan\u0131 Mahallesi\u2019ne, \u00d6ren Mahallesi\u2019nde bulunan mevcut depodan yeni yap\u0131lan i\u00e7mesuyu terfi hatt\u0131 ile i\u00e7mesuyu g\u00f6t\u00fcr\u00fclerek, problem giderildi.<\/p>\n<p>MESK\u0130\u2019nin yat\u0131r\u0131m tutar\u0131 1 milyon 364 bin lira olan i\u00e7mesuyu imalatlar\u0131 kapsam\u0131nda, \u00d6ren Mahallesi\u2019nde bulunan mevcut su deposundan yeni yap\u0131lan sistemle yakla\u015f\u0131k 9 bin 926 metre i\u00e7mesuyu \u015febeke imalat\u0131, 1 adet 30 metrek\u00fcp i\u00e7mesuyu biriktirme deposu ve 1 adet 10 metrek\u00fcp toplama odas\u0131 ile mekanik imalatlar yap\u0131ld\u0131. Bu sayede \u00c7aml\u0131p\u0131naralan\u0131 Mahallesi sakinleri kesintisiz i\u00e7mesuyuna kavu\u015ftu.<\/p>\n","protected":false},"excerpt":{"rendered":"<p>Mersin B\u00fcy\u00fck\u015fehir Belediyesi Mersin Su ve Kanalizasyon \u0130daresi (MESK\u0130) Genel M\u00fcd\u00fcrl\u00fc\u011f\u00fc, Anamur il\u00e7esine ba\u011fl\u0131 \u00c7aml\u0131p\u0131naralan\u0131 Mahallesi sakinlerinin y\u0131llard\u0131r ya\u015fad\u0131\u011f\u0131 i\u00e7mesuyu sorununa son verdi. MESK\u0130 Genel M\u00fcd\u00fcrl\u00fc\u011f\u00fc, Mersin B\u00fcy\u00fck\u015fehir Belediye Ba\u015fkan\u0131 &hellip; <a href=\"https:\/\/akdenizolaygazetesi.com\/?p=13715\" class=\"more-link\">Devam\u0131n\u0131 Oku&#8230;<\/a><\/p>\n","protected":false},"author":2,"featured_media":13716,"comment_status":"open","ping_status":"open","sticky":false,"template":"","format":"standard","meta":[],"categories":[3],"tags":[],"_links":{"self":[{"href":"https:\/\/akdenizolaygazetesi.com\/index.php?rest_route=\/wp\/v2\/posts\/13715"}],"collection":[{"href":"https:\/\/akdenizolaygazetesi.com\/index.php?rest_route=\/wp\/v2\/posts"}],"about":[{"href":"https:\/\/akdenizolaygazetesi.com\/index.php?rest_route=\/wp\/v2\/types\/post"}],"author":[{"embeddable":true,"href":"https:\/\/akdenizolaygazetesi.com\/index.php?rest_route=\/wp\/v2\/users\/2"}],"replies":[{"embeddable":true,"href":"https:\/\/akdenizolaygazetesi.com\/index.php?rest_route=%2Fwp%2Fv2%2Fcomments&post=13715"}],"version-history":[{"count":1,"href":"https:\/\/akdenizolaygazetesi.com\/index.php?rest_route=\/wp\/v2\/posts\/13715\/revisions"}],"predecessor-version":[{"id":13717,"href":"https:\/\/akdenizolaygazetesi.com\/index.php?rest_route=\/wp\/v2\/posts\/13715\/revisions\/13717"}],"wp:featuredmedia":[{"embeddable":true,"href":"https:\/\/akdenizolaygazetesi.com\/index.php?rest_route=\/wp\/v2\/media\/13716"}],"wp:attachment":[{"href":"https:\/\/akdenizolaygazetesi.com\/index.php?rest_route=%2Fwp%2Fv2%2Fmedia&parent=13715"}],"wp:term":[{"taxonomy":"category","embeddable":true,"href":"https:\/\/akdenizolaygazetesi.com\/index.php?rest_route=%2Fwp%2Fv2%2Fcategories&post=13715"},{"taxonomy":"post_tag","embeddable":true,"href":"https:\/\/akdenizolaygazetesi.com\/index.php?rest_route=%2Fwp%2Fv2%2Ftags&post=13715"}],"curies":[{"name":"wp","href":"https:\/\/api.w.org\/{rel}","templated":true}]}}