{"id":13718,"date":"2021-08-16T11:53:11","date_gmt":"2021-08-16T08:53:11","guid":{"rendered":"http:\/\/akdenizolaygazetesi.com\/?p=13718"},"modified":"2021-08-16T11:53:11","modified_gmt":"2021-08-16T08:53:11","slug":"projeye-dahil-olan-tarsus-ve-camliyaylali-ureticilere-kucukbas-hayvan-ve-yem-teslimi-yapildi","status":"publish","type":"post","link":"https:\/\/akdenizolaygazetesi.com\/?p=13718","title":{"rendered":"PROJEYE DAH\u0130L OLAN TARSUS VE \u00c7AMLIYAYLALI \u00dcRET\u0130C\u0130LERE K\u00dc\u00c7\u00dcKBA\u015e HAYVAN VE YEM TESL\u0130M\u0130 YAPILDI"},"content":{"rendered":"<p>Mersin B\u00fcy\u00fck\u015fehir Belediyesi\u2019nin k\u0131rsal kalk\u0131nmay\u0131 hedefleyen ve vatanda\u015flar taraf\u0131ndan b\u00fcy\u00fck be\u011feni toplayan \u201cHadi Gel K\u00f6y\u00fcm\u00fcze Destek Verelim Projesi\u201d kapsam\u0131nda, bu y\u0131l da dar gelirli hak sahibi \u00fcreticilere 25 adet k\u00fc\u00e7\u00fckba\u015f hayvan ve 4 ton yem deste\u011fi yap\u0131lmaya devam ediyor. Projeden faydalanmaya hak kazanan Tarsus\u2019tan 15, \u00c7aml\u0131yayla\u2019dan ise 2 \u00fcreticiye 24\u2019\u00fc di\u015fi, 1\u2019i ko\u00e7 olmak \u00fczere 25\u2019er adet k\u00fc\u00e7\u00fckba\u015f hayvan ve 4\u2019er ton yem teslimi, B\u00fcy\u00fck\u015fehir Belediyesi Tarsus-\u00c7aml\u0131yayla Koordinasyon M\u00fcd\u00fcrl\u00fc\u011f\u00fc bah\u00e7esinde yap\u0131ld\u0131.<\/p>\n<p>Hayvanlar\u0131n \u00fcreticilere teslimine; B\u00fcy\u00fck\u015fehir Belediyesi \u0130mar A.\u015e. Genel M\u00fcd\u00fcr\u00fc Ali Uyan, B\u00fcy\u00fck\u015fehir Tarsus-\u00c7aml\u0131yayla Koordinat\u00f6r\u00fc Ali Bolta\u00e7, CHP \u0130l\u00e7e Ba\u015fkan\u0131 Ozan Varal, B\u00fcy\u00fck\u015fehir Belediyesi Tar\u0131msal ve Veteriner Hizmetleri Dairesi Ba\u015fkanl\u0131\u011f\u0131 Bitkisel Materyal ve Serac\u0131l\u0131k \u015eube M\u00fcd\u00fcr\u00fc Sel\u00e7uk \u015eahuto\u011flu, Belediye Meclis \u00fcyeleri, muhtarlar ve \u00fcreticiler kat\u0131ld\u0131.<\/p>\n<p>Proje, emin ad\u0131mlarla ilerliyor<\/p>\n<p>B\u00fcy\u00fck\u015fehir Belediyesi Tar\u0131msal ve Veteriner Hizmetleri Dairesi b\u00fcnyesinde y\u00fcr\u00fct\u00fclen ve be\u011feni kazanan proje kapsam\u0131nda k\u0131rsalda ya\u015fayan d\u00fc\u015f\u00fck gelirli ailelere istihdam sa\u011flanmas\u0131, k\u00f6yden kente g\u00f6\u00e7\u00fcn azalt\u0131lmas\u0131, b\u00f6lgedeki koyun varl\u0131\u011f\u0131n\u0131n art\u0131r\u0131lmas\u0131, dam\u0131zl\u0131k fazlas\u0131 olan yerli \u00fcreticilerden yeni i\u015fletmeler i\u00e7in hayvanlar\u0131n\u0131n de\u011fer fiyat\u0131nda sat\u0131n al\u0131narak ekonomiye destek verilmesi ama\u00e7lan\u0131yor. \u00dcretim odakl\u0131 proje ile \u00fcreticilere a\u015f\u0131 deste\u011fi de sa\u011flan\u0131yor.<\/p>\n<p>Projeden faydalanan \u00fcreticilerin bulunduklar\u0131 b\u00f6lgenin \u015fartlar\u0131na g\u00f6re k\u0131l ke\u00e7isi, g\u00fcney karaman ve ivesi koyun deste\u011fi sa\u011flan\u0131yor. Proje, B\u00fcy\u00fck\u015fehir\u2019in \u00f6nc\u00fcl\u00fc\u011f\u00fcnde Mersin \u0130l Tar\u0131m ve Orman M\u00fcd\u00fcrl\u00fc\u011f\u00fc, Mersin Dam\u0131zl\u0131k Koyun Ke\u00e7i Yeti\u015ftiricileri Birli\u011fi, Mersin Veteriner Hekimler Odas\u0131 payda\u015fl\u0131\u011f\u0131nda y\u00fcr\u00fct\u00fcl\u00fcyor. 5 y\u0131l\u0131n sonunda toplam 300 yeni i\u015fletme kurulmas\u0131 ve Mersin hayvan pop\u00fclasyonuna 7 bin 500 ba\u015f dam\u0131zl\u0131k de\u011ferinde hayvan kazand\u0131r\u0131lmas\u0131 hedefleniyor.<\/p>\n<p>B\u00fcy\u00fck\u015fehir Belediyesi Tar\u0131msal ve Veteriner Hizmetleri Dairesi Ba\u015fkanl\u0131\u011f\u0131 Bitkisel Materyal ve Serac\u0131l\u0131k \u015eube M\u00fcd\u00fcr\u00fc Sel\u00e7uk \u015eahuto\u011flu, \u00fcreticilere \u2018hay\u0131rl\u0131 olsun\u2019 diyerek ba\u015flad\u0131\u011f\u0131 konu\u015fmas\u0131nda, \u201cSizler hem kendinizin hem de sizden sonraki yeti\u015ftiricilerin asl\u0131nda sorumlulu\u011funu alm\u0131\u015f oluyorsunuz. \u00dcretmi\u015f oldu\u011funuz hayvanlara di\u011fer kom\u015fular\u0131n\u0131za verece\u011finizi d\u00fc\u015f\u00fcnerek daha \u00f6zenle bakman\u0131z\u0131 istirham ediyoruz. Hepinize B\u00fcy\u00fck\u015fehir Belediye Ba\u015fkan\u0131m\u0131z\u0131n selamlar\u0131n\u0131 iletiyorum\u201d dedi.<\/p>\n<p>B\u00fcy\u00fck\u015fehir Belediyesi Meclis \u00dcyesi ve Tarsus-\u00c7aml\u0131yayla Koordinat\u00f6r\u00fc Ali Bolta\u00e7, \u00fcreticilere deste\u011fin artarak devam etti\u011fini kaydederek, \u201cHer sene da\u011f\u0131tt\u0131\u011f\u0131m\u0131z 60 adet k\u00fc\u00e7\u00fckba\u015f hayvanlardan bu sene 15 tanesini Tarsus\u2019a, 2 tanesi de \u00c7aml\u0131yayla\u2019ya olmak \u00fczere 17 tane, her bir aileye 25 k\u00fc\u00e7\u00fckba\u015f hayvan olmak \u00fczere da\u011f\u0131t\u0131yoruz. Tabi bizim deste\u011fimiz sadece bununla kalm\u0131yor. Bildi\u011finiz \u00fczere fide, fidan da\u011f\u0131t\u0131m\u0131 da ger\u00e7ekle\u015ftiriyoruz. Bunun yan\u0131 s\u0131ra \u00fcz\u00fcm s\u0131kma makinam\u0131z, kad\u0131nlar\u0131m\u0131z i\u00e7in hamur yo\u011furma makinam\u0131z, zeytin fidan\u0131m\u0131z, keza ceviz fidan\u0131m\u0131z, bunlar\u0131n hepsi siz de\u011ferli vatanda\u015flar\u0131m\u0131z, siz de\u011ferli yeti\u015ftiriciler i\u00e7in\u201d diye konu\u015ftu.<\/p>\n<p>B\u00fcy\u00fck\u015fehir Belediyesi \u0130mar A.\u015e. Genel M\u00fcd\u00fcr\u00fc Ali Uyan da, \u201c\u00dcreticiye, tar\u0131ma, hayvanc\u0131l\u0131\u011fa, \u00fcretimle ilgili her t\u00fcrl\u00fc konuda destek veren bir B\u00fcy\u00fck\u015fehir Belediye Ba\u015fkan\u0131m\u0131z var, say\u0131n Vahap Se\u00e7er. Her zaman \u00fcreticimizin yan\u0131nda, \u00fcretimin yan\u0131nda olmu\u015ftur. Bu \u00fcretimin hangi \u015fekli, hangi \u00e7e\u015fidi olursa olsun\u201d ifadelerine yer verdi.<\/p>\n<p>\u201cProje bu zor g\u00fcnlerde bize destek oldu\u201d<\/p>\n<p>Projeye Tarsus\u2019a ba\u011fl\u0131 Me\u015felik Mahallesi\u2019nden kat\u0131lan Dilek Ba\u015faran, projeye dahil oldu\u011fu i\u00e7in \u00e7ok mutlu oldu\u011funu belirterek, \u201cKoyun yeti\u015ftiricili\u011fi, inek yeti\u015ftiricili\u011fi yap\u0131yoruz. Bu zor g\u00fcnlerde, bu pandemi d\u00f6neminde Vahap Bey de bu proje ile bizlere destek oldu. Ke\u00e7i yeti\u015ftiricili\u011fi ile devam edece\u011fiz. B\u00f6lgemiz buna gayet uygun. Vahap Bey\u2019e \u00e7ok te\u015fekk\u00fcr ediyorum\u201d dedi.<\/p>\n<p>Mahmuta\u011fa Mahallesi\u2019nden \u00fcretici Ersin Sever ise \u201cBu proje \u00e7ok g\u00fczel. Kesinlikle insanlar\u0131n kat\u0131lmas\u0131n\u0131, te\u015fvik edilmesini, k\u00f6ye, mahallelere gelmesini sa\u011flamas\u0131 \u00e7ok g\u00fczel bir \u015fey. Vahap Ba\u015fkan\u0131m\u0131za da \u00e7ok te\u015fekk\u00fcr ederim, bu kampanyalar\u0131 y\u00fcr\u00fctt\u00fc\u011f\u00fc i\u00e7in. Devam\u0131n\u0131n gelmesi i\u00e7in de elimizden gelen her \u015feyi yapmak i\u00e7in \u00e7al\u0131\u015faca\u011f\u0131z\u201d ifadelerini kulland\u0131.<\/p>\n","protected":false},"excerpt":{"rendered":"<p>Mersin B\u00fcy\u00fck\u015fehir Belediyesi\u2019nin k\u0131rsal kalk\u0131nmay\u0131 hedefleyen ve vatanda\u015flar taraf\u0131ndan b\u00fcy\u00fck be\u011feni toplayan \u201cHadi Gel K\u00f6y\u00fcm\u00fcze Destek Verelim Projesi\u201d kapsam\u0131nda, bu y\u0131l da dar gelirli hak sahibi \u00fcreticilere 25 adet k\u00fc\u00e7\u00fckba\u015f &hellip; <a href=\"https:\/\/akdenizolaygazetesi.com\/?p=13718\" class=\"more-link\">Devam\u0131n\u0131 Oku&#8230;<\/a><\/p>\n","protected":false},"author":2,"featured_media":13719,"comment_status":"open","ping_status":"open","sticky":false,"template":"","format":"standard","meta":[],"categories":[3],"tags":[],"_links":{"self":[{"href":"https:\/\/akdenizolaygazetesi.com\/index.php?rest_route=\/wp\/v2\/posts\/13718"}],"collection":[{"href":"https:\/\/akdenizolaygazetesi.com\/index.php?rest_route=\/wp\/v2\/posts"}],"about":[{"href":"https:\/\/akdenizolaygazetesi.com\/index.php?rest_route=\/wp\/v2\/types\/post"}],"author":[{"embeddable":true,"href":"https:\/\/akdenizolaygazetesi.com\/index.php?rest_route=\/wp\/v2\/users\/2"}],"replies":[{"embeddable":true,"href":"https:\/\/akdenizolaygazetesi.com\/index.php?rest_route=%2Fwp%2Fv2%2Fcomments&post=13718"}],"version-history":[{"count":1,"href":"https:\/\/akdenizolaygazetesi.com\/index.php?rest_route=\/wp\/v2\/posts\/13718\/revisions"}],"predecessor-version":[{"id":13720,"href":"https:\/\/akdenizolaygazetesi.com\/index.php?rest_route=\/wp\/v2\/posts\/13718\/revisions\/13720"}],"wp:featuredmedia":[{"embeddable":true,"href":"https:\/\/akdenizolaygazetesi.com\/index.php?rest_route=\/wp\/v2\/media\/13719"}],"wp:attachment":[{"href":"https:\/\/akdenizolaygazetesi.com\/index.php?rest_route=%2Fwp%2Fv2%2Fmedia&parent=13718"}],"wp:term":[{"taxonomy":"category","embeddable":true,"href":"https:\/\/akdenizolaygazetesi.com\/index.php?rest_route=%2Fwp%2Fv2%2Fcategories&post=13718"},{"taxonomy":"post_tag","embeddable":true,"href":"https:\/\/akdenizolaygazetesi.com\/index.php?rest_route=%2Fwp%2Fv2%2Ftags&post=13718"}],"curies":[{"name":"wp","href":"https:\/\/api.w.org\/{rel}","templated":true}]}}