{"id":1372,"date":"2020-11-04T18:21:56","date_gmt":"2020-11-04T15:21:56","guid":{"rendered":"http:\/\/mersinekonomipolitikagazetesi.com\/?p=1372"},"modified":"2020-11-04T18:21:56","modified_gmt":"2020-11-04T15:21:56","slug":"mtso-ve-guney-afrika-cumhuriyeti-arasinda-isbirligi-protokolu-imzalandi","status":"publish","type":"post","link":"https:\/\/akdenizolaygazetesi.com\/?p=1372","title":{"rendered":"MTSO ve G\u00fcney Afrika Cumhuriyeti aras\u0131nda i\u015fbirli\u011fi protokol\u00fc imzaland\u0131"},"content":{"rendered":"<p>G\u00fcney Afrika Cumhuriyeti ile Mersin Ticaret ve Sanayi Odas\u0131 (MTSO), ticareti art\u0131rmak ad\u0131na ekonomik i\u015fbirli\u011fi protokol\u00fcne imza att\u0131. B\u00fcy\u00fckel\u00e7ilik olarak ilk kez bir oda ile protokol imzalad\u0131klar\u0131n\u0131 belirten G\u00fcney Afrika Cumhuriyeti\u2019nin Ankara B\u00fcy\u00fckel\u00e7isi Pule Isaac Malefane, ili\u015fkilerin mevcut durumda istenilen seviyede olmad\u0131\u011f\u0131n\u0131, rakamlar\u0131n daha yukar\u0131lara ta\u015f\u0131nmas\u0131nda bu protokol\u00fcn \u00f6nemli rol oynayaca\u011f\u0131na inand\u0131\u011f\u0131n\u0131 s\u00f6yledi.<\/p>\n<p>B\u00fcy\u00fckel\u00e7i Malefane, MTSO\u2019yu ziyaret ederek, MTSO Ba\u015fkan\u0131 \u015eerafettin A\u015fut ile bir araya geldi. Ziyarette, Mersin ile G\u00fcney Afrika aras\u0131nda bir i\u015fbirli\u011fi protokol\u00fc imzaland\u0131. \u0130mza t\u00f6renine G\u00fcney Afrika Fahri Konsolosu Numan Olcar\u2019\u0131n yan\u0131 s\u0131ra MTSO Y\u00f6netim Kurulu \u00dcyesi Ufuk Maya ve MTSO Meclis \u00dcyesi Nedim \u0130kan\u00e7 da kat\u0131ld\u0131.<br \/>\n\u0130mzalar at\u0131lmadan \u00f6nce bir konu\u015fma yapan MTSO Ba\u015fkan\u0131 A\u015fut, yak\u0131n dostluklar\u0131n ticari ili\u015fkileri geli\u015ftirerek ta\u00e7land\u0131r\u0131lmas\u0131 gerekti\u011fini ifade etti. Bunun, bug\u00fcnden yar\u0131na k\u0131sa zamanda olmas\u0131n\u0131n m\u00fcmk\u00fcn olamayaca\u011f\u0131n\u0131 kaydeden A\u015fut, \u201cAncak her iki tarafta da bu niyetin var olmas\u0131 sevindirici. Bu niyet oldu\u011fu s\u00fcrece hedeflere k\u0131sa s\u00fcrede ula\u015f\u0131laca\u011f\u0131na inan\u0131yorum\u201d dedi.<br \/>\nB\u00fcy\u00fckel\u00e7i Malefane ise \u201cYapmam\u0131z gereken \u00e7ok \u015fey oldu\u011funu biliyoruz. Kar\u015f\u0131l\u0131kl\u0131 ticaretimizin artmas\u0131 ad\u0131na gerek Mersin Ticaret ve Sanayi Odas\u0131na gerekse bize b\u00fcy\u00fck g\u00f6revler d\u00fc\u015f\u00fcyor. \u015eunu s\u00f6yleyebilirim ki, bir oda ile ilk resmi anla\u015fmam\u0131z\u0131 yap\u0131yoruz. Ger\u00e7ekli\u011fine inanmad\u0131\u011f\u0131m\u0131z s\u00fcrece bu y\u00f6ndeki anla\u015fmalar\u0131 imzalam\u0131yoruz. Ama Mersin\u2019e g\u00fcveniyoruz\u201d diye konu\u015ftu.<br \/>\nHer iki taraf\u0131n da ta\u015f\u0131n alt\u0131na elini koyaca\u011f\u0131na inand\u0131\u011f\u0131n\u0131 dile getiren Malefane, \u201cSizin vizyonunuzla geldi\u011fimiz bu noktada \u015fahs\u0131n\u0131z, y\u00f6netiminiz, meclisiniz ve profesyonellerinize te\u015fekk\u00fcr ederim. Bu imzalar\u0131n ka\u011f\u0131t \u00fczerinde kalmay\u0131p uygulamaya ge\u00e7irilmesi en b\u00fcy\u00fck beklentimiz\u201d ifadelerini kulland\u0131.<br \/>\nG\u00fcney Afrika ile ticareti art\u0131rmak i\u00e7in azami gayret g\u00f6sterilecek<br \/>\n\u0130mzalanan ve 5 y\u0131l i\u00e7in ge\u00e7erli olacak protokol \u00e7er\u00e7evesinde taraflar, aralar\u0131ndaki her iki taraf i\u00e7in de avantajl\u0131 olacak ekonomik i\u015fbirli\u011fini kendi imkanlar\u0131 ve yetki alanlar\u0131 \u00e7er\u00e7evesinde destekleyecek. Taraflar Mersin ve G\u00fcney Afrika Cumhuriyeti \u015fehirleri aras\u0131ndaki ticareti te\u015fvik etmeyi sa\u011flayacak mevcut kontaklar\u0131n art\u0131r\u0131lmas\u0131nda ve yeni ortakl\u0131klar edinilmesi konusunda azami gayret g\u00f6sterecek. Pazar ara\u015ft\u0131rmas\u0131, ticari fuarlar, sergiler, kendi \u00fclkelerinde d\u00fczenlenen ticari heyetler gibi konularda bilgi al\u0131\u015fveri\u015fi yapacak ve bu bilgileri ilgili kurumlara iletecek. \u0130ki \u00fclkede olan yeni uygulamalar, mevzuat de\u011fi\u015fiklikleri, ekonomik planlardaki ama\u00e7lar gibi \u00fclkeleri aras\u0131ndaki ekonomik ili\u015fkiyi ilgilendiren t\u00fcm \u00f6nemli geli\u015fmelerden birbirini haberdar edecek. \u0130kili g\u00f6r\u00fc\u015fmelerin d\u00fczenlenmesi ve organizasyonunda beraber \u00e7al\u0131\u015facak, destek verecekler, kendi ekonomilerinde faaliyet g\u00f6steren \u015firket ve kurulu\u015flar\u0131n i\u015fbirli\u011fi kurma konusundaki g\u00f6r\u00fc\u015fmelerine imkan sa\u011flamak a\u00e7\u0131s\u0131ndan her iki \u00fclkedeki ticari heyetlerin birbirini ziyaret etmesine destek olacak. D\u00fczenlenecek sempozyum ve konferanslarla ikili ili\u015fkiler geli\u015ftirilecek. Sadece ticaret ve sanayide i\u015fbirli\u011fini te\u015fvik etmekle kalmay\u0131p kendi imkan ve yetki alanlar\u0131 \u00e7er\u00e7evesinde her iki \u00fclkedeki yeni geli\u015fen yat\u0131r\u0131m olanaklar\u0131n\u0131 \u00e7ekmeye \u00e7al\u0131\u015facaklar.<\/p>\n","protected":false},"excerpt":{"rendered":"<p>G\u00fcney Afrika Cumhuriyeti ile Mersin Ticaret ve Sanayi Odas\u0131 (MTSO), ticareti art\u0131rmak ad\u0131na ekonomik i\u015fbirli\u011fi protokol\u00fcne imza att\u0131. B\u00fcy\u00fckel\u00e7ilik olarak ilk kez bir oda ile protokol imzalad\u0131klar\u0131n\u0131 belirten G\u00fcney Afrika &hellip; <a href=\"https:\/\/akdenizolaygazetesi.com\/?p=1372\" class=\"more-link\">Devam\u0131n\u0131 Oku&#8230;<\/a><\/p>\n","protected":false},"author":1,"featured_media":0,"comment_status":"open","ping_status":"open","sticky":false,"template":"","format":"standard","meta":[],"categories":[],"tags":[],"_links":{"self":[{"href":"https:\/\/akdenizolaygazetesi.com\/index.php?rest_route=\/wp\/v2\/posts\/1372"}],"collection":[{"href":"https:\/\/akdenizolaygazetesi.com\/index.php?rest_route=\/wp\/v2\/posts"}],"about":[{"href":"https:\/\/akdenizolaygazetesi.com\/index.php?rest_route=\/wp\/v2\/types\/post"}],"author":[{"embeddable":true,"href":"https:\/\/akdenizolaygazetesi.com\/index.php?rest_route=\/wp\/v2\/users\/1"}],"replies":[{"embeddable":true,"href":"https:\/\/akdenizolaygazetesi.com\/index.php?rest_route=%2Fwp%2Fv2%2Fcomments&post=1372"}],"version-history":[{"count":0,"href":"https:\/\/akdenizolaygazetesi.com\/index.php?rest_route=\/wp\/v2\/posts\/1372\/revisions"}],"wp:attachment":[{"href":"https:\/\/akdenizolaygazetesi.com\/index.php?rest_route=%2Fwp%2Fv2%2Fmedia&parent=1372"}],"wp:term":[{"taxonomy":"category","embeddable":true,"href":"https:\/\/akdenizolaygazetesi.com\/index.php?rest_route=%2Fwp%2Fv2%2Fcategories&post=1372"},{"taxonomy":"post_tag","embeddable":true,"href":"https:\/\/akdenizolaygazetesi.com\/index.php?rest_route=%2Fwp%2Fv2%2Ftags&post=1372"}],"curies":[{"name":"wp","href":"https:\/\/api.w.org\/{rel}","templated":true}]}}