{"id":1374,"date":"2020-11-04T18:21:56","date_gmt":"2020-11-04T15:21:56","guid":{"rendered":"http:\/\/mersinekonomipolitikagazetesi.com\/?p=1374"},"modified":"2020-11-04T18:21:56","modified_gmt":"2020-11-04T15:21:56","slug":"erdemlinin-batisandal-mahallesi-yenileniyor","status":"publish","type":"post","link":"https:\/\/akdenizolaygazetesi.com\/?p=1374","title":{"rendered":"Erdemli\u2019nin Bat\u0131sandal Mahallesi yenileniyor"},"content":{"rendered":"<p>Mersin\u2019in Erdemli Belediyesi, Bat\u0131sandal Mahallesinde meydandan a\u011fa\u00e7land\u0131rmaya, parkeden asfalta kadar bir\u00e7ok hizmetle mahalleyi yeniliyor.<\/p>\n<p>Belediyeden yap\u0131lan a\u00e7\u0131klamada, Bat\u0131sandal Mahallesinde sene ba\u015f\u0131nda ba\u015flat\u0131lan kapsaml\u0131 \u00e7al\u0131\u015fmalarda sona yakla\u015f\u0131ld\u0131\u011f\u0131 bildirildi. A\u00e7\u0131klamaya g\u00f6re, mahalle meydan\u0131n\u0131n yap\u0131m\u0131 tamamlan\u0131rken, okul binas\u0131 boyand\u0131, \u00c7anak\u00e7\u0131 mevkiinde de asfalt haz\u0131rl\u0131\u011f\u0131 t\u00fcm h\u0131z\u0131yla s\u00fcr\u00fcyor. Parke ve a\u011fa\u00e7land\u0131rma \u00e7al\u0131\u015fmalar\u0131n\u0131n da devam etti\u011fi mahallede, belediye marangozhanesinde \u00fcretilen ah\u015fap otob\u00fcs duraklar\u0131 da tamamland\u0131.<br \/>\nYap\u0131lan mahalle meydan\u0131n\u0131 ve di\u011fer \u00e7al\u0131\u015fmalar\u0131 yerinde inceleyen Erdemli Belediye Ba\u015fkan\u0131 M\u00fckerrem Tollu, belediye ekiplerinden \u00e7al\u0131\u015fmalarla ilgili bilgi ald\u0131. Yap\u0131lan t\u00fcm hizmetlerin Erdemlili vatanda\u015flar\u0131n ferah bir ya\u015fam s\u00fcrd\u00fcrebilmesi ad\u0131na ger\u00e7ekle\u015ftirildi\u011fini belirten Ba\u015fkan Tollu, s\u00f6z verdikleri hizmetleri fazlas\u0131yla yapacaklar\u0131n\u0131 ifade etti. Bat\u0131sandal Mahallesine verdikleri hizmet s\u00f6z\u00fcn\u00fc yerine getirmenin mutlulu\u011funu ya\u015fad\u0131klar\u0131n\u0131 ifade eden Tollu, yap\u0131lan hizmetlerin Erdemli\u2019yi hak etti\u011fi noktaya en k\u0131sa s\u00fcrede \u00e7\u0131karaca\u011f\u0131n\u0131 dile getirdi. Erdemli\u2019nin her alanda en iyi hizmeti almay\u0131 hak etti\u011fini vurgulayan Ba\u015fkan Tollu, \u201cHak edilen bu hizmeti ula\u015ft\u0131rmak i\u00e7in belediye olarak elimizden geleni yap\u0131yoruz, yapmaya devam edece\u011fiz\u201d dedi.<\/p>\n","protected":false},"excerpt":{"rendered":"<p>Mersin\u2019in Erdemli Belediyesi, Bat\u0131sandal Mahallesinde meydandan a\u011fa\u00e7land\u0131rmaya, parkeden asfalta kadar bir\u00e7ok hizmetle mahalleyi yeniliyor. Belediyeden yap\u0131lan a\u00e7\u0131klamada, Bat\u0131sandal Mahallesinde sene ba\u015f\u0131nda ba\u015flat\u0131lan kapsaml\u0131 \u00e7al\u0131\u015fmalarda sona yakla\u015f\u0131ld\u0131\u011f\u0131 bildirildi. A\u00e7\u0131klamaya g\u00f6re, mahalle &hellip; <a href=\"https:\/\/akdenizolaygazetesi.com\/?p=1374\" class=\"more-link\">Devam\u0131n\u0131 Oku&#8230;<\/a><\/p>\n","protected":false},"author":1,"featured_media":0,"comment_status":"open","ping_status":"open","sticky":false,"template":"","format":"standard","meta":[],"categories":[],"tags":[],"_links":{"self":[{"href":"https:\/\/akdenizolaygazetesi.com\/index.php?rest_route=\/wp\/v2\/posts\/1374"}],"collection":[{"href":"https:\/\/akdenizolaygazetesi.com\/index.php?rest_route=\/wp\/v2\/posts"}],"about":[{"href":"https:\/\/akdenizolaygazetesi.com\/index.php?rest_route=\/wp\/v2\/types\/post"}],"author":[{"embeddable":true,"href":"https:\/\/akdenizolaygazetesi.com\/index.php?rest_route=\/wp\/v2\/users\/1"}],"replies":[{"embeddable":true,"href":"https:\/\/akdenizolaygazetesi.com\/index.php?rest_route=%2Fwp%2Fv2%2Fcomments&post=1374"}],"version-history":[{"count":0,"href":"https:\/\/akdenizolaygazetesi.com\/index.php?rest_route=\/wp\/v2\/posts\/1374\/revisions"}],"wp:attachment":[{"href":"https:\/\/akdenizolaygazetesi.com\/index.php?rest_route=%2Fwp%2Fv2%2Fmedia&parent=1374"}],"wp:term":[{"taxonomy":"category","embeddable":true,"href":"https:\/\/akdenizolaygazetesi.com\/index.php?rest_route=%2Fwp%2Fv2%2Fcategories&post=1374"},{"taxonomy":"post_tag","embeddable":true,"href":"https:\/\/akdenizolaygazetesi.com\/index.php?rest_route=%2Fwp%2Fv2%2Ftags&post=1374"}],"curies":[{"name":"wp","href":"https:\/\/api.w.org\/{rel}","templated":true}]}}