{"id":13740,"date":"2021-08-17T11:30:30","date_gmt":"2021-08-17T08:30:30","guid":{"rendered":"http:\/\/akdenizolaygazetesi.com\/?p=13740"},"modified":"2021-08-17T11:30:30","modified_gmt":"2021-08-17T08:30:30","slug":"erkek-basketbol-takimi-antrenmanlara-basladi","status":"publish","type":"post","link":"https:\/\/akdenizolaygazetesi.com\/?p=13740","title":{"rendered":"ERKEK BASKETBOL TAKIMI ANTRENMANLARA BA\u015eLADI"},"content":{"rendered":"<p>Mersin B\u00fcy\u00fck\u015fehir Belediyesi Gen\u00e7lik ve Spor Kul\u00fcb\u00fc Erkek Basketbol Tak\u0131m\u0131, 2021-2022 sezonu antrenmanlar\u0131n\u0131 Edip Buran Kapal\u0131 Spor Salonu\u2019nda ger\u00e7ekle\u015ftiriyor. \u00d6nceki sezonu T\u00fcrkiye Basketbol Ligi\u2019ne y\u00fckselerek geride b\u0131rakan tak\u0131m, yeni sezona dinamik ve iddial\u0131 ba\u015flad\u0131.<\/p>\n<p>Tak\u0131m sezona bomba gibi haz\u0131rlan\u0131yor<\/p>\n<p>2019-2020 sezonunda T\u00fcrkiye Basketbol 2. Ligi\u2019ne y\u00fckselen B\u00fcy\u00fck\u015fehir\u2019in Erkek Basketbol Tak\u0131m\u0131, 2020-2021 sezonundaki m\u00fcsabakalarda ise g\u00f6sterdi\u011fi ba\u015far\u0131l\u0131 performansla T\u00fcrkiye Basketbol Ligi\u2019ne y\u00fckselmenin gururunu ya\u015fad\u0131. Tak\u0131m, sezonun final grubu m\u00fcsabakalar\u0131nda son rakibi TED Ankara Kolejliler\u2019le m\u00fccadele etti. T\u00fcrkiye Basketbol Ligi\u2019ne y\u00fckselmenin mutlulu\u011fuyla Mersin\u2019e d\u00f6nen ve sezonu kapatan tak\u0131m, yeni sezon antrenmanlar\u0131n\u0131 b\u00fcy\u00fck bir heyecanla s\u00fcrd\u00fcr\u00fcyor.<\/p>\n<p>Tak\u0131m, ilerleyen g\u00fcnlerde turnuvalara kat\u0131lacak<\/p>\n<p>Transfer \u00e7al\u0131\u015fmalar\u0131n\u0131 tamamlad\u0131ktan sonra antrenmanlara ba\u015flayan B\u00fcy\u00fck\u015fehir\u2019in Erkek Basketbol Tak\u0131m\u0131, ilerleyen g\u00fcnlerde turnuvalara kat\u0131lacak. Yakla\u015f\u0131k 2 ay \u00f6nce vefat eden T\u00fcrkiye Basketbol Federasyonu Ankara Basketbol \u0130l Temsilcisi Yal\u00e7\u0131n Efe ve 5 y\u0131l \u00f6nce vefat eden Eski FIBA Hakemi Memduh \u00d6get\u2019in an\u0131s\u0131na 1-2-3 Eyl\u00fcl\u2019de Ankara\u2019da d\u00fczenlenecek turnuvaya kat\u0131lacak olan tak\u0131m, 9-10-11 Eyl\u00fcl\u2019de ise Konya\u2019da d\u00fczenlenecek sezon \u00f6ncesi turnuvalar\u0131nda yer alacak.<\/p>\n<p>\u201cLige renk katmak istiyoruz\u201d<\/p>\n<p>B\u00fcy\u00fck\u015fehir Belediyesi GSK Erkek Basketbol Tak\u0131m\u0131 Ba\u015f Antren\u00f6r\u00fc Hikmet \u015eahin Ate\u015fda\u011fl\u0131, yeni sezona heyecanla ba\u015flad\u0131klar\u0131n\u0131 belirterek, \u201cMersin B\u00fcy\u00fck\u015fehir Belediyesi Basketbol Tak\u0131m\u0131 olarak bu sene yeni bir sezona ba\u015fl\u0131yoruz. Ge\u00e7en sene lige \u00e7\u0131kt\u0131\u011f\u0131m\u0131z i\u00e7in bu sene T\u00fcrkiye Basketbol Ligi\u2019nde (TBL) m\u00fccadele edece\u011fiz. TBL \u00e7ok kolay bir lig de\u011fil ama oraya uygun bir tak\u0131m kurdu\u011fumuzu d\u00fc\u015f\u00fcn\u00fcyorum. Gen\u00e7 ve sava\u015f\u00e7\u0131 bir tak\u0131m olu\u015fturduk. Tecr\u00fcbeli birka\u00e7 tane oyuncumuz var. Onlarla beraber iyi bir yap\u0131 kurdu\u011fumuzu d\u00fc\u015f\u00fcn\u00fcyorum. Burada tabii ki en b\u00fcy\u00fck destek ve ilham kayna\u011f\u0131 olan Say\u0131n Ba\u015fkan\u0131m\u0131z ve Kul\u00fcp Ba\u015fkan\u0131m\u0131z \u00d6zg\u00fcr Bey olmak \u00fczere kuvvetli bir yap\u0131yla iyi bir y\u00f6netim olu\u015fturuldu. Sahada iyi bir tak\u0131m kurdu\u011fumuzu d\u00fc\u015f\u00fcn\u00fcyorum. En iyi \u015fekilde kul\u00fcb\u00fcm\u00fcz\u00fc ve Mersin\u2019i temsil edecek bir yap\u0131 olu\u015fturduk. Bu yap\u0131yla beraber altyap\u0131y\u0131 da hareketlendirerek, \u00fcst tarafta da hedef bir tak\u0131m kurarak Mersin\u2019e yak\u0131\u015fan basketbolu sahaya koyaca\u011f\u0131m\u0131z\u0131 d\u00fc\u015f\u00fcn\u00fcyorum. Burada bizim i\u00e7in en \u00f6nemli olan seyirciyle b\u00fct\u00fcnle\u015febilmek. Seyircimizle beraber g\u00fczel bir atmosfer yarat\u0131p lige renk katmak istiyoruz\u201d dedi.<\/p>\n<p>\u201cBu sene de g\u00fczel bir yap\u0131lanma var\u201d<\/p>\n<p>Tak\u0131m Kaptan\u0131 Polat Kaya ise iyi bir sezon ge\u00e7irilmesini dileyerek, \u201cMersin Basketbol, basketbol camias\u0131nda T\u00fcrkiye\u2019de \u00e7ok \u00f6nemli bir k\u00fclt\u00fcre ve yere sahip bir tak\u0131m. Ge\u00e7en sene ba\u015far\u0131l\u0131 olduktan sonra bir alt ligden TBL\u2019ye y\u00fckselmi\u015f bulunuyor. \u00c7ok ba\u015far\u0131l\u0131 bir sezonu geride b\u0131rakt\u0131lar. Bu sene de g\u00fczel bir yap\u0131lanma var, bir hafta oldu \u00e7al\u0131\u015fmalara ba\u015flayal\u0131. G\u00fczel bir yap\u0131 ve organizasyon kurulmaya \u00e7al\u0131\u015f\u0131l\u0131yor burada. Biz de elimizden geldi\u011fince tecr\u00fcbelerimizle beraber burada bu \u00e7al\u0131\u015fmalara bir katk\u0131 sa\u011flama niyetindeyiz. G\u00fczel de bir ekip olduk. Arkada\u015fl\u0131k g\u00fczel, antren\u00f6r\u00fcm\u00fcz \u00e7ok keyifli ve t\u00fcm isteklerimize kar\u015f\u0131l\u0131k veren bir ki\u015fi. Burada bulunmaktan dolay\u0131 \u00e7ok mutluyuz. Umar\u0131m iyi bir sezon olur hepimiz ve Mersin ad\u0131na\u201d diye konu\u015ftu.<\/p>\n","protected":false},"excerpt":{"rendered":"<p>Mersin B\u00fcy\u00fck\u015fehir Belediyesi Gen\u00e7lik ve Spor Kul\u00fcb\u00fc Erkek Basketbol Tak\u0131m\u0131, 2021-2022 sezonu antrenmanlar\u0131n\u0131 Edip Buran Kapal\u0131 Spor Salonu\u2019nda ger\u00e7ekle\u015ftiriyor. \u00d6nceki sezonu T\u00fcrkiye Basketbol Ligi\u2019ne y\u00fckselerek geride b\u0131rakan tak\u0131m, yeni sezona &hellip; <a href=\"https:\/\/akdenizolaygazetesi.com\/?p=13740\" class=\"more-link\">Devam\u0131n\u0131 Oku&#8230;<\/a><\/p>\n","protected":false},"author":2,"featured_media":13741,"comment_status":"open","ping_status":"open","sticky":false,"template":"","format":"standard","meta":[],"categories":[3,10],"tags":[],"_links":{"self":[{"href":"https:\/\/akdenizolaygazetesi.com\/index.php?rest_route=\/wp\/v2\/posts\/13740"}],"collection":[{"href":"https:\/\/akdenizolaygazetesi.com\/index.php?rest_route=\/wp\/v2\/posts"}],"about":[{"href":"https:\/\/akdenizolaygazetesi.com\/index.php?rest_route=\/wp\/v2\/types\/post"}],"author":[{"embeddable":true,"href":"https:\/\/akdenizolaygazetesi.com\/index.php?rest_route=\/wp\/v2\/users\/2"}],"replies":[{"embeddable":true,"href":"https:\/\/akdenizolaygazetesi.com\/index.php?rest_route=%2Fwp%2Fv2%2Fcomments&post=13740"}],"version-history":[{"count":1,"href":"https:\/\/akdenizolaygazetesi.com\/index.php?rest_route=\/wp\/v2\/posts\/13740\/revisions"}],"predecessor-version":[{"id":13742,"href":"https:\/\/akdenizolaygazetesi.com\/index.php?rest_route=\/wp\/v2\/posts\/13740\/revisions\/13742"}],"wp:featuredmedia":[{"embeddable":true,"href":"https:\/\/akdenizolaygazetesi.com\/index.php?rest_route=\/wp\/v2\/media\/13741"}],"wp:attachment":[{"href":"https:\/\/akdenizolaygazetesi.com\/index.php?rest_route=%2Fwp%2Fv2%2Fmedia&parent=13740"}],"wp:term":[{"taxonomy":"category","embeddable":true,"href":"https:\/\/akdenizolaygazetesi.com\/index.php?rest_route=%2Fwp%2Fv2%2Fcategories&post=13740"},{"taxonomy":"post_tag","embeddable":true,"href":"https:\/\/akdenizolaygazetesi.com\/index.php?rest_route=%2Fwp%2Fv2%2Ftags&post=13740"}],"curies":[{"name":"wp","href":"https:\/\/api.w.org\/{rel}","templated":true}]}}