{"id":1375,"date":"2020-11-04T18:21:56","date_gmt":"2020-11-04T15:21:56","guid":{"rendered":"http:\/\/mersinekonomipolitikagazetesi.com\/?p=1375"},"modified":"2020-11-04T18:21:56","modified_gmt":"2020-11-04T15:21:56","slug":"can-sehitlerimiz-namusumuz-gaziler-onurumuzdur","status":"publish","type":"post","link":"https:\/\/akdenizolaygazetesi.com\/?p=1375","title":{"rendered":"Can: &#8220;\u015eehitlerimiz namusumuz, gaziler onurumuzdur\u201d"},"content":{"rendered":"<p>Mersin\u2019in Tarsus il\u00e7esinde kaymakaml\u0131k ve belediye taraf\u0131ndan gazi ve \u015fehit ailelerinin onuruna iftar program\u0131 d\u00fczenlendi.<\/p>\n<p>Hz. Daniyal Meydan\u0131nda d\u00fczenlenen program, semazen g\u00f6sterisi ile ba\u015flad\u0131, Hacivat-Karag\u00f6z g\u00f6sterisiyle s\u00fcrd\u00fc.<br \/>\nD\u00fcnya Kuran Kerim\u2019i G\u00fczel Okuma birincisi Fatih Cami \u0130mam\u0131 Hatibi Haf\u0131z B\u00fcnyamin Top\u00e7uo\u011flu\u2019nun okudu\u011fu ayetler kat\u0131l\u0131mc\u0131lara duygu dolu anlar ya\u015fatt\u0131.<br \/>\nGazi ve \u015fehit aileleri ile birlikte 5 bini a\u015fk\u0131n ki\u015fi saatler \u00f6ncesinden Hz. Daniyal Meydan\u0131&#8217;nda haz\u0131rlanan masalara oturarak iftar vaktini bekledi. Belediye ekiplerinin, haz\u0131rlanan iftarl\u0131klar\u0131 vatanda\u015flara da\u011f\u0131tmas\u0131n\u0131n ard\u0131ndan geleneksel top at\u0131\u015f\u0131 ve ezanla birlikte iftar a\u00e7\u0131ld\u0131.<br \/>\nA\u00e7\u0131l\u0131\u015f konu\u015fmas\u0131 yapan Tarsus Belediye Ba\u015fkan\u0131 \u015eevket Can, vatanda\u015flar\u0131n ramazan ay\u0131n\u0131 kutlad\u0131.<br \/>\nRamazan ay\u0131n\u0131n insanlar\u0131n birbirleri ile kayna\u015fmas\u0131n\u0131 sa\u011flad\u0131\u011f\u0131 gibi yard\u0131mla\u015fma ve dayan\u0131\u015fman\u0131n en yo\u011fun \u015fekilde ya\u015fand\u0131\u011f\u0131 bir ay oldu\u011funu belirten Ba\u015fkan Can, \u201cRamazan ay\u0131 i\u00e7erisinde dinimizin emretti\u011fi \u015fekilde ihtiya\u00e7 sahiplerinin ihtiya\u00e7lar\u0131n\u0131 giderebilmek, bir arada yap\u0131lacak sahur ve iftar yemekleri ile kayna\u015fmay\u0131 sa\u011flamak ad\u0131na Ramazan ay\u0131 boyunca her g\u00fcn bereket peygamberi Hz. Daniyal Peygamber meydan\u0131nda bir araya geliyoruz. \u00dclkemizde, \u00f6zellikle de \u0130slam aleminde oldu\u011fu gibi kentimizde de bu t\u00fcr iftarlarla insanlar\u0131m\u0131z\u0131 bir araya getirerek, dayan\u0131\u015fmay\u0131 ve kayna\u015fmay\u0131 sa\u011fl\u0131yoruz. Ramazan ak\u015famlar\u0131n\u0131 en iyi \u015fekilde de\u011ferlendirmek arzusunday\u0131z\u201d dedi.<br \/>\nBug\u00fcn gazi ve \u015fehit aileleriyle bir araya geldiklerini kaydeden Ba\u015fkan Can, \u201cBug\u00fcn \u015fehit ailelerimiz misafirimiz. \u015eehit aileleri ve \u015fehitlerimiz bizim namusumuzdur. Gaziler onurumuzdur. \u015eehitlerimiz sayesinde \u00fclkemizde ezanlar\u0131m\u0131z okunuyor, \u015fehitlerimiz sayesinde bayra\u011f\u0131m\u0131z dalgalan\u0131yor. Allah b\u00fct\u00fcn \u015fehitlerimizin mekan\u0131n\u0131 cennet eylesin. Onlar\u0131 rahmet ve \u015f\u00fckranla an\u0131yorum. Cenab-\u0131 Allah birlikteli\u011fimizi daim eylesin ve ramazan ay\u0131n\u0131 en g\u00fczel \u015fekilde ge\u00e7irmeyi nasip eylesin. Bu programda eme\u011fi ge\u00e7en say\u0131n Kaymakam\u0131m\u0131za, belediyemize ve b\u00fct\u00fcn eme\u011fi ge\u00e7en arkada\u015flar\u0131ma \u015f\u00fckranlar\u0131m\u0131 sunuyorum\u201d \u015feklinde konu\u015ftu.<br \/>\nDaha sonra konu\u015fan Kaymakam Y\u00fcksel \u00dcnal, ramazan ay\u0131n\u0131 kutlad\u0131. \u00dcnal, \u201c\u015eehitlerimiz ve gazilerimiz ba\u015f tac\u0131m\u0131zd\u0131r. \u015eehitlik makam\u0131 kutsal bir makamd\u0131r. Bug\u00fcn burada \u015fehitlerimizin aileleri ve gazilerimizle bir araya gelip birli\u011fimizi beraberli\u011fimizi herkese g\u00f6steriyoruz. \u015eehit yak\u0131nlar\u0131m\u0131za ve gazilerimize her zaman kap\u0131m\u0131z a\u00e7\u0131kt\u0131r. Onlar ba\u015f\u0131m\u0131z\u0131n tac\u0131d\u0131r. Sizlere an kalbi duygular\u0131m\u0131 sunuyorum. Eme\u011fi ge\u00e7en herkese te\u015fekk\u00fcr ediyorum\u201d ifadesini kulland\u0131.<br \/>\nKonu\u015fmalar\u0131n ard\u0131ndan \u015fehit ailelerine \u015fehitlerin foto\u011fraflar\u0131 tablo olarak hediye edilirken, gazilere \u00e7e\u015fitli \u00f6d\u00fcller verildi.<\/p>\n","protected":false},"excerpt":{"rendered":"<p>Mersin\u2019in Tarsus il\u00e7esinde kaymakaml\u0131k ve belediye taraf\u0131ndan gazi ve \u015fehit ailelerinin onuruna iftar program\u0131 d\u00fczenlendi. Hz. Daniyal Meydan\u0131nda d\u00fczenlenen program, semazen g\u00f6sterisi ile ba\u015flad\u0131, Hacivat-Karag\u00f6z g\u00f6sterisiyle s\u00fcrd\u00fc. D\u00fcnya Kuran Kerim\u2019i &hellip; <a href=\"https:\/\/akdenizolaygazetesi.com\/?p=1375\" class=\"more-link\">Devam\u0131n\u0131 Oku&#8230;<\/a><\/p>\n","protected":false},"author":1,"featured_media":0,"comment_status":"open","ping_status":"open","sticky":false,"template":"","format":"standard","meta":[],"categories":[],"tags":[],"_links":{"self":[{"href":"https:\/\/akdenizolaygazetesi.com\/index.php?rest_route=\/wp\/v2\/posts\/1375"}],"collection":[{"href":"https:\/\/akdenizolaygazetesi.com\/index.php?rest_route=\/wp\/v2\/posts"}],"about":[{"href":"https:\/\/akdenizolaygazetesi.com\/index.php?rest_route=\/wp\/v2\/types\/post"}],"author":[{"embeddable":true,"href":"https:\/\/akdenizolaygazetesi.com\/index.php?rest_route=\/wp\/v2\/users\/1"}],"replies":[{"embeddable":true,"href":"https:\/\/akdenizolaygazetesi.com\/index.php?rest_route=%2Fwp%2Fv2%2Fcomments&post=1375"}],"version-history":[{"count":0,"href":"https:\/\/akdenizolaygazetesi.com\/index.php?rest_route=\/wp\/v2\/posts\/1375\/revisions"}],"wp:attachment":[{"href":"https:\/\/akdenizolaygazetesi.com\/index.php?rest_route=%2Fwp%2Fv2%2Fmedia&parent=1375"}],"wp:term":[{"taxonomy":"category","embeddable":true,"href":"https:\/\/akdenizolaygazetesi.com\/index.php?rest_route=%2Fwp%2Fv2%2Fcategories&post=1375"},{"taxonomy":"post_tag","embeddable":true,"href":"https:\/\/akdenizolaygazetesi.com\/index.php?rest_route=%2Fwp%2Fv2%2Ftags&post=1375"}],"curies":[{"name":"wp","href":"https:\/\/api.w.org\/{rel}","templated":true}]}}