{"id":13753,"date":"2021-08-18T11:08:48","date_gmt":"2021-08-18T08:08:48","guid":{"rendered":"http:\/\/akdenizolaygazetesi.com\/?p=13753"},"modified":"2021-08-18T11:08:48","modified_gmt":"2021-08-18T08:08:48","slug":"akdenizde-yaz-aksamlari-etkinlikleri-basliyor","status":"publish","type":"post","link":"https:\/\/akdenizolaygazetesi.com\/?p=13753","title":{"rendered":"AKDEN\u0130Z&#8217;DE YAZ AK\u015eAMLARI ETK\u0130NL\u0130KLER\u0130 BA\u015eLIYOR"},"content":{"rendered":"<p>Akdeniz Belediyesi \u00f6zlenen yaz e\u011flencelerini, &#8220;7. Ko\u011fu\u015ftaki Mucize&#8221; filmi ve \u201cGece Yolcular\u0131\u201d m\u00fczik grubunun verece\u011fi konser ile yeniden ba\u015flat\u0131yor. Akdeniz Belediye Ba\u015fkan\u0131 M. Mustafa G\u00fcltak, &#8220;T\u00fcm halk\u0131m\u0131z\u0131; &#8216;7. Ko\u011fu\u015ftaki Mucize&#8217; filmini izlemek i\u00e7in 18 A\u011fustos \u00c7ar\u015famba g\u00fcn\u00fc saat 20:30&#8217;da, &#8220;Gece Yolcular\u0131&#8221; konseri i\u00e7in ise 21 A\u011fustos Cumartesi g\u00fcn\u00fc saat 20:00&#8217;de Millet Bah\u00e7esi sahil etab\u0131na bekliyoruz&#8221; dedi.<br \/>\nAkdeniz Belediyesi, vatanda\u015flar\u0131n uzun s\u00fcredir hasret kald\u0131\u011f\u0131 k\u00fclt\u00fcrel ve sanatsal etkinliklere yeniden ba\u015fl\u0131yor. K\u00fclt\u00fcr ve Sosyal \u0130\u015fler M\u00fcd\u00fcrl\u00fc\u011f\u00fc&#8217;nce d\u00fczenlenecek olan ilk etkinlik Millet Bah\u00e7esi&#8217;nde 18 A\u011fustos \u00c7ar\u015famba g\u00fcn\u00fc saat 20:30&#8217;da &#8220;7. Ko\u011fu\u015ftaki Mucize&#8221; filmi ile ba\u015fl\u0131yor.  M\u00fczikseverlerin de birbirinden g\u00fczel \u015fark\u0131lara e\u015flik edebilece\u011fi \u201cGece Yolcular\u0131\u201d adl\u0131 m\u00fczik grubunun konseri ise 21 A\u011fustos Cumartesi g\u00fcn\u00fc saat 20:00&#8217;de Millet Bah\u00e7esi sahil etab\u0131nda ba\u015flayacak.<br \/>\nBa\u015fkan G\u00fcltak; &#8220;T\u00fcm vatanda\u015flar\u0131m\u0131z\u0131 bekliyoruz&#8221;<br \/>\nT\u00fcm Mersinlileri, sandalyelerini al\u0131p \u00fccretsiz konseri dinlemeye davet eden Akdeniz Belediye Ba\u015fkan\u0131 M. Mustafa G\u00fcltak, \u201c\u00d6zellikle Koronavir\u00fcs salg\u0131n\u0131na kar\u015f\u0131 al\u0131nan \u00f6nlemler nedeniyle ya\u015fad\u0131\u011f\u0131m\u0131z zor ve zahmetli g\u00fcnlerde, g\u00fczel bir moral etkinli\u011fi olacak \u00f6zlenen yazl\u0131k sinema keyfine ve konserlerimize t\u00fcm vatanda\u015flar\u0131m\u0131z davetlidir. \u015e\u00fcphesiz, gelen herkes etkinliklerimiz boyunca Pandemi ko\u015fullar\u0131n\u0131 g\u00f6z \u00f6n\u00fcnde bulundurup hassasiyet g\u00f6sterecektir. T\u00fcm Mersinlileri e\u011flence dolu etkinliklerimize bekleriz\u201d dedi.<br \/>\nHangi filmler nerede izlenecek?<br \/>\nEtkinlikler kapsam\u0131nda yer alan filmler ve g\u00f6sterim yerleri \u015f\u00f6yle; &#8220;&#8216;\u00c7\u00f6p\u00e7\u00fcler Kral\u0131&#8217; 19 A\u011fustos Per\u015fembe 20:00 Millet Bah\u00e7esi, &#8216;Hadi Be O\u011flum&#8217; 20 A\u011fustos Cuma Millet Bah\u00e7esi, &#8216;Ne\u015feli G\u00fcnler&#8217; 24 A\u011fustos Sal\u0131 20:00 Millet Bah\u00e7esi,  &#8216;Sultan&#8217; 25 A\u011fustos \u00c7ar\u015famba 20:00 Millet Bah\u00e7esi, &#8216;Bizim \u0130\u00e7in \u015eampiyon&#8217; 27 A\u011fustos Cuma 20:00 Millet Bah\u00e7esi, &#8216;G\u00fclen G\u00f6zler&#8217; 31 A\u011fustos Cuma 20:00 Kazanl\u0131, &#8216;D\u00fc\u011f\u00fcn Dernek-1&#8217; 1 Eyl\u00fcl \u00c7ar\u015famba 20:00 Karaduvar, &#8216;Tosun Pa\u015fa&#8217; 2 Eyl\u00fcl Per\u015fembe 20:00 Adanal\u0131o\u011flu, &#8216;H\u00fck\u00fcmet Kad\u0131n-1&#8217; 4 Eyl\u00fcl Cumartesi 20:00 Karacailyas,  &#8216;\u015eabano\u011flu \u015eaban&#8217; 7 Eyl\u00fcl Sal\u0131 20:00 Millet Bah\u00e7esi, &#8216;S\u00fct Karde\u015fler&#8217; 8 Eyl\u00fcl \u00c7ar\u015famba 20:00 Millet Bah\u00e7esi, &#8216;Vizontele-1&#8217; 10 Eyl\u00fcl Cuma 20:00 Huzurkent&#8221;<\/p>\n","protected":false},"excerpt":{"rendered":"<p>Akdeniz Belediyesi \u00f6zlenen yaz e\u011flencelerini, &#8220;7. Ko\u011fu\u015ftaki Mucize&#8221; filmi ve \u201cGece Yolcular\u0131\u201d m\u00fczik grubunun verece\u011fi konser ile yeniden ba\u015flat\u0131yor. Akdeniz Belediye Ba\u015fkan\u0131 M. Mustafa G\u00fcltak, &#8220;T\u00fcm halk\u0131m\u0131z\u0131; &#8216;7. Ko\u011fu\u015ftaki Mucize&#8217; &hellip; <a href=\"https:\/\/akdenizolaygazetesi.com\/?p=13753\" class=\"more-link\">Devam\u0131n\u0131 Oku&#8230;<\/a><\/p>\n","protected":false},"author":2,"featured_media":13754,"comment_status":"open","ping_status":"open","sticky":false,"template":"","format":"standard","meta":[],"categories":[3,5,10],"tags":[],"_links":{"self":[{"href":"https:\/\/akdenizolaygazetesi.com\/index.php?rest_route=\/wp\/v2\/posts\/13753"}],"collection":[{"href":"https:\/\/akdenizolaygazetesi.com\/index.php?rest_route=\/wp\/v2\/posts"}],"about":[{"href":"https:\/\/akdenizolaygazetesi.com\/index.php?rest_route=\/wp\/v2\/types\/post"}],"author":[{"embeddable":true,"href":"https:\/\/akdenizolaygazetesi.com\/index.php?rest_route=\/wp\/v2\/users\/2"}],"replies":[{"embeddable":true,"href":"https:\/\/akdenizolaygazetesi.com\/index.php?rest_route=%2Fwp%2Fv2%2Fcomments&post=13753"}],"version-history":[{"count":1,"href":"https:\/\/akdenizolaygazetesi.com\/index.php?rest_route=\/wp\/v2\/posts\/13753\/revisions"}],"predecessor-version":[{"id":13755,"href":"https:\/\/akdenizolaygazetesi.com\/index.php?rest_route=\/wp\/v2\/posts\/13753\/revisions\/13755"}],"wp:featuredmedia":[{"embeddable":true,"href":"https:\/\/akdenizolaygazetesi.com\/index.php?rest_route=\/wp\/v2\/media\/13754"}],"wp:attachment":[{"href":"https:\/\/akdenizolaygazetesi.com\/index.php?rest_route=%2Fwp%2Fv2%2Fmedia&parent=13753"}],"wp:term":[{"taxonomy":"category","embeddable":true,"href":"https:\/\/akdenizolaygazetesi.com\/index.php?rest_route=%2Fwp%2Fv2%2Fcategories&post=13753"},{"taxonomy":"post_tag","embeddable":true,"href":"https:\/\/akdenizolaygazetesi.com\/index.php?rest_route=%2Fwp%2Fv2%2Ftags&post=13753"}],"curies":[{"name":"wp","href":"https:\/\/api.w.org\/{rel}","templated":true}]}}