{"id":13766,"date":"2021-08-19T12:26:18","date_gmt":"2021-08-19T09:26:18","guid":{"rendered":"http:\/\/akdenizolaygazetesi.com\/?p=13766"},"modified":"2021-08-19T12:26:18","modified_gmt":"2021-08-19T09:26:18","slug":"buyuksehir-elektrikli-otobuslerin-test-surusunu-yapiyor","status":"publish","type":"post","link":"https:\/\/akdenizolaygazetesi.com\/?p=13766","title":{"rendered":"B\u00dcY\u00dcK\u015eEH\u0130R, ELEKTR\u0130KL\u0130 OTOB\u00dcSLER\u0130N TEST S\u00dcR\u00dc\u015e\u00dcN\u00dc YAPIYOR"},"content":{"rendered":"<p>Mersin B\u00fcy\u00fck\u015fehir Belediye Ba\u015fkan\u0131 Vahap Se\u00e7er\u2019in \u00f6nc\u00fcl\u00fc\u011f\u00fcnde vatanda\u015flara daha iyi hizmet sunmak i\u00e7in her ge\u00e7en g\u00fcn toplu ta\u015f\u0131ma a\u011f\u0131n\u0131 g\u00fc\u00e7lendiren B\u00fcy\u00fck\u015fehir Belediyesi, bu kez de elektrikli otob\u00fcs test s\u00fcr\u00fc\u015f\u00fc ger\u00e7ekle\u015ftiriyor. TEMSA firmas\u0131n\u0131n test edilmesi i\u00e7in g\u00f6nderdi\u011fi 9 metrelik elektrikli arac\u0131n kent yollar\u0131nda test s\u00fcr\u00fc\u015f\u00fcne ba\u015fland\u0131.<\/p>\n<p>Elektrikli otob\u00fcs bir\u00e7ok testten ge\u00e7iyor<\/p>\n<p>9 metre uzunlu\u011funda ve toplam 9 b\u00fcy\u00fck ak\u00fcden olu\u015fan elektrikli otob\u00fcs, B\u00fcy\u00fck\u015fehir Belediyesi Ula\u015f\u0131m Dairesi\u2019ne test edilmesi amac\u0131yla g\u00f6nderildi. Elektrikli otob\u00fcs\u00fcn rampa \u00e7\u0131kma, \u00e7eki\u015f g\u00fcc\u00fc, kilometre menzili ve yak\u0131t sarfiyat\u0131 ile birlikte konfor d\u00fczeyi test ediliyor. Vatanda\u015flar\u0131n ula\u015f\u0131m\u0131na da sunulan ara\u00e7 hem merkeze hem de yayla k\u00f6ylerine g\u00f6nderiliyor. Arac\u0131n \u00e7eki\u015f ve konfor g\u00fcc\u00fcn\u00fcn yan\u0131 s\u0131ra vatanda\u015flar\u0131n memnuniyet derecesi de g\u00f6zlemleniyor. Her sefer sonunda vatanda\u015flardan memnuniyet anketi al\u0131n\u0131yor. T\u00fcm testler tamamland\u0131\u011f\u0131nda elektrikli arac\u0131n maliyet analizi yap\u0131lacak.<\/p>\n<p>Ba\u015fkan Se\u00e7er: \u201c\u00c7evre duyarl\u0131\u011f\u0131 a\u00e7\u0131s\u0131ndan \u00f6nemli bir \u00e7al\u0131\u015fma\u201d<\/p>\n<p>B\u00fcy\u00fck\u015fehir Belediye Ba\u015fkan\u0131 Vahap Se\u00e7er, B\u00fcy\u00fck\u015fehir Belediye Meclisi\u2019ndeki konu\u015fmas\u0131nda, toplu ta\u015f\u0131mada yeni bir \u00e7al\u0131\u015fma ba\u015flatarak, elektrikli otob\u00fcsleri test a\u015famas\u0131na ald\u0131klar\u0131n\u0131 s\u00f6yledi. Ara\u00e7lar\u0131n \u00e7eki\u015f g\u00fcc\u00fc, performans, konfor ve yak\u0131t t\u00fcketimine bakt\u0131klar\u0131n\u0131 ifade eden Se\u00e7er, \u201c\u00c7evre duyarl\u0131l\u0131\u011f\u0131 a\u00e7\u0131s\u0131ndan \u00f6nemli \u00e7al\u0131\u015fmalar diye d\u00fc\u015f\u00fcn\u00fcyorum. CNG otob\u00fcs al\u0131mlar\u0131 da b\u00f6yleydi. Bu elektrikli otob\u00fcslerin testleri de olumlu \u00e7\u0131karsa, performanslar\u0131 uygun olursa, belediyemiz kentimize bu otob\u00fcslerden de kazand\u0131r\u0131rsa hem yeni nesil yak\u0131tlar hem \u00e7evre dostu yak\u0131tlar hem modern bir toplu ta\u015f\u0131mac\u0131l\u0131\u011fa daha s\u00fcratle ad\u0131m atm\u0131\u015f oluruz\u201d diye konu\u015ftu.<\/p>\n<p>\u201cAmac\u0131m\u0131z gelece\u011fe iyi bir \u00e7evre b\u0131rakacak ara\u00e7lara sahip olmak\u201d<\/p>\n<p>B\u00fcy\u00fck\u015fehir Belediyesi Ula\u015f\u0131m Dairesi Ba\u015fkanl\u0131\u011f\u0131 Toplu Ta\u015f\u0131ma \u015eube M\u00fcd\u00fcr\u00fc Bayram Demir, \u00e7evre dostu ara\u00e7larla Mersin B\u00fcy\u00fck\u015fehir Belediyesi\u2019nin envanterini yenilemek istediklerini belirterek, \u015funlar\u0131 s\u00f6yledi:<\/p>\n<p>\u201cYenilenebilir enerji olan elektrikli otob\u00fcsleri test a\u015famas\u0131na ald\u0131k. \u015eu anda ara\u00e7lar\u0131m\u0131z\u0131n \u00e7eki\u015f g\u00fcc\u00fcne, performans\u0131na, konforuna ve yak\u0131t t\u00fcketimlerine bak\u0131yoruz. Bu testlere m\u00fcteakip daha \u00f6nceki eskiyen ara\u00e7lar\u0131m\u0131z varsa ya da dizel yak\u0131tl\u0131 ara\u00e7lar\u0131m\u0131z\u0131 elektrikli ara\u00e7lara \u00e7evirmeyi planl\u0131yoruz. \u015eu anda \u00f6n\u00fcm\u00fczdeki ara\u00e7 9 metre bir ara\u00e7 olup yakla\u015f\u0131k 35 yolcu kapasitesine sahip, ayakta yolcuyla beraber 60 yolcu kapasitesine sahip bir ara\u00e7t\u0131r. En b\u00fcy\u00fck amac\u0131m\u0131z, \u00e7evreye zarar vermeden insanlara ekolojik dengeyi sa\u011flayan, gelece\u011fe iyi bir \u00e7evre b\u0131rakacak ara\u00e7lara sahip olmak. Tabii ki her \u015fey test sonu\u00e7lar\u0131na ba\u011fl\u0131. Ara\u00e7lar\u0131m\u0131z\u0131 \u015fu anda hem k\u0131rsal kesimde hem \u015fehir merkezinde hem gece hem g\u00fcnd\u00fcz s\u0131cakl\u0131\u011f\u0131nda deniyoruz. Test s\u00fcr\u00fc\u015flerimizde \u00e7eki\u015f g\u00fcc\u00fcn\u00fcn yan\u0131 s\u0131ra ayn\u0131 zamanda da vatanda\u015f memnuniyetini \u00f6l\u00e7meye \u00e7al\u0131\u015f\u0131yoruz \u00e7\u00fcnk\u00fc elektrikli otob\u00fcsler dizel ara\u00e7lar gibi ya da di\u011fer yak\u0131t t\u00fcrlerindeki ara\u00e7lar gibi \u00e7ok sesli de\u011filler, daha sessizler. Bu y\u00fczden de vatanda\u015flar konforunu test ediyor. Hem s\u00fcspansiyon sistemine hem ses sistemine bak\u0131yorlar. Her seferin sonunda vatanda\u015flar\u0131m\u0131zdan bir memnuniyet anketi al\u0131yoruz. Hem vatanda\u015f memnuniyet anketi sonucu hem arac\u0131n performans\u0131 sonucunda da nihai karar verilecektir.\u201d<\/p>\n<p>\u201cDi\u011ferleri gibi motor sesi gelmiyor\u201d<\/p>\n<p>Elektrikli otob\u00fcsle seyahat eden vatanda\u015flar, \u00f6zellikle sessiz olu\u015fundan memnun kald\u0131. Bir vatanda\u015f, otob\u00fcsle ilgili d\u00fc\u015f\u00fcncelerini \u201cElektrikli olmas\u0131 \u00e7ok g\u00fczel. Geni\u015f ve sessiz. Di\u011ferleri gibi motor sesi gelmiyor. Koltuklar\u0131 rahat. Gayet g\u00fczel, \u015f\u0131k bir otob\u00fcs\u201d c\u00fcmleleriyle dile getirirken; bir ba\u015fka vatanda\u015f da \u201cSessiz olmas\u0131 \u00e7ok iyi bir \u015fey. Daha iyi olmu\u015f\u201d dedi.<\/p>\n","protected":false},"excerpt":{"rendered":"<p>Mersin B\u00fcy\u00fck\u015fehir Belediye Ba\u015fkan\u0131 Vahap Se\u00e7er\u2019in \u00f6nc\u00fcl\u00fc\u011f\u00fcnde vatanda\u015flara daha iyi hizmet sunmak i\u00e7in her ge\u00e7en g\u00fcn toplu ta\u015f\u0131ma a\u011f\u0131n\u0131 g\u00fc\u00e7lendiren B\u00fcy\u00fck\u015fehir Belediyesi, bu kez de elektrikli otob\u00fcs test s\u00fcr\u00fc\u015f\u00fc ger\u00e7ekle\u015ftiriyor. &hellip; <a href=\"https:\/\/akdenizolaygazetesi.com\/?p=13766\" class=\"more-link\">Devam\u0131n\u0131 Oku&#8230;<\/a><\/p>\n","protected":false},"author":2,"featured_media":13768,"comment_status":"open","ping_status":"open","sticky":false,"template":"","format":"standard","meta":[],"categories":[2,3],"tags":[],"_links":{"self":[{"href":"https:\/\/akdenizolaygazetesi.com\/index.php?rest_route=\/wp\/v2\/posts\/13766"}],"collection":[{"href":"https:\/\/akdenizolaygazetesi.com\/index.php?rest_route=\/wp\/v2\/posts"}],"about":[{"href":"https:\/\/akdenizolaygazetesi.com\/index.php?rest_route=\/wp\/v2\/types\/post"}],"author":[{"embeddable":true,"href":"https:\/\/akdenizolaygazetesi.com\/index.php?rest_route=\/wp\/v2\/users\/2"}],"replies":[{"embeddable":true,"href":"https:\/\/akdenizolaygazetesi.com\/index.php?rest_route=%2Fwp%2Fv2%2Fcomments&post=13766"}],"version-history":[{"count":1,"href":"https:\/\/akdenizolaygazetesi.com\/index.php?rest_route=\/wp\/v2\/posts\/13766\/revisions"}],"predecessor-version":[{"id":13769,"href":"https:\/\/akdenizolaygazetesi.com\/index.php?rest_route=\/wp\/v2\/posts\/13766\/revisions\/13769"}],"wp:featuredmedia":[{"embeddable":true,"href":"https:\/\/akdenizolaygazetesi.com\/index.php?rest_route=\/wp\/v2\/media\/13768"}],"wp:attachment":[{"href":"https:\/\/akdenizolaygazetesi.com\/index.php?rest_route=%2Fwp%2Fv2%2Fmedia&parent=13766"}],"wp:term":[{"taxonomy":"category","embeddable":true,"href":"https:\/\/akdenizolaygazetesi.com\/index.php?rest_route=%2Fwp%2Fv2%2Fcategories&post=13766"},{"taxonomy":"post_tag","embeddable":true,"href":"https:\/\/akdenizolaygazetesi.com\/index.php?rest_route=%2Fwp%2Fv2%2Ftags&post=13766"}],"curies":[{"name":"wp","href":"https:\/\/api.w.org\/{rel}","templated":true}]}}