{"id":13773,"date":"2021-08-19T12:29:44","date_gmt":"2021-08-19T09:29:44","guid":{"rendered":"http:\/\/akdenizolaygazetesi.com\/?p=13773"},"modified":"2021-08-19T12:29:44","modified_gmt":"2021-08-19T09:29:44","slug":"yurttaslarimizin-akliyla-dalga-gecilmektedir","status":"publish","type":"post","link":"https:\/\/akdenizolaygazetesi.com\/?p=13773","title":{"rendered":"&#8216;YURTTA\u015eLARIMIZIN AKLIYLA DALGA GE\u00c7\u0130LMEKTED\u0130R&#8217;"},"content":{"rendered":"<p>CHP Mersin Milletvekili Ali Mahir Ba\u015far\u0131r, Ula\u015ft\u0131rma ve Altyap\u0131 Bakan\u0131 Adil Karaismailo\u011flu\u2019na, soru \u00f6nergesine vermi\u015f oldu\u011fu yan\u0131tla ilgili sert tepki g\u00f6sterdi. CHP\u2019li Ba\u015far\u0131r Bakan\u2019a \u201cSorulara cevap vermiyorsan o koltukta neden oturuyorsun?\u201d dedi.<\/p>\n<p>YURTTA\u015eLARIMIZIN AKLIYLA DALGA GE\u00c7\u0130LMEKTED\u0130R<\/p>\n<p>Cumhurba\u015fkanl\u0131\u011f\u0131 H\u00fck\u00fcmet Sistemiyle birlikte milletvekillerinin halk ad\u0131na denetim g\u00f6revlerinin k\u0131s\u0131tland\u0131\u011f\u0131n\u0131 hat\u0131rlatan CHP\u2019li Ba\u015far\u0131r, \u201cBizler, kendi \u015fahsi meraklar\u0131m\u0131zdan de\u011fil halk ad\u0131na ilgili bakanlara soru soruyoruz. \u0130ktidar\u0131n bakanlar\u0131 da bu sorulara 15 g\u00fcn i\u00e7erisinde yan\u0131t vermek zorunda. Zaman\u0131nda sorulara yan\u0131t verilmedi\u011fi ya da hi\u00e7 verilmedi\u011fi gibi zaman zaman verdikleri yan\u0131tlarla da akl\u0131m\u0131zla dolay\u0131s\u0131yla yurtta\u015flar\u0131m\u0131z\u0131n akl\u0131yla dalga ge\u00e7ilmektedir\u201d dedi.<\/p>\n<p>5 Temmuz 2021 tarihinde, 7\/48236 say\u0131l\u0131, Ula\u015ft\u0131rma ve Altyap\u0131 Bakan\u0131 Adil Karaismailo\u011fluna, Osmangazi ve Yavuz Sultan Selim k\u00f6pr\u00fcleri ile Gebze-Orhangazi-\u0130zmir Otoyolu\u2019ndan ge\u00e7en ara\u00e7lara ve hazine garantili \u00f6demelere ili\u015fkin yaz\u0131l\u0131 soru \u00f6nergesi verdi\u011fini ifade eden CHP\u2019li Ba\u015far\u0131r, \u201c Yaz\u0131l\u0131 soru \u00f6nergesindeki sorular\u0131m gayet anla\u015f\u0131l\u0131r, net ve somut bilgiler talep etmesine ra\u011fmen Say\u0131n Bakan zahmet edip, \u2018Y\u0130D projelerinde t\u00fcm i\u015f ve i\u015flemler mevzuat\u0131na uygun olarak, Uygulama S\u00f6zle\u015fmelerinde yer alan h\u00fck\u00fcmler \u00e7er\u00e7evesinde y\u00fcr\u00fct\u00fclmektedir\u2019 yan\u0131t\u0131n\u0131 vermi\u015f. Bizler de bu uygulamalar\u0131n ne kadar do\u011fru olup olmad\u0131\u011f\u0131n\u0131 \u00f6\u011frenmek i\u00e7in halk ad\u0131na soruyoruz Say\u0131n Bakan. Sorulara cevap vermiyorsan o koltukta neden oturuyorsun?\u201d s\u00f6zlerini dile getirdi.<\/p>\n<p>YANDA\u015e BASINA VAR, M\u0130LLETVEK\u0130LLER\u0130NE YOK<\/p>\n<p>Ula\u015ft\u0131rma ve Altyap\u0131 Bakan\u0131\u2019n\u0131n, yanda\u015f bas\u0131na i\u015fine geldi\u011fi gibi bilgi verip yap\u0131lan uygulamalar\u0131n ba\u015far\u0131l\u0131 oldu\u011fu alg\u0131s\u0131n\u0131 olu\u015fturma \u00e7abas\u0131nda oldu\u011funu belirten CHP\u2019li Ba\u015far\u0131r, \u201cSay\u0131n Bakan, Zafer \u015eahin dahil bir\u00e7ok yanda\u015f gazeteciye bilgi veriyor, ancak muhalefet milletvekillerinin millet ad\u0131na sordu\u011fu sorulara yan\u0131t vermiyor. Bu sorulara yan\u0131t vermek zorundas\u0131n\u0131z Say\u0131n Bakan. G\u00f6rev ve sorumluluklar\u0131n\u0131z\u0131 bilmiyorsan\u0131z \u00f6\u011frenin ya da o koltu\u011fu terk edin!\u201d s\u00f6zlerini ifade etti.<\/p>\n<p>YANDA\u015e \u015e\u0130RKETLER\u0130N\u0130Z \u0130HALEYE HAZIR DE\u011e\u0130L M\u0130?<\/p>\n<p>\u00c7e\u015fmeli- Ta\u015fucu Otoyol projesinin \u00c7e\u015fmeli- K\u0131zkalesi kesimi i\u00e7in ihalenin 3. Kez ertelendi\u011finin Resmi Gazete \u2019de yer ald\u0131\u011f\u0131n\u0131 ifade eden CHP\u2019li Ba\u015far\u0131r, \u201cS\u00f6z konusu ihale \u00f6nce 13 Temmuz\u2019a, sonra 17 A\u011fustos\u2019a \u015fimdi de 23 Eyl\u00fcl\u2019e ertelendi. Yine neden ertelendi\u011finin hi\u00e7bir gerek\u00e7esi yok. Ula\u015ft\u0131rma ve Altyap\u0131 Bakan\u0131 gerek\u00e7esini a\u00e7\u0131klamak zahmetinde dahi bulunmuyor. \u0130stedi\u011finiz yanda\u015f \u015firketleriniz ihaleye haz\u0131r m\u0131 de\u011fildi Say\u0131n Bakan?\u201d dedi.<\/p>\n","protected":false},"excerpt":{"rendered":"<p>CHP Mersin Milletvekili Ali Mahir Ba\u015far\u0131r, Ula\u015ft\u0131rma ve Altyap\u0131 Bakan\u0131 Adil Karaismailo\u011flu\u2019na, soru \u00f6nergesine vermi\u015f oldu\u011fu yan\u0131tla ilgili sert tepki g\u00f6sterdi. CHP\u2019li Ba\u015far\u0131r Bakan\u2019a \u201cSorulara cevap vermiyorsan o koltukta neden &hellip; <a href=\"https:\/\/akdenizolaygazetesi.com\/?p=13773\" class=\"more-link\">Devam\u0131n\u0131 Oku&#8230;<\/a><\/p>\n","protected":false},"author":2,"featured_media":13774,"comment_status":"open","ping_status":"open","sticky":false,"template":"","format":"standard","meta":[],"categories":[34,3,5,6],"tags":[],"_links":{"self":[{"href":"https:\/\/akdenizolaygazetesi.com\/index.php?rest_route=\/wp\/v2\/posts\/13773"}],"collection":[{"href":"https:\/\/akdenizolaygazetesi.com\/index.php?rest_route=\/wp\/v2\/posts"}],"about":[{"href":"https:\/\/akdenizolaygazetesi.com\/index.php?rest_route=\/wp\/v2\/types\/post"}],"author":[{"embeddable":true,"href":"https:\/\/akdenizolaygazetesi.com\/index.php?rest_route=\/wp\/v2\/users\/2"}],"replies":[{"embeddable":true,"href":"https:\/\/akdenizolaygazetesi.com\/index.php?rest_route=%2Fwp%2Fv2%2Fcomments&post=13773"}],"version-history":[{"count":1,"href":"https:\/\/akdenizolaygazetesi.com\/index.php?rest_route=\/wp\/v2\/posts\/13773\/revisions"}],"predecessor-version":[{"id":13775,"href":"https:\/\/akdenizolaygazetesi.com\/index.php?rest_route=\/wp\/v2\/posts\/13773\/revisions\/13775"}],"wp:featuredmedia":[{"embeddable":true,"href":"https:\/\/akdenizolaygazetesi.com\/index.php?rest_route=\/wp\/v2\/media\/13774"}],"wp:attachment":[{"href":"https:\/\/akdenizolaygazetesi.com\/index.php?rest_route=%2Fwp%2Fv2%2Fmedia&parent=13773"}],"wp:term":[{"taxonomy":"category","embeddable":true,"href":"https:\/\/akdenizolaygazetesi.com\/index.php?rest_route=%2Fwp%2Fv2%2Fcategories&post=13773"},{"taxonomy":"post_tag","embeddable":true,"href":"https:\/\/akdenizolaygazetesi.com\/index.php?rest_route=%2Fwp%2Fv2%2Ftags&post=13773"}],"curies":[{"name":"wp","href":"https:\/\/api.w.org\/{rel}","templated":true}]}}