{"id":13776,"date":"2021-08-19T12:31:30","date_gmt":"2021-08-19T09:31:30","guid":{"rendered":"http:\/\/akdenizolaygazetesi.com\/?p=13776"},"modified":"2021-08-19T12:31:30","modified_gmt":"2021-08-19T09:31:30","slug":"cocuklar-mutlu-oldukca-biz-de-mutlu-oluyoruz","status":"publish","type":"post","link":"https:\/\/akdenizolaygazetesi.com\/?p=13776","title":{"rendered":"&#8220;\u00c7ocuklar mutlu olduk\u00e7a biz de mutlu oluyoruz&#8221;"},"content":{"rendered":"<p>Akdeniz Belediyesi, \u00f6zlenen yaz ak\u015fam\u0131 etkinliklerine a\u00e7\u0131k hava sinema g\u00f6sterimi ile ba\u015flad\u0131. Millet Bah\u00e7esi&#8217;nde ger\u00e7ekle\u015fen programa \u00e7ok say\u0131da ki\u015fi kat\u0131l\u0131rken Ba\u015fkan M. Mustafa G\u00fcltak, &#8220;Unutulmaya y\u00fcz tutmu\u015f yazl\u0131k sinema g\u00fcnlerini vatanda\u015flar\u0131m\u0131zla yeniden bulu\u015fturuyoruz. Akdeniz\u2019de art\u0131k yaz ak\u015famlar\u0131 da huzur ve mutlulukla ge\u00e7iyor&#8221; dedi.<br \/>\nAkdeniz Belediyesi, vatanda\u015flar\u0131n uzun s\u00fcredir \u00f6zlem duydu\u011fu k\u00fclt\u00fcrel ve sanatsal etkinliklere yeniden ba\u015flad\u0131. K\u00fclt\u00fcr ve Sosyal \u0130\u015fler M\u00fcd\u00fcrl\u00fc\u011f\u00fc&#8217;nce Millet Bah\u00e7esi&#8217;nde ger\u00e7ekle\u015fen yazl\u0131k sinema g\u00f6sterimi etkinli\u011fine, \u00e7ok say\u0131da ki\u015fi kat\u0131ld\u0131. Pandemi ko\u015fullar\u0131n\u0131n g\u00f6zetildi\u011fi programda vatanda\u015flara patlam\u0131\u015f m\u0131s\u0131r ve gazoz da\u011f\u0131t\u0131larak nostaljik anlar da ya\u015fat\u0131ld\u0131.<br \/>\n&#8220;\u00c7ocuklar mutlu olduk\u00e7a biz de mutlu oluyoruz&#8221;<br \/>\nAkdeniz\u2019de yaz ak\u015famlar\u0131n\u0131n art\u0131k huzur ve mutlulukla ge\u00e7ti\u011fine vurgu yapan Ba\u015fkan Mustafa G\u00fcltak; &#8220;Vatanda\u015flar\u0131m\u0131z\u0131n isteklerini yerine getirmeye onlara hizmetkar olmaya devam ediyoruz. Bilindi\u011fi gibi yak\u0131n zamanda il\u00e7e s\u0131n\u0131rlar\u0131m\u0131z i\u00e7erisinde bulunan K\u00fclt\u00fcr ve Sanat Evlerimizdeki \u00e7ocuklar\u0131m\u0131z ile onlar\u0131n velilerine bir gezi d\u00fczenledik. Kendilerini Tarsus \u015eelalesi ve Tarsus Do\u011fa Park\u0131\u2019na g\u00f6t\u00fcrerek \u00e7ocuklar\u0131m\u0131z\u0131n daha \u00f6nce ad\u0131n\u0131 and\u0131klar\u0131 ama hi\u00e7 g\u00f6rmedikleri hayvanlar\u0131 g\u00f6rme f\u0131rsat\u0131 bulmalar\u0131n\u0131 sa\u011flad\u0131k. Onlar mutlu olduk\u00e7a biz de mutlu olduk\u201d diye konu\u015ftu.<br \/>\n&#8220;K\u00fclt\u00fcrel ve sportif faaliyetlerimiz s\u00fcrecek&#8221;<br \/>\n\u00d6zellikle kad\u0131nlar ve \u00e7ocuklar\u0131n yo\u011fun talepleri do\u011frultusunda k\u00fclt\u00fcrel ve sportif faaliyetler yapmay\u0131 s\u00fcrd\u00fcrecekleri mesaj\u0131n\u0131 veren Ba\u015fkan G\u00fcltak; &#8220;Akdeniz yaz ak\u015famlar\u0131nda nostaljik bir gelene\u011fi ya\u015fatmak ve keyifli an\u0131lar biriktirmek i\u00e7in vatanda\u015flar\u0131m\u0131z i\u00e7in uzun s\u00fcreli etkinlikler zinciri olu\u015fturduk. Bunlar\u0131n da ilki a\u00e7\u0131k hava sinema g\u00f6sterimlerimiz oldu. Ye\u015fil\u00e7am filmlerinin nostaljisi ve s\u0131cakl\u0131\u011f\u0131n\u0131 hat\u0131rlatan a\u00e7\u0131k hava sinema g\u00f6sterimleri ile her ya\u015f ve her kesimden siz de\u011ferli vatanda\u015flar\u0131m\u0131z\u0131n b\u00fcy\u00fck ilgi g\u00f6sterece\u011fini biliyoruz&#8221; dedi.<br \/>\n&#8220;Gece Yolcular\u0131 konseri 21 A\u011fustos Cumartesi g\u00fcn\u00fc saat 20:00&#8217;de&#8221;<br \/>\nBa\u015fkan G\u00fcltak, &#8220;Eyl\u00fcl ortas\u0131na dek il\u00e7emizin bir\u00e7ok yerinde yazl\u0131k sinema g\u00f6sterimlerimiz devam edecek. \u00d6n\u00fcm\u00fczdeki g\u00fcnlerde &#8220;\u00c7\u00f6p\u00e7\u00fcler Kral\u0131&#8221;, &#8220;Sultan&#8221;, &#8220;Ne\u015feli G\u00fcnler&#8221;, &#8220;S\u00fct Karde\u015fler&#8221;, &#8220;Vizontele&#8221; gibi T\u00fcrk sinemas\u0131n\u0131n \u00f6nemli filmlerini de bu atmosferde izleme f\u0131rsat\u0131 bulacaks\u0131n\u0131z. Etkinliklerimizin devam\u0131nda da \u00e7ok \u00e7e\u015fitli programlarla sizleri bulu\u015fturaca\u011f\u0131z. M\u00fczikseverlerin de birbirinden g\u00fczel \u015fark\u0131lara e\u015flik edebilece\u011fi \u201cGece Yolcular\u0131\u201d adl\u0131 m\u00fczik grubunun konseri de 21 A\u011fustos Cumartesi g\u00fcn\u00fc saat 20:00&#8217;de Millet Bah\u00e7esi sahil etab\u0131nda gerek\u00e7ele\u015fecek&#8221; dedi. <\/p>\n","protected":false},"excerpt":{"rendered":"<p>Akdeniz Belediyesi, \u00f6zlenen yaz ak\u015fam\u0131 etkinliklerine a\u00e7\u0131k hava sinema g\u00f6sterimi ile ba\u015flad\u0131. Millet Bah\u00e7esi&#8217;nde ger\u00e7ekle\u015fen programa \u00e7ok say\u0131da ki\u015fi kat\u0131l\u0131rken Ba\u015fkan M. Mustafa G\u00fcltak, &#8220;Unutulmaya y\u00fcz tutmu\u015f yazl\u0131k sinema g\u00fcnlerini &hellip; <a href=\"https:\/\/akdenizolaygazetesi.com\/?p=13776\" class=\"more-link\">Devam\u0131n\u0131 Oku&#8230;<\/a><\/p>\n","protected":false},"author":2,"featured_media":13777,"comment_status":"open","ping_status":"open","sticky":false,"template":"","format":"standard","meta":[],"categories":[3,5],"tags":[],"_links":{"self":[{"href":"https:\/\/akdenizolaygazetesi.com\/index.php?rest_route=\/wp\/v2\/posts\/13776"}],"collection":[{"href":"https:\/\/akdenizolaygazetesi.com\/index.php?rest_route=\/wp\/v2\/posts"}],"about":[{"href":"https:\/\/akdenizolaygazetesi.com\/index.php?rest_route=\/wp\/v2\/types\/post"}],"author":[{"embeddable":true,"href":"https:\/\/akdenizolaygazetesi.com\/index.php?rest_route=\/wp\/v2\/users\/2"}],"replies":[{"embeddable":true,"href":"https:\/\/akdenizolaygazetesi.com\/index.php?rest_route=%2Fwp%2Fv2%2Fcomments&post=13776"}],"version-history":[{"count":1,"href":"https:\/\/akdenizolaygazetesi.com\/index.php?rest_route=\/wp\/v2\/posts\/13776\/revisions"}],"predecessor-version":[{"id":13778,"href":"https:\/\/akdenizolaygazetesi.com\/index.php?rest_route=\/wp\/v2\/posts\/13776\/revisions\/13778"}],"wp:featuredmedia":[{"embeddable":true,"href":"https:\/\/akdenizolaygazetesi.com\/index.php?rest_route=\/wp\/v2\/media\/13777"}],"wp:attachment":[{"href":"https:\/\/akdenizolaygazetesi.com\/index.php?rest_route=%2Fwp%2Fv2%2Fmedia&parent=13776"}],"wp:term":[{"taxonomy":"category","embeddable":true,"href":"https:\/\/akdenizolaygazetesi.com\/index.php?rest_route=%2Fwp%2Fv2%2Fcategories&post=13776"},{"taxonomy":"post_tag","embeddable":true,"href":"https:\/\/akdenizolaygazetesi.com\/index.php?rest_route=%2Fwp%2Fv2%2Ftags&post=13776"}],"curies":[{"name":"wp","href":"https:\/\/api.w.org\/{rel}","templated":true}]}}