{"id":13779,"date":"2021-08-19T12:34:22","date_gmt":"2021-08-19T09:34:22","guid":{"rendered":"http:\/\/akdenizolaygazetesi.com\/?p=13779"},"modified":"2021-08-19T12:34:22","modified_gmt":"2021-08-19T09:34:22","slug":"ikram-ettigimiz-asureler-birlik-ve-beraberligin-semboludur","status":"publish","type":"post","link":"https:\/\/akdenizolaygazetesi.com\/?p=13779","title":{"rendered":"&#8220;\u0130kram etti\u011fimiz a\u015fureler birlik ve beraberli\u011fin sembol\u00fcd\u00fcr&#8221;"},"content":{"rendered":"<p>Akdeniz Belediyesi K\u00fclt\u00fcr ve Sosyal \u0130\u015fler M\u00fcd\u00fcrl\u00fc\u011f\u00fc&#8217;nce Muharrem Ay\u0131 dolay\u0131s\u0131yla bir etkinlik d\u00fczenlendi. Etkinli\u011fe kat\u0131lan Akdeniz Belediye Ba\u015fkan\u0131 M. Mustafa G\u00fcltak&#8217;\u0131n e\u015fi Behiye G\u00fcltak, &#8220;Muharrem Ay\u0131 payla\u015fman\u0131n, \u015f\u00fckretmenin birlikteli\u011fin ve bereketin ad\u0131d\u0131r. B\u00f6ylesine \u00f6nemli bir aya girmenin huzuru ile herkesin Muharrem Ay\u0131&#8217;n\u0131 tebrik eder; hay\u0131rlara vesile olmas\u0131n\u0131 dilerim&#8221; dedi.<br \/>\nMuharrem Ay\u0131 ve A\u015fure G\u00fcn\u00fc dolay\u0131s\u0131yla Akdeniz Belediyesi K\u00fclt\u00fcr ve Sosyal \u0130\u015fler M\u00fcd\u00fcrl\u00fc\u011f\u00fc b\u00fcnyesindeki \u00d6zg\u00fcrl\u00fck K\u00fclt\u00fcr ve Sanat Evinde etkinlik d\u00fczenlendi. Kuran-\u0131 Kerim tilavetiyle ba\u015flayan program, \u00f6\u011frencilerin sunumlar\u0131 ile devam etti. Etkinli\u011fe Akdeniz Belediye Ba\u015fkan\u0131 Mustafa G\u00fcltak&#8217;\u0131n e\u015fi Behiye G\u00fcltak&#8217;\u0131n yan\u0131 s\u0131ra \u00e7ok say\u0131da vatanda\u015f da kat\u0131ld\u0131.<br \/>\n&#8220;\u0130kram etti\u011fimiz a\u015fureler birlik ve beraberli\u011fin sembol\u00fcd\u00fcr&#8221;<br \/>\nEtkinlikte konu\u015fan Behiye G\u00fcltak; &#8220;Muharrem Ay\u0131 ve A\u015fure G\u00fcn\u00fc payla\u015fman\u0131n, \u015f\u00fckretmenin ve bereketin ad\u0131; ikram etti\u011fimiz a\u015fureler ise birlik ve beraberli\u011fimizin en \u00f6nemli sembol\u00fcd\u00fcr. Sevgi, bar\u0131\u015f ve karde\u015fli\u011fin b\u00f6ylesi \u00f6nemli g\u00fcnlerde daha iyi idrak etmemiz gerekti\u011finin bilinciyle herkesin Muharrem Ay\u0131&#8217;n\u0131 tebrik eder; hay\u0131rlara vesile olmas\u0131n\u0131 dilerim&#8221; ifadelerini kulland\u0131.<br \/>\n&#8220;Akdenizli kad\u0131nlar il\u00e7emizin gururudur&#8221;<br \/>\nEtkinlik sonunda misafirlere kendi eliyle a\u015fure ikram\u0131 yapan Behiye G\u00fcltak; ayn\u0131 zamanda y\u0131l boyunca e\u011fitim g\u00f6ren kursiyerlerin ele eme\u011fi \u00e7al\u0131\u015fmalar\u0131n\u0131n sergisini gezerek onlarla sohbet etti. G\u00fcltak; &#8220;Kad\u0131nlar\u0131m\u0131z\u0131n ayaklar\u0131 \u00fcst\u00fcnde durarak \u00fcretmeleri bizleri \u00e7ok fazla mutlu ediyor. Toplumumuzun her alan\u0131nda olduk\u00e7a \u00f6nemli bir g\u00fcce sahip olan Akdenizli kad\u0131nlar\u0131n meslek ve beceri edindirme ile istihdama y\u00f6nelik b\u00f6ylesi \u00f6nemli bir olu\u015fumun i\u00e7inde olmalar\u0131 il\u00e7emiz ad\u0131na da gurur vericidir. Her birini ayr\u0131 ayr\u0131 tebrik ederim&#8221; diye konu\u015ftu. <\/p>\n","protected":false},"excerpt":{"rendered":"<p>Akdeniz Belediyesi K\u00fclt\u00fcr ve Sosyal \u0130\u015fler M\u00fcd\u00fcrl\u00fc\u011f\u00fc&#8217;nce Muharrem Ay\u0131 dolay\u0131s\u0131yla bir etkinlik d\u00fczenlendi. Etkinli\u011fe kat\u0131lan Akdeniz Belediye Ba\u015fkan\u0131 M. Mustafa G\u00fcltak&#8217;\u0131n e\u015fi Behiye G\u00fcltak, &#8220;Muharrem Ay\u0131 payla\u015fman\u0131n, \u015f\u00fckretmenin birlikteli\u011fin ve &hellip; <a href=\"https:\/\/akdenizolaygazetesi.com\/?p=13779\" class=\"more-link\">Devam\u0131n\u0131 Oku&#8230;<\/a><\/p>\n","protected":false},"author":2,"featured_media":13780,"comment_status":"open","ping_status":"open","sticky":false,"template":"","format":"standard","meta":[],"categories":[3,5],"tags":[],"_links":{"self":[{"href":"https:\/\/akdenizolaygazetesi.com\/index.php?rest_route=\/wp\/v2\/posts\/13779"}],"collection":[{"href":"https:\/\/akdenizolaygazetesi.com\/index.php?rest_route=\/wp\/v2\/posts"}],"about":[{"href":"https:\/\/akdenizolaygazetesi.com\/index.php?rest_route=\/wp\/v2\/types\/post"}],"author":[{"embeddable":true,"href":"https:\/\/akdenizolaygazetesi.com\/index.php?rest_route=\/wp\/v2\/users\/2"}],"replies":[{"embeddable":true,"href":"https:\/\/akdenizolaygazetesi.com\/index.php?rest_route=%2Fwp%2Fv2%2Fcomments&post=13779"}],"version-history":[{"count":1,"href":"https:\/\/akdenizolaygazetesi.com\/index.php?rest_route=\/wp\/v2\/posts\/13779\/revisions"}],"predecessor-version":[{"id":13781,"href":"https:\/\/akdenizolaygazetesi.com\/index.php?rest_route=\/wp\/v2\/posts\/13779\/revisions\/13781"}],"wp:featuredmedia":[{"embeddable":true,"href":"https:\/\/akdenizolaygazetesi.com\/index.php?rest_route=\/wp\/v2\/media\/13780"}],"wp:attachment":[{"href":"https:\/\/akdenizolaygazetesi.com\/index.php?rest_route=%2Fwp%2Fv2%2Fmedia&parent=13779"}],"wp:term":[{"taxonomy":"category","embeddable":true,"href":"https:\/\/akdenizolaygazetesi.com\/index.php?rest_route=%2Fwp%2Fv2%2Fcategories&post=13779"},{"taxonomy":"post_tag","embeddable":true,"href":"https:\/\/akdenizolaygazetesi.com\/index.php?rest_route=%2Fwp%2Fv2%2Ftags&post=13779"}],"curies":[{"name":"wp","href":"https:\/\/api.w.org\/{rel}","templated":true}]}}