{"id":13788,"date":"2021-08-20T11:47:07","date_gmt":"2021-08-20T08:47:07","guid":{"rendered":"http:\/\/akdenizolaygazetesi.com\/?p=13788"},"modified":"2021-08-20T11:47:07","modified_gmt":"2021-08-20T08:47:07","slug":"baskan-gultak-her-sey-daha-yasanabilir-bir-akdeniz-icin","status":"publish","type":"post","link":"https:\/\/akdenizolaygazetesi.com\/?p=13788","title":{"rendered":"Ba\u015fkan G\u00fcltak; &#8220;Her \u015fey daha ya\u015fanabilir bir Akdeniz i\u00e7in&#8221;"},"content":{"rendered":"<p>Akdeniz Belediyesi&#8217;ne ba\u011fl\u0131 Karacailyas K\u00fclt\u00fcr ve Sanat Evi&#8217;nde kursiyerlerin d\u00f6nem sonu temal\u0131 sergisi ile ba\u011flama s\u0131n\u0131f\u0131 \u00e7ocuklar\u0131n\u0131n dinletisi ve 3-6 ya\u015f grubunun sahne g\u00f6sterisi ger\u00e7ekle\u015fti.<br \/>\nHer ya\u015ftan vatanda\u015f\u0131n bilgi ve beceri kazanmas\u0131, ayn\u0131 zamanda sosyalle\u015fip ev ekonomisine de katk\u0131da bulunmas\u0131 amac\u0131yla hizmet veren Akdeniz Belediyesi K\u00fclt\u00fcr ve Sosyal \u0130\u015fler M\u00fcd\u00fcrl\u00fc\u011f\u00fc b\u00fcnyesinde bulunan K\u00fclt\u00fcr ve Sanat Evleri il\u00e7enin k\u00fclt\u00fcrel ve sanatsal geli\u015fimi noktas\u0131nda \u00e7al\u0131\u015fmalar\u0131n\u0131 s\u00fcrd\u00fcr\u00fcyor. Bu ba\u011flamda emeklerini be\u011feniye sunmak ad\u0131na Karacailyas K\u00fclt\u00fcr ve Sanat Evinde kursiyerlerin d\u00f6nem sonu temal\u0131 sergisi ve 3-6 ya\u015f grubunun sahne g\u00f6sterisi ile ba\u011flama s\u0131n\u0131f\u0131n\u0131n dinletisi de ger\u00e7ekle\u015fti.<br \/>\nBa\u015fkan G\u00fcltak; &#8220;Her \u015fey daha ya\u015fanabilir bir Akdeniz i\u00e7in&#8221;<br \/>\nKonuya ili\u015fkin a\u00e7\u0131klama yapan Akdeniz Belediye Ba\u015fkan\u0131 M. Mustafa G\u00fcltak; &#8220;Bizlerin bu evlerdeki en temel amac\u0131 adeta birer e\u011fitim-\u00f6\u011fretim merkezi gibi hizmet vermesiydi. Hem kursiyerlerin hem de evlatlar\u0131m\u0131z\u0131n bug\u00fcnk\u00fc sunumlar\u0131 bizlerin ne kadar do\u011fru bir yolda oldu\u011funu bir kez daha g\u00f6steriyor. Hepsini tebrik ediyor; ba\u015far\u0131lar\u0131n\u0131n devam\u0131n\u0131 diliyorum. K\u00fclt\u00fcr, sanat ve sportif faaliyetler hassasiyetle \u00fczerinde durdu\u011fumuz en \u00f6nemli konular\u0131n ba\u015f\u0131nda geliyor. Daha ya\u015fanabilir bir Akdeniz i\u00e7in b\u00fct\u00fcn f\u0131rsatlar\u0131 de\u011ferlendirece\u011fimizden hi\u00e7bir vatanda\u015f\u0131m\u0131z\u0131n \u015f\u00fcphesi olmas\u0131n&#8221; diye konu\u015ftu.<br \/>\nEtkinlikte kursiyerlerin tak\u0131 tasar\u0131m, diki\u015f ve ah\u015fap boyama \u00fcr\u00fcnleri sergilenirken 3-6 ya\u015f oyun odas\u0131 \u00e7ocuklar\u0131n\u0131n da sahnesi b\u00fcy\u00fck be\u011feni toplad\u0131. Karacailyas Mahalle sakinlerinin de ilgi g\u00f6sterdi\u011fi etkinlik, ba\u011flama s\u0131n\u0131f\u0131 \u00e7ocuklar\u0131n\u0131n m\u00fczik dinletisi ile sona erdi. <\/p>\n","protected":false},"excerpt":{"rendered":"<p>Akdeniz Belediyesi&#8217;ne ba\u011fl\u0131 Karacailyas K\u00fclt\u00fcr ve Sanat Evi&#8217;nde kursiyerlerin d\u00f6nem sonu temal\u0131 sergisi ile ba\u011flama s\u0131n\u0131f\u0131 \u00e7ocuklar\u0131n\u0131n dinletisi ve 3-6 ya\u015f grubunun sahne g\u00f6sterisi ger\u00e7ekle\u015fti. Her ya\u015ftan vatanda\u015f\u0131n bilgi ve &hellip; <a href=\"https:\/\/akdenizolaygazetesi.com\/?p=13788\" class=\"more-link\">Devam\u0131n\u0131 Oku&#8230;<\/a><\/p>\n","protected":false},"author":2,"featured_media":13789,"comment_status":"open","ping_status":"open","sticky":false,"template":"","format":"standard","meta":[],"categories":[3],"tags":[],"_links":{"self":[{"href":"https:\/\/akdenizolaygazetesi.com\/index.php?rest_route=\/wp\/v2\/posts\/13788"}],"collection":[{"href":"https:\/\/akdenizolaygazetesi.com\/index.php?rest_route=\/wp\/v2\/posts"}],"about":[{"href":"https:\/\/akdenizolaygazetesi.com\/index.php?rest_route=\/wp\/v2\/types\/post"}],"author":[{"embeddable":true,"href":"https:\/\/akdenizolaygazetesi.com\/index.php?rest_route=\/wp\/v2\/users\/2"}],"replies":[{"embeddable":true,"href":"https:\/\/akdenizolaygazetesi.com\/index.php?rest_route=%2Fwp%2Fv2%2Fcomments&post=13788"}],"version-history":[{"count":1,"href":"https:\/\/akdenizolaygazetesi.com\/index.php?rest_route=\/wp\/v2\/posts\/13788\/revisions"}],"predecessor-version":[{"id":13790,"href":"https:\/\/akdenizolaygazetesi.com\/index.php?rest_route=\/wp\/v2\/posts\/13788\/revisions\/13790"}],"wp:featuredmedia":[{"embeddable":true,"href":"https:\/\/akdenizolaygazetesi.com\/index.php?rest_route=\/wp\/v2\/media\/13789"}],"wp:attachment":[{"href":"https:\/\/akdenizolaygazetesi.com\/index.php?rest_route=%2Fwp%2Fv2%2Fmedia&parent=13788"}],"wp:term":[{"taxonomy":"category","embeddable":true,"href":"https:\/\/akdenizolaygazetesi.com\/index.php?rest_route=%2Fwp%2Fv2%2Fcategories&post=13788"},{"taxonomy":"post_tag","embeddable":true,"href":"https:\/\/akdenizolaygazetesi.com\/index.php?rest_route=%2Fwp%2Fv2%2Ftags&post=13788"}],"curies":[{"name":"wp","href":"https:\/\/api.w.org\/{rel}","templated":true}]}}