{"id":13791,"date":"2021-08-20T11:48:54","date_gmt":"2021-08-20T08:48:54","guid":{"rendered":"http:\/\/akdenizolaygazetesi.com\/?p=13791"},"modified":"2021-08-20T11:48:54","modified_gmt":"2021-08-20T08:48:54","slug":"sarayin-arac-alimi-ihalesi-de-21-bden-yandasa","status":"publish","type":"post","link":"https:\/\/akdenizolaygazetesi.com\/?p=13791","title":{"rendered":"&#8216;SARAYIN ARA\u00c7 ALIMI \u0130HALES\u0130 DE 21\/B\u2019DEN YANDA\u015eA&#8217;"},"content":{"rendered":"<p>AKP iktidar\u0131nda Say\u0131\u015ftay Raporlar\u0131, her ne kadar \u201ckanad\u0131 yolunmu\u015f ku\u015fa\u201d d\u00f6nd\u00fcr\u00fclse de yine de raporlarda ortaya \u00e7\u0131kan tablolar\u0131n Saray\u0131n \u015fatafatl\u0131 ya\u015fant\u0131s\u0131n\u0131 g\u00f6zler \u00f6n\u00fcne sermekte oldu\u011funu dile getiren CHP\u2019li Ba\u015far\u0131r, \u201cSay\u0131\u015ftay Raporlar\u0131na g\u00f6re, Saray\u0131n 2018 y\u0131l\u0131ndaki ta\u015f\u0131tlar harcamas\u0131 506 milyon 437 bin TL iken 2019 y\u0131l\u0131nda bu rakam ne yaz\u0131k ki 1 milyar 208 milyon 894 bin TL\u2019ye \u00e7\u0131km\u0131\u015f. 1 y\u0131lda 700 milyonluk art\u0131\u015f. G\u00f6r\u00fcld\u00fc\u011f\u00fc \u00fczere Saray l\u00fcks\u00fcnden vazge\u00e7miyor\u201d dedi.<\/p>\n<p>SARAYIN ARA\u00c7 ALIMI \u0130HALES\u0130 DE 21\/B\u2019DEN YANDA\u015eA<\/p>\n<p>Saraya ta\u015f\u0131t al\u0131mlar\u0131nda daha vahim olan ise bu ara\u00e7lar\u0131n 21\/B kapsam\u0131nda pazarl\u0131k usul\u00fcyle al\u0131nmas\u0131 oldu\u011funu ifade eden CHP\u2019li Ba\u015far\u0131r, \u201cSaray\u0131n ara\u00e7 al\u0131m\u0131nda ne gibi bir acelesi olabilir, hangi ihtiya\u00e7tan 21\/B kapsam\u0131nda bu al\u0131m yap\u0131l\u0131r, anlamak m\u00fcmk\u00fcn de\u011fil. AKP iktidar\u0131 yanda\u015flar\u0131na pe\u015fke\u015f \u00e7ekmek ad\u0131na 21\/B usul\u00fcnden vazge\u00e7miyor. Ara\u00e7 al\u0131m\u0131 da pazarl\u0131k usul\u00fc ile yap\u0131l\u0131yorsa art\u0131k pes demek gerek\u201d s\u00f6zlerini ifade etti.<\/p>\n<p>Yap\u0131lan incelemelerde ta\u015f\u0131t al\u0131mlar\u0131n\u0131n ayn\u0131 firma \u00fczerinden yap\u0131ld\u0131\u011f\u0131n\u0131 s\u00f6yleyen CHP\u2019li Ba\u015far\u0131r, \u201c\u00c7o\u011fu 21\/B ile yap\u0131lan Ta\u015f\u0131t al\u0131m ihalesi sonucuna bak\u0131yorsunuz, AKMERCAN Grubu\u2019nun alt \u015firketi olan Grup Temizlik Oto Kiralama\u2026Ltd. kar\u015f\u0131m\u0131za \u00e7\u0131k\u0131yor. Ald\u0131\u011f\u0131 \u00fc\u00e7 ihalede de verilen teklife bak\u0131yorsunuz kuru\u015funa kadar ayn\u0131. AKMERCAN Grubu\u2019nun AKP ile olan yak\u0131n ili\u015fkilerini biliyoruz\u201d s\u00f6zlerini sarf etti.<\/p>\n<p>VATANDA\u015eIN PARALARI YANDA\u015e VAKIFLARA MI G\u0130D\u0130YOR?<\/p>\n<p>Saray\u0131n harcama kalemlerinden olan cari transferlerinde de dikkat \u00e7ekici derecede art\u0131\u015f oldu\u011funu ifade eden CHP\u2019li Ba\u015far\u0131r, \u201cSay\u0131\u015ftay\u2019\u0131n 2018 raporuna g\u00f6re cari transfer 40 milyon 335 bin iken 2019 y\u0131l\u0131nda bu rakam 420 milyon 158 bin TL olmu\u015ftur. 2019 raporunda cari transferler ad\u0131 alt\u0131nda, kar amac\u0131 g\u00fctmeyen kurulu\u015flara yap\u0131lan transfer 2018 y\u0131l\u0131na g\u00f6re yakla\u015f\u0131k 3 milyon TL artarak 12.5 milyon TL olmu\u015ftur. Ancak bu kurulu\u015flar kimler? Mesela m\u00fctevelli heyet \u00fcyesi Bilal Erdo\u011fan olan Ok\u00e7ular Vakf\u0131 m\u0131? \u0130lim Yayma Cemiyeti mi? Cumhurba\u015fkanl\u0131\u011f\u0131 \u0130leti\u015fim Ba\u015fkan\u0131 Fahrettin Altun\u2019un e\u015finin ba\u015f\u0131nda oldu\u011fu T\u00dcRGEV mi? Yoksa ad\u0131 \u00e7ocuklara cinsel taciz davalar\u0131yla an\u0131lan ENSAR Vakf\u0131 m\u0131? Bunlar\u0131n ortaya \u00e7\u0131kar\u0131lmas\u0131 gerekmektedir\u201d dile getirdi.<br \/>\nCumhurba\u015fkanl\u0131\u011f\u0131 harcamalar\u0131n\u0131n, 84 milyon vatanda\u015f\u0131n verdi\u011fi vergilerle yap\u0131ld\u0131\u011f\u0131n\u0131 dile getiren CHP\u2019li Ba\u015far\u0131r, \u201cMilletin, kamunun paras\u0131n\u0131n nereye harcand\u0131\u011f\u0131n\u0131 bilme hakk\u0131 vard\u0131r. Anayasan\u0131n 73. Maddesi, \u2018Herkes, kamu giderlerini kar\u015f\u0131lamak \u00fczere, mali g\u00fcc\u00fcne g\u00f6re vergi \u00f6demekle y\u00fck\u00fcml\u00fcd\u00fcr\u2019 der. Bu nedenle vatanda\u015flar kar\u015f\u0131lad\u0131klar\u0131 bu kamu giderinin nerelere harcand\u0131\u011f\u0131n\u0131 \u00f6\u011frenmek hakk\u0131na sahiptir\u201d dedi.<\/p>\n<p>DAMACANA SUYA 187 B\u0130N TL<\/p>\n<p>CHP\u2019li Ba\u015far\u0131r s\u00f6zlerine \u015f\u00f6yle tamamlad\u0131: \u201c\u00c7ocuklar\u0131n\u0131 \u0131s\u0131tmak i\u00e7in sa\u00e7 kurutma makinas\u0131n\u0131 a\u00e7\u0131p intihar eden anneler varken, cebinde 10 TL ile atanamad\u0131\u011f\u0131 i\u00e7in intihar eden \u00f6\u011fretmenler varken, yasaklar\u0131n\u0131z y\u00fcz\u00fcnden ge\u00e7im s\u0131k\u0131nt\u0131s\u0131 ya\u015fay\u0131p intihar eden m\u00fczisyenler varken, sa\u011fl\u0131ks\u0131z i\u015f ko\u015fullar\u0131 alt\u0131nda \u00e7al\u0131\u015fmak zorunda kalan polisler intihar ederken, Saray\u0131n s\u0131rf damacana su masraf\u0131n\u0131n 187 bin TL olmas\u0131 kamu vicdan\u0131n\u0131 s\u0131zlatmaktad\u0131r. Herhalde Saray\u0131n bah\u00e7esini de damacana su ile suluyorlar.\u201d<\/p>\n","protected":false},"excerpt":{"rendered":"<p>AKP iktidar\u0131nda Say\u0131\u015ftay Raporlar\u0131, her ne kadar \u201ckanad\u0131 yolunmu\u015f ku\u015fa\u201d d\u00f6nd\u00fcr\u00fclse de yine de raporlarda ortaya \u00e7\u0131kan tablolar\u0131n Saray\u0131n \u015fatafatl\u0131 ya\u015fant\u0131s\u0131n\u0131 g\u00f6zler \u00f6n\u00fcne sermekte oldu\u011funu dile getiren CHP\u2019li Ba\u015far\u0131r, \u201cSay\u0131\u015ftay &hellip; <a href=\"https:\/\/akdenizolaygazetesi.com\/?p=13791\" class=\"more-link\">Devam\u0131n\u0131 Oku&#8230;<\/a><\/p>\n","protected":false},"author":2,"featured_media":13792,"comment_status":"open","ping_status":"open","sticky":false,"template":"","format":"standard","meta":[],"categories":[2,3,6],"tags":[],"_links":{"self":[{"href":"https:\/\/akdenizolaygazetesi.com\/index.php?rest_route=\/wp\/v2\/posts\/13791"}],"collection":[{"href":"https:\/\/akdenizolaygazetesi.com\/index.php?rest_route=\/wp\/v2\/posts"}],"about":[{"href":"https:\/\/akdenizolaygazetesi.com\/index.php?rest_route=\/wp\/v2\/types\/post"}],"author":[{"embeddable":true,"href":"https:\/\/akdenizolaygazetesi.com\/index.php?rest_route=\/wp\/v2\/users\/2"}],"replies":[{"embeddable":true,"href":"https:\/\/akdenizolaygazetesi.com\/index.php?rest_route=%2Fwp%2Fv2%2Fcomments&post=13791"}],"version-history":[{"count":1,"href":"https:\/\/akdenizolaygazetesi.com\/index.php?rest_route=\/wp\/v2\/posts\/13791\/revisions"}],"predecessor-version":[{"id":13793,"href":"https:\/\/akdenizolaygazetesi.com\/index.php?rest_route=\/wp\/v2\/posts\/13791\/revisions\/13793"}],"wp:featuredmedia":[{"embeddable":true,"href":"https:\/\/akdenizolaygazetesi.com\/index.php?rest_route=\/wp\/v2\/media\/13792"}],"wp:attachment":[{"href":"https:\/\/akdenizolaygazetesi.com\/index.php?rest_route=%2Fwp%2Fv2%2Fmedia&parent=13791"}],"wp:term":[{"taxonomy":"category","embeddable":true,"href":"https:\/\/akdenizolaygazetesi.com\/index.php?rest_route=%2Fwp%2Fv2%2Fcategories&post=13791"},{"taxonomy":"post_tag","embeddable":true,"href":"https:\/\/akdenizolaygazetesi.com\/index.php?rest_route=%2Fwp%2Fv2%2Ftags&post=13791"}],"curies":[{"name":"wp","href":"https:\/\/api.w.org\/{rel}","templated":true}]}}