{"id":13794,"date":"2021-08-20T11:50:43","date_gmt":"2021-08-20T08:50:43","guid":{"rendered":"http:\/\/akdenizolaygazetesi.com\/?p=13794"},"modified":"2021-08-20T11:50:43","modified_gmt":"2021-08-20T08:50:43","slug":"kent-merkezi-ve-ilcelerden-ziyaretciler-ata-mirasini-ziyaret-ediyor","status":"publish","type":"post","link":"https:\/\/akdenizolaygazetesi.com\/?p=13794","title":{"rendered":"KENT MERKEZ\u0130 VE \u0130L\u00c7ELERDEN Z\u0130YARET\u00c7\u0130LER ATA M\u0130RASINI Z\u0130YARET ED\u0130YOR"},"content":{"rendered":"<p>Mersin B\u00fcy\u00fck\u015fehir Belediyesi Kad\u0131n ve Aile Hizmetleri Dairesi, Silifke\u2019nin Atayurt Mahallesi\u2019nde yer alan Gazi \u00c7iftli\u011fi\u2019ne geziler d\u00fczenlemeye devam ediyor. Geziye kent merkezi ve farkl\u0131 il\u00e7elerden kat\u0131lan \u00e7ok say\u0131da ziyaret\u00e7i, Atat\u00fcrk\u2019ten kalan miras\u0131 g\u00f6r\u00fcrken, b\u00f6lgedeki \u00fcretici kad\u0131nlardan da \u00e7e\u015fitli \u00fcr\u00fcnler sat\u0131n al\u0131yor.<\/p>\n<p>Gazi \u00c7iftli\u011fi\u2019nde \u00fcretime y\u00f6nelik \u00e7al\u0131\u015fmalar s\u00fcr\u00fcyor<\/p>\n<p>Ulu \u00d6nder Mustafa Kemal Atat\u00fcrk\u2019\u00fcn emaneti olan Gazi \u00c7iftli\u011fi, B\u00fcy\u00fck\u015fehir Belediyesi taraf\u0131ndan i\u015flevsel hale getirildi. Mersinden Kad\u0131n Kooperatifi\u2019nin \u00f6nemli katk\u0131lar\u0131yla a\u00e7\u0131l\u0131\u015f\u0131 yap\u0131lan \u00e7iftlikte hem kooperatif hem de Kad\u0131n ve Aile Hizmetleri Dairesi bir\u00e7ok \u00e7al\u0131\u015fma y\u00fcr\u00fctmeye ba\u015flad\u0131. Robotik kodlama at\u00f6lyelerinden k\u00fct\u00fcphaneye kadar bir\u00e7ok imkana sahip \u00e7iftlik binas\u0131nda b\u00f6lgedeki \u00fcretici kad\u0131nlar \u00e7e\u015fitli e\u011fitimler g\u00f6r\u00fcyor. E\u011fitim s\u0131ras\u0131nda ise \u00fcretici kad\u0131nlar\u0131n \u00e7ocuklar\u0131 oyun odas\u0131nda etkinliklere kat\u0131l\u0131yor.<\/p>\n<p>Turlara kat\u0131lan ziyaret\u00e7iler, kad\u0131n \u00fcreticilerin \u00fcr\u00fcnlerini al\u0131yor<\/p>\n<p>Kad\u0131n ve \u00e7ocuklar\u0131n sosyal ya\u015fam ve \u00fcretime daha fazla kat\u0131lmas\u0131 i\u00e7in \u00e7al\u0131\u015fmalar y\u00fcr\u00fct\u00fclen \u00e7iftli\u011fe geziler de d\u00fczenleniyor. Kent merkezinden ve farkl\u0131 il\u00e7elerden bu gezilere kat\u0131lan vatanda\u015flar, Atat\u00fcrk\u2019ten kalan miras\u0131 yerinde g\u00f6rme imkan\u0131 buluyor. B\u00f6lgedeki \u00fcretici kad\u0131nlar ise bu gezilerde ek\u015fi mayal\u0131 ekmekten bibere, sal\u00e7adan bamyaya kadar bir\u00e7ok \u00fcr\u00fcn\u00fcn sat\u0131\u015f\u0131n\u0131 yap\u0131yor. Ziyaret\u00e7iler bu \u00fcr\u00fcnleri sat\u0131n alarak kad\u0131nlar\u0131n ekonomilerine katk\u0131 sa\u011fl\u0131yor.<\/p>\n<p>\u201cTurlar\u0131m\u0131z ba\u015flad\u0131, \u00e7ok mutluyuz\u201d<\/p>\n<p>Gazi \u00c7iftli\u011fi Sorumlusu Hatice Okur D\u00f6n\u00fcm, 18 kad\u0131nla 200 bine yak\u0131n zakkum \u00fcrettiklerini ve bu zakkumlar\u0131n B\u00fcy\u00fck\u015fehir\u2019in al\u0131m garantisine sahip oldu\u011funu s\u00f6yledi. T\u00fcm \u00e7al\u0131\u015fmalar\u0131n zakkumla ba\u015flad\u0131\u011f\u0131na dikkat \u00e7eken D\u00f6n\u00fcm, aradan ge\u00e7en s\u00fcre\u00e7te \u00f6nemli oranda yol kat edildi\u011fini vurgulad\u0131. \u015eu anda Gazi \u00c7iftli\u011fi\u2019nin ziyaret\u00e7i de kabul edebildi\u011fini s\u00f6zlerine ekleyen D\u00f6n\u00fcm, \u201cTurlar\u0131m\u0131z ba\u015flad\u0131. \u00c7ok mutluyuz. Herkesi heyecanla bekliyoruz. Kad\u0131nlar\u0131m\u0131z kendi \u00fcr\u00fcnlerimizi, ata tohumlar\u0131m\u0131zdan yeti\u015ftirilen \u00fcr\u00fcnlerimizi, sal\u00e7a, ek\u015fi mayal\u0131 k\u00f6y ekme\u011fimiz ve el \u00fcr\u00fcnlerimizin sat\u0131\u015f\u0131n\u0131 yap\u0131yor. Her \u015feyi \u00fcretim a\u015famas\u0131na dahil ettik ve daha \u00e7ok b\u00fcy\u00fcyerek devam ediyoruz. Tur g\u00fcnlerinde \u00fcrettikleri her \u015feyi burada sat\u0131yorlar. Gazi \u00c7iftli\u011fi\u2019ni anlatmak \u00e7ok zor. Elimizden geldi\u011fince anlatabilmek i\u00e7in buraday\u0131z\u201d dedi.<\/p>\n<p>\u201cMisafirlerimizi kad\u0131nlar\u0131m\u0131zla bir araya getiriyoruz\u201d<\/p>\n<p>B\u00fcy\u00fck\u015fehir Belediye Ba\u015fkan\u0131 Vahap Se\u00e7er ve Mersinden Kad\u0131n Kooperatifi Ba\u015fkan\u0131 Meral Se\u00e7er\u2019e \u00fcretici kad\u0131nlar ad\u0131na te\u015fekk\u00fcrlerini de ileten D\u00f6n\u00fcm, \u201cMeral Han\u0131m\u2019\u0131n hakk\u0131n\u0131 hi\u00e7 yiyemeyiz. Her g\u00fcn bir telefonun ucunda. Burada kad\u0131nlara \u2018siz ne istiyorsunuz, neler yapabiliriz sizin i\u00e7in\u2019 diyor. Buradaki kad\u0131nlar bunu \u015fimdiye kadar hi\u00e7 duymad\u0131. \u2018Siz ne istiyorsunuz, biz onu yapal\u0131m.\u2019 Ne dedilerse di\u011fer g\u00fcn her \u015fey burada yap\u0131ld\u0131. Mersin\u2019den ve Tarsus\u2019tan geldi ziyaret\u00e7ilerimiz. \u00d6ncelikle tabii ki okulumuzu gezdiriyoruz. Onlar\u0131 kad\u0131nlar\u0131m\u0131zla bir araya getiriyoruz\u201d diye konu\u015ftu. D\u00f6n\u00fcm, gezi sonunda ziyaret\u00e7ilere Gazi \u00c7iftli\u011fi\u2019nin sahilini de gezdirdiklerini anlatt\u0131.<\/p>\n<p>\u201c\u00dcretti\u011fimizi sat\u0131yoruz\u201d<\/p>\n<p>B\u00f6lgedeki \u00fcretici kad\u0131nlardan Ay\u015fe Durmaz ise gezilerin d\u00fczenledi\u011fi g\u00fcnlerde \u00fcr\u00fcnlerini satma imkan\u0131 bulduklar\u0131n\u0131 belirterek, \u201cKendi \u00fcr\u00fcnlerimiz, biber, patl\u0131can yeti\u015ftiriyoruz. Kendi tohumlar\u0131m\u0131z, \u00fcretiyoruz. Burada da sat\u0131yoruz. Emeklerimizin kar\u015f\u0131l\u0131\u011f\u0131n\u0131 almaya u\u011fra\u015f\u0131yoruz. B\u00f6yle organizasyonlar oldu\u011fu i\u00e7in \u00e7ok memnunuz. Okulumuz canland\u0131. Ziyaret\u00e7ilerimiz oluyor. \u00c7ok sevindik biz bu i\u015fe. Biz de burada tabi yeti\u015ftirdi\u011fimiz \u00fcr\u00fcnleri sat\u0131yoruz, para kazan\u0131yoruz. Belediyemizden de \u00e7ok memnunuz. Bize \u00e7ok imkanlar sa\u011flad\u0131. Okulumuzu a\u00e7t\u0131, \u00fcretti\u011fimizi sat\u0131yoruz\u201d ifadelerine yer verdi.<\/p>\n<p>\u201cBuras\u0131 muhte\u015fem bir yer\u201d<\/p>\n<p>Ziyaret\u00e7ilerden Adalet D\u00fclger, gezi s\u0131ras\u0131nda t\u00fcylerinin diken diken oldu\u011funu ifade ederek, \u201cBa\u015fkan\u0131m\u0131za te\u015fekk\u00fcr ediyoruz. Otob\u00fcsten iner inmez \u2018Atat\u00fcrk \u00c7iftli\u011fi\u2019 yaz\u0131s\u0131n\u0131 g\u00f6rd\u00fcm. Zaten orada bir heyecan, duygu yo\u011funlu\u011fu ba\u015flad\u0131. Sa\u011fa sola bakmadan direkt i\u00e7eriye girdik. Tabi \u015fu anda Atam i\u00e7in o duygular\u0131 anlatmam m\u00fcmk\u00fcn de\u011fil. \u00c7ocuklu\u011fumdan beri O\u2019na kar\u015f\u0131 son derece sevgim ve ba\u011fl\u0131l\u0131\u011f\u0131m var. Bu ortam duyguland\u0131rd\u0131. Odalarda gezdim. Atat\u00fcrk\u2019le ilgili daha \u00f6nce T\u00fcrkiye i\u00e7inde ona ait birtak\u0131m yerleri gezdi\u011fimde hep o kokuyu hissettim. \u015eu anda da ayn\u0131 duyguday\u0131m, t\u00fcylerim diken diken. Buras\u0131 muhte\u015fem bir yer. Y\u00fcreklerine, ellerine sa\u011fl\u0131k\u201d dedi.<\/p>\n<p>Ziyaret\u00e7ilerden Sevgi G\u00f6kelma da \u00e7ok etkilendi\u011fini belirterek, \u201c\u00c7ok duygusal anlar ya\u015fad\u0131m. Atat\u00fcrk\u2019\u00fcn odas\u0131 bir kere \u00e7ok etkileyiciydi. \u00d6zellikle o k\u00fc\u00e7\u00fck Atat\u00fcrk pullar\u0131ndan tablo yapm\u0131\u015flar, \u00e7ok be\u011fendim. \u00c7ift\u00e7iler odas\u0131nda Atat\u00fcrk\u2019\u00fcn s\u00f6zlerinin yaz\u0131l\u0131 olmas\u0131 \u00e7ok ho\u015fuma gitti. K\u00fct\u00fcphaneye bay\u0131ld\u0131m. Bir kere vesile olup buray\u0131 gelip g\u00f6rmemizi sa\u011flad\u0131\u011f\u0131; k\u00fclt\u00fcr\u00fcm\u00fcz\u00fc, tarihimizi ve bize duygusal anlar ya\u015fatt\u0131\u011f\u0131 i\u00e7in B\u00fcy\u00fck\u015fehir Belediyesi\u2019ne te\u015fekk\u00fcr ediyorum\u201d diye konu\u015ftu.<\/p>\n","protected":false},"excerpt":{"rendered":"<p>Mersin B\u00fcy\u00fck\u015fehir Belediyesi Kad\u0131n ve Aile Hizmetleri Dairesi, Silifke\u2019nin Atayurt Mahallesi\u2019nde yer alan Gazi \u00c7iftli\u011fi\u2019ne geziler d\u00fczenlemeye devam ediyor. Geziye kent merkezi ve farkl\u0131 il\u00e7elerden kat\u0131lan \u00e7ok say\u0131da ziyaret\u00e7i, Atat\u00fcrk\u2019ten &hellip; <a href=\"https:\/\/akdenizolaygazetesi.com\/?p=13794\" class=\"more-link\">Devam\u0131n\u0131 Oku&#8230;<\/a><\/p>\n","protected":false},"author":2,"featured_media":13795,"comment_status":"open","ping_status":"open","sticky":false,"template":"","format":"standard","meta":[],"categories":[2,3,5],"tags":[],"_links":{"self":[{"href":"https:\/\/akdenizolaygazetesi.com\/index.php?rest_route=\/wp\/v2\/posts\/13794"}],"collection":[{"href":"https:\/\/akdenizolaygazetesi.com\/index.php?rest_route=\/wp\/v2\/posts"}],"about":[{"href":"https:\/\/akdenizolaygazetesi.com\/index.php?rest_route=\/wp\/v2\/types\/post"}],"author":[{"embeddable":true,"href":"https:\/\/akdenizolaygazetesi.com\/index.php?rest_route=\/wp\/v2\/users\/2"}],"replies":[{"embeddable":true,"href":"https:\/\/akdenizolaygazetesi.com\/index.php?rest_route=%2Fwp%2Fv2%2Fcomments&post=13794"}],"version-history":[{"count":1,"href":"https:\/\/akdenizolaygazetesi.com\/index.php?rest_route=\/wp\/v2\/posts\/13794\/revisions"}],"predecessor-version":[{"id":13796,"href":"https:\/\/akdenizolaygazetesi.com\/index.php?rest_route=\/wp\/v2\/posts\/13794\/revisions\/13796"}],"wp:featuredmedia":[{"embeddable":true,"href":"https:\/\/akdenizolaygazetesi.com\/index.php?rest_route=\/wp\/v2\/media\/13795"}],"wp:attachment":[{"href":"https:\/\/akdenizolaygazetesi.com\/index.php?rest_route=%2Fwp%2Fv2%2Fmedia&parent=13794"}],"wp:term":[{"taxonomy":"category","embeddable":true,"href":"https:\/\/akdenizolaygazetesi.com\/index.php?rest_route=%2Fwp%2Fv2%2Fcategories&post=13794"},{"taxonomy":"post_tag","embeddable":true,"href":"https:\/\/akdenizolaygazetesi.com\/index.php?rest_route=%2Fwp%2Fv2%2Ftags&post=13794"}],"curies":[{"name":"wp","href":"https:\/\/api.w.org\/{rel}","templated":true}]}}