{"id":1380,"date":"2020-11-04T18:21:56","date_gmt":"2020-11-04T15:21:56","guid":{"rendered":"http:\/\/mersinekonomipolitikagazetesi.com\/?p=1380"},"modified":"2020-11-04T18:21:56","modified_gmt":"2020-11-04T15:21:56","slug":"mersinde-ramazan-etkinlikleri-fetih-kutlamasiyla-renklendi","status":"publish","type":"post","link":"https:\/\/akdenizolaygazetesi.com\/?p=1380","title":{"rendered":"Mersin&#8217;de Ramazan etkinlikleri fetih kutlamas\u0131yla renklendi"},"content":{"rendered":"<p>Mersin B\u00fcy\u00fck\u015fehir Belediyesi taraf\u0131ndan Ramazan ay\u0131 boyunca her ak\u015fam d\u00fczenlenen 4. Ramazan etkinlikleri, \u0130stanbul\u2019un fethinin 564. y\u0131l d\u00f6n\u00fcm\u00fc kutlamalar\u0131 ile birle\u015ftirilerek renklendirildi.<\/p>\n<p>\u0130stanbul\u2019un fethinin 564. y\u0131ld\u00f6n\u00fcm\u00fc kutlamalar\u0131 m\u00fcnasebetiyle Atat\u00fcrk Caddesinden ba\u015flayarak Ulu Camii \u00f6n\u00fcnde son bulan ve Mehter Tak\u0131m\u0131 e\u015fli\u011finde yap\u0131lan Fetih y\u00fcr\u00fcy\u00fc\u015f\u00fcne Mersin B\u00fcy\u00fck\u015fehir Belediye Ba\u015fkan\u0131 Burhanettin Kocamaz da kat\u0131ld\u0131.<br \/>\n\u0130ftar \u00f6ncesi ger\u00e7ekle\u015ftirilen ve Akdeniz Mehter Tak\u0131m\u0131 e\u015fli\u011finde yap\u0131lan y\u00fcr\u00fcy\u00fc\u015fe vatanda\u015flar yo\u011fun ilgi g\u00f6sterirken, Mersin Atl\u0131 Ok\u00e7uluk ve Geleneksel Ok\u00e7uluk Derne\u011fi ile Tarsus Kutalm\u0131\u015fo\u011flu Geleneksel Ok\u00e7uluk Derne\u011fi\u2019nden kat\u0131lan ok\u00e7ular g\u00f6steriye renk katt\u0131.<br \/>\nMersin B\u00fcy\u00fck\u015fehir Belediye Ba\u015fkan\u0131 Burhanettin Kocamaz, Ramazan ay\u0131n\u0131n birle\u015ftirici, b\u00fct\u00fcnle\u015ftirici ve kayna\u015ft\u0131r\u0131c\u0131 \u00f6zelli\u011fine vurgu yapt\u0131. \u0130stanbul\u2019un fethinin 564. y\u0131l\u0131n\u0131 kutlayarak konu\u015fmas\u0131na devam eden Ba\u015fkan Kocamaz, \u201cAllah\u2019a binlerce \u015f\u00fck\u00fcrler olsun ki, bizleri T\u00fcrk ve M\u00fcsl\u00fcman olarak yaratm\u0131\u015f. Aziz Peygamberimizin de belirtti\u011fi gibi T\u00fcrk milletine adeta \u00f6zel bir g\u00f6rev vermi\u015f. Peygamberimiz, \u2018\u0130stanbul\u2019u fetheden asker ne g\u00fczel asker, \u0130stanbul\u2019u fetheden komutan ne g\u00fczel komutand\u0131r\u2019 diyerek, bug\u00fcnlere \u0131\u015f\u0131k tutmu\u015f. \u0130stanbul\u2019u 564 y\u0131ld\u0131r T\u00fcrk yurdu yapan b\u00fct\u00fcn ecdad\u0131m\u0131za, ba\u015fta Fatih Sultan Mehmet olmak \u00fczere sayg\u0131lar\u0131m\u0131z\u0131 sunuyoruz ve onlara Allah\u2019tan rahmet diliyoruz\u201d dedi.<br \/>\n\u201cT\u00fcrkiye Cumhuriyeti ilelebet payidar kalacakt\u0131r\u201d<br \/>\nT\u00fcrk milletinin gitti\u011fi her yere bar\u0131\u015f, adalet, hukuk ve hakkaniyet g\u00f6t\u00fcrd\u00fc\u011f\u00fcn\u00fc, inan\u00e7 ve k\u00f6ken ayr\u0131m\u0131 yapmadan herkesi Allah\u2019\u0131n bir emaneti olarak g\u00f6rd\u00fc\u011f\u00fcn\u00fc kaydeden Kocamaz, \u201cM\u00fcsl\u00fcman oldu\u011fumuz ve T\u00fcrkiye Cumhuriyeti\u2019nin bir ferdi oldu\u011fumuz i\u00e7in ger\u00e7ekten onurluyuz, gururluyuz. T\u00fcrkiye Cumhuriyeti Devleti ilelebet payidar kalacakt\u0131r. Bu al bayra\u011f\u0131n alt\u0131nda ya\u015fayan, h\u00fcr ve ba\u011f\u0131ms\u0131z olarak birlik i\u00e7inde ya\u015famak isteyen herkes ba\u015f\u0131m\u0131z\u0131n tac\u0131d\u0131r\u201d diye konu\u015ftu.<br \/>\nOrta Asya\u2019dan bug\u00fcnlere gelinceye kadar T\u00fcrk milletinin d\u00e2hili ve harici d\u00fc\u015fmanlar\u0131n\u0131n oldu\u011funu belirten Kocamaz, \u201cT\u00fcrk milleti aziz duru\u015fuyla ve ortak payda devlet, bayrak, millet ve \u00fclkenin gelece\u011fi anlay\u0131\u015f\u0131yla bir araya geldi\u011fi i\u00e7in bug\u00fcnlere gelinceye kadar bir\u00e7ok badireler atlatmas\u0131na ra\u011fmen ayaklar\u0131 \u00fczerinde dimdik durmu\u015ftur. Bunun en \u00f6nemli g\u00f6stergesi, 15 Temmuz hain darbe giri\u015fimine kar\u015f\u0131 kad\u0131n, erkek, \u00e7ocuk, ya\u015fl\u0131 demeden,<br \/>\nk\u00f6ken ayr\u0131m\u0131 yapmadan herkesin birlikte m\u00fccadele etmesidir&#8221; ifadelerini kulland\u0131.<br \/>\n\u0130ftar \u00f6ncesi alan\u0131 dolduran vatanda\u015flar, Ahmet Co\u015fkun taraf\u0131ndan haz\u0131rlanan &#8216;Ahmet Co\u015fkun ile biz T\u00fcrkiye\u2019yiz&#8217; adl\u0131 \u015fiir dinletisi ile bulu\u015furken, sonras\u0131nda ger\u00e7ekle\u015ftirilen Kur&#8217;an-\u0131 Kerim tilaveti ile iftar\u0131 kar\u015f\u0131lad\u0131. Ezan\u0131n okunmas\u0131 ile Ulu Camii Meydan\u0131nda kurulan iftar sofralar\u0131 sayesinde birbirini tan\u0131mayan binlerce insan bir araya gelerek orucunu a\u00e7t\u0131. Yap\u0131lan iftar yeme\u011fi duas\u0131 sonras\u0131 iftarlar\u0131n\u0131 yapan vatanda\u015flar, Amfi Tiyatro\u2019da ger\u00e7ekle\u015ftirilen geleneksel Ramazan e\u011flenceleri ve feshane alan\u0131 etkinlikleri ile geceye devam etti.<\/p>\n","protected":false},"excerpt":{"rendered":"<p>Mersin B\u00fcy\u00fck\u015fehir Belediyesi taraf\u0131ndan Ramazan ay\u0131 boyunca her ak\u015fam d\u00fczenlenen 4. Ramazan etkinlikleri, \u0130stanbul\u2019un fethinin 564. y\u0131l d\u00f6n\u00fcm\u00fc kutlamalar\u0131 ile birle\u015ftirilerek renklendirildi. \u0130stanbul\u2019un fethinin 564. y\u0131ld\u00f6n\u00fcm\u00fc kutlamalar\u0131 m\u00fcnasebetiyle Atat\u00fcrk Caddesinden &hellip; <a href=\"https:\/\/akdenizolaygazetesi.com\/?p=1380\" class=\"more-link\">Devam\u0131n\u0131 Oku&#8230;<\/a><\/p>\n","protected":false},"author":1,"featured_media":0,"comment_status":"open","ping_status":"open","sticky":false,"template":"","format":"standard","meta":[],"categories":[],"tags":[],"_links":{"self":[{"href":"https:\/\/akdenizolaygazetesi.com\/index.php?rest_route=\/wp\/v2\/posts\/1380"}],"collection":[{"href":"https:\/\/akdenizolaygazetesi.com\/index.php?rest_route=\/wp\/v2\/posts"}],"about":[{"href":"https:\/\/akdenizolaygazetesi.com\/index.php?rest_route=\/wp\/v2\/types\/post"}],"author":[{"embeddable":true,"href":"https:\/\/akdenizolaygazetesi.com\/index.php?rest_route=\/wp\/v2\/users\/1"}],"replies":[{"embeddable":true,"href":"https:\/\/akdenizolaygazetesi.com\/index.php?rest_route=%2Fwp%2Fv2%2Fcomments&post=1380"}],"version-history":[{"count":0,"href":"https:\/\/akdenizolaygazetesi.com\/index.php?rest_route=\/wp\/v2\/posts\/1380\/revisions"}],"wp:attachment":[{"href":"https:\/\/akdenizolaygazetesi.com\/index.php?rest_route=%2Fwp%2Fv2%2Fmedia&parent=1380"}],"wp:term":[{"taxonomy":"category","embeddable":true,"href":"https:\/\/akdenizolaygazetesi.com\/index.php?rest_route=%2Fwp%2Fv2%2Fcategories&post=1380"},{"taxonomy":"post_tag","embeddable":true,"href":"https:\/\/akdenizolaygazetesi.com\/index.php?rest_route=%2Fwp%2Fv2%2Ftags&post=1380"}],"curies":[{"name":"wp","href":"https:\/\/api.w.org\/{rel}","templated":true}]}}