{"id":13804,"date":"2021-08-22T08:40:42","date_gmt":"2021-08-22T05:40:42","guid":{"rendered":"http:\/\/akdenizolaygazetesi.com\/?p=13804"},"modified":"2021-08-22T08:40:42","modified_gmt":"2021-08-22T05:40:42","slug":"onceligimiz-toplum-sagligi","status":"publish","type":"post","link":"https:\/\/akdenizolaygazetesi.com\/?p=13804","title":{"rendered":"&#8220;\u00d6nceli\u011fimiz Toplum Sa\u011fl\u0131\u011f\u0131&#8221;"},"content":{"rendered":"<p>Toroslar Belediyesi, Covid-19 tedbirleri kapsam\u0131nda il\u00e7e genelinde bulunan Kuran Kursu ve ibadethanelerde temizlik ve dezenfeksiyon \u00e7al\u0131\u015fmalar\u0131n\u0131 aral\u0131ks\u0131z s\u00fcrd\u00fcr\u00fcyor<\/p>\n<p>Belediye Temizlik \u0130\u015fleri M\u00fcd\u00fcrl\u00fc\u011f\u00fc ekipleri taraf\u0131ndan ibadethanelerdeki hal\u0131lar, hal\u0131 y\u0131kama makinesiyle yerinde y\u0131kanarak hijyenik hale getirilirken, avlu, tuvalet, kap\u0131 kollar\u0131 ve ayakkab\u0131l\u0131k gibi temas\u0131n olabilece\u011fi t\u00fcm y\u00fczeyler titizlikle dezenfekte ediliyor.<\/p>\n<p>&#8220;\u00d6nceli\u011fimiz Toplum Sa\u011fl\u0131\u011f\u0131&#8221;<\/p>\n<p>Toroslar Belediye Ba\u015fkan\u0131 Ats\u0131z Af\u015f\u0131n Y\u0131lmaz, toplum sa\u011fl\u0131\u011f\u0131n\u0131 korumaya y\u00f6nelik hizmetlerinin kesintisiz olarak devam etti\u011fini belirterek; &#8220;Azalm\u0131\u015f olsa da maalesef salg\u0131n hen\u00fcz bitmi\u015f de\u011fil. Sadece kendimize de\u011fil, sevdiklerimize ve ya\u015fad\u0131\u011f\u0131m\u0131z kente kar\u015f\u0131  sorumlulu\u011fumuz var. Temas\u0131n yo\u011fun oldu\u011fu alanlarda dezenfeksiyon \u00e7al\u0131\u015fmalar\u0131m\u0131z aral\u0131ks\u0131z devam ediyor. Bu alanlardan bir tanesi de ibadethanelerimiz. Amac\u0131m\u0131z hem\u015fehrilerimizin sa\u011fl\u0131kl\u0131 ve hijyenik bir ortamda ibadetlerini yerine getirmeleridir. Hem\u015fehrilerimizden de iste\u011fimiz sosyal mesafe kural\u0131na uymalar\u0131 ve maske takmalar\u0131d\u0131r. Bu s\u00fcreci kurallara s\u0131k\u0131 s\u0131k\u0131ya riayet ederek hep birlikte atlataca\u011f\u0131z&#8221; diye konu\u015ftu.<\/p>\n","protected":false},"excerpt":{"rendered":"<p>Toroslar Belediyesi, Covid-19 tedbirleri kapsam\u0131nda il\u00e7e genelinde bulunan Kuran Kursu ve ibadethanelerde temizlik ve dezenfeksiyon \u00e7al\u0131\u015fmalar\u0131n\u0131 aral\u0131ks\u0131z s\u00fcrd\u00fcr\u00fcyor Belediye Temizlik \u0130\u015fleri M\u00fcd\u00fcrl\u00fc\u011f\u00fc ekipleri taraf\u0131ndan ibadethanelerdeki hal\u0131lar, hal\u0131 y\u0131kama makinesiyle yerinde &hellip; <a href=\"https:\/\/akdenizolaygazetesi.com\/?p=13804\" class=\"more-link\">Devam\u0131n\u0131 Oku&#8230;<\/a><\/p>\n","protected":false},"author":2,"featured_media":13805,"comment_status":"open","ping_status":"open","sticky":false,"template":"","format":"standard","meta":[],"categories":[1,3,5],"tags":[],"_links":{"self":[{"href":"https:\/\/akdenizolaygazetesi.com\/index.php?rest_route=\/wp\/v2\/posts\/13804"}],"collection":[{"href":"https:\/\/akdenizolaygazetesi.com\/index.php?rest_route=\/wp\/v2\/posts"}],"about":[{"href":"https:\/\/akdenizolaygazetesi.com\/index.php?rest_route=\/wp\/v2\/types\/post"}],"author":[{"embeddable":true,"href":"https:\/\/akdenizolaygazetesi.com\/index.php?rest_route=\/wp\/v2\/users\/2"}],"replies":[{"embeddable":true,"href":"https:\/\/akdenizolaygazetesi.com\/index.php?rest_route=%2Fwp%2Fv2%2Fcomments&post=13804"}],"version-history":[{"count":1,"href":"https:\/\/akdenizolaygazetesi.com\/index.php?rest_route=\/wp\/v2\/posts\/13804\/revisions"}],"predecessor-version":[{"id":13806,"href":"https:\/\/akdenizolaygazetesi.com\/index.php?rest_route=\/wp\/v2\/posts\/13804\/revisions\/13806"}],"wp:featuredmedia":[{"embeddable":true,"href":"https:\/\/akdenizolaygazetesi.com\/index.php?rest_route=\/wp\/v2\/media\/13805"}],"wp:attachment":[{"href":"https:\/\/akdenizolaygazetesi.com\/index.php?rest_route=%2Fwp%2Fv2%2Fmedia&parent=13804"}],"wp:term":[{"taxonomy":"category","embeddable":true,"href":"https:\/\/akdenizolaygazetesi.com\/index.php?rest_route=%2Fwp%2Fv2%2Fcategories&post=13804"},{"taxonomy":"post_tag","embeddable":true,"href":"https:\/\/akdenizolaygazetesi.com\/index.php?rest_route=%2Fwp%2Fv2%2Ftags&post=13804"}],"curies":[{"name":"wp","href":"https:\/\/api.w.org\/{rel}","templated":true}]}}