{"id":1382,"date":"2020-11-04T18:21:56","date_gmt":"2020-11-04T15:21:56","guid":{"rendered":"http:\/\/mersinekonomipolitikagazetesi.com\/?p=1382"},"modified":"2020-11-04T18:21:56","modified_gmt":"2020-11-04T15:21:56","slug":"mersinde-darbe-girisimi-davasi-20-haziranda-baslayacak","status":"publish","type":"post","link":"https:\/\/akdenizolaygazetesi.com\/?p=1382","title":{"rendered":"Mersin&#8217;de darbe giri\u015fimi davas\u0131 20 Haziran&#8217;da ba\u015flayacak"},"content":{"rendered":"<p>Mersin&#8217;de Fetullah\u00e7\u0131 Ter\u00f6r \u00d6rg\u00fct\u00fc&#8217;n\u00fcn (FET\u00d6) 15 Temmuz&#8217;daki darbe giri\u015fimine ili\u015fkin, FET\u00d6 eleba\u015f\u0131 Fetullah G\u00fclen&#8217;in bir numaral\u0131 san\u0131k oldu\u011fu, aralar\u0131nda tutuklu eski Tu\u011famiral Nejat Atilla Demirhan ve eski 3. s\u0131n\u0131f emniyet m\u00fcd\u00fcr\u00fc Hasan Basri Da\u011fdelen&#8217;in de bulundu\u011fu, \u00e7o\u011funlu\u011fu r\u00fctbeli askerlerden olu\u015fan 25&#8217;i tutuklu 29 \u015f\u00fcphelinin yarg\u0131lanmas\u0131na 20 Haziran&#8217;da ba\u015flanacak. San\u0131klar, 4&#8217;er kez a\u011f\u0131rla\u015ft\u0131r\u0131lm\u0131\u015f m\u00fcebbet ve 78&#8217;er y\u0131l hapis istemiyle yarg\u0131lanacak.<\/p>\n<p>Mersin Cumhuriyet Ba\u015fsavc\u0131 Vekili \u00d6mer Faruk G\u00fcng\u00f6r taraf\u0131ndan haz\u0131rlanan ve Mersin 7. A\u011f\u0131r Ceza Mahkemesince kabul edilen 462 sayfal\u0131k iddianame kapsam\u0131nda san\u0131klar ilk kez 20 Haziran&#8217;da hakim kar\u015f\u0131s\u0131na \u00e7\u0131kacak.<br \/>\nFET\u00d6 eleba\u015f\u0131 G\u00fclen&#8217;in bir numaral\u0131 san\u0131k oldu\u011fu davada, darbe gecesinde kendisini s\u00f6zde &#8216;s\u0131k\u0131y\u00f6netim komutan\u0131&#8217; ilan eden eski Akdeniz B\u00f6lge ve Garnizon Komutan\u0131 Tu\u011famiral Demirhan ve 3. S\u0131n\u0131f Emniyet M\u00fcd\u00fcr\u00fc Da\u011fdelen&#8217;in aralar\u0131nda oldu\u011fu, \u00e7o\u011funlu\u011fu r\u00fctbeli askerlerden olu\u015fan 25&#8217;i tutuklu 29 san\u0131k yarg\u0131lanacak. \u0130ddianamede, &#8220;Devletin birli\u011fi ve \u00fclke b\u00fct\u00fcnl\u00fc\u011f\u00fcn\u00fc bozmak, cebir ve \u015fiddet kullanarak T\u00fcrkiye Cumhuriyeti Anayasas\u0131&#8217;n\u0131n \u00f6ng\u00f6rd\u00fc\u011f\u00fc d\u00fczeni ortadan kald\u0131rmaya veya bu d\u00fczen yerine ba\u015fka bir d\u00fczen getirmeye veya bu d\u00fczenin fiilen uygulanmas\u0131n\u0131 \u00f6nlemeye te\u015febb\u00fcs etmek, cebir ve \u015fiddet kullanarak TBMM&#8217;yi ortadan kald\u0131rmaya veya TBMM&#8217;nin g\u00f6revlerini k\u0131smen veya tamamen yapmas\u0131n\u0131 engellemeye te\u015febb\u00fcs etmek, cebir ve \u015fiddet kullanarak T\u00fcrkiye Cumhuriyeti h\u00fck\u00fcmetini ortadan kald\u0131rmaya veya g\u00f6revlerini yapmas\u0131n\u0131 k\u0131smen veya tamamen engellemeye te\u015febb\u00fcs etmek, T\u00fcrkiye Cumhuriyeti h\u00fck\u00fcmetine kar\u015f\u0131 isyan, silahl\u0131 ter\u00f6r \u00f6rg\u00fct\u00fcne \u00fcye olmak ve bu su\u00e7lar i\u00e7in anla\u015fmak&#8221; su\u00e7lar\u0131n\u0131 i\u015fledikleri kaydedilen san\u0131klar, haklar\u0131nda 4&#8217;er kez a\u011f\u0131rla\u015ft\u0131r\u0131lm\u0131\u015f m\u00fcebbet ve 78&#8217;er y\u0131l hapis cezas\u0131 istemiyle yarg\u0131lanacak.<br \/>\n\u0130ddianamede ayr\u0131ca darbe giri\u015fimi gecesine ili\u015fkin kamera kay\u0131tlar\u0131, telefon mesajlar\u0131 ve telsiz konu\u015fmalar\u0131 ba\u015fta olmak \u00fczere \u00e7ok say\u0131da delile yer verilmi\u015f, darbe giri\u015fiminin Mersin&#8217;deki ba\u015f\u0131 ve y\u00f6neticisi olarak g\u00f6sterilen Demirhan&#8217;\u0131n makam\u0131ndaki aramada bulunan bir evrakta, 16-21 Temmuz tarihlerindeki t\u00fcm randevu ve planlamalar\u0131n\u0131n \u00fczerini \u00e7izerek iptal etti\u011fi belirtilmi\u015fti. Demirhan&#8217;\u0131n, kendisine ba\u011fl\u0131 birlik komutanlar\u0131na darbe giri\u015fim gecesi, &#8220;Durum de\u011fi\u015fti, toplanma plan\u0131 uygulanacak, personelin toplanmas\u0131 gerekti\u011fi&#8221; \u015feklinde s\u00f6zler s\u00f6yleyerek t\u00fcm personeli g\u00f6revi ba\u015f\u0131na \u00e7ekti\u011fi, lojman\u0131ndan \u00e7\u0131karken n\u00f6bet\u00e7i askerlere &#8220;Askerler, kap\u0131ya polis geldi\u011fi zaman almayacaks\u0131n\u0131z, gerekirse vuracaks\u0131n\u0131z&#8221; diyerek emir verdi\u011fi de iddianamede yer al\u0131rken, Demirhan&#8217;\u0131n darbe gecesinde makam\u0131na gelen M\u00fcd\u00fcr Da\u011fdelen ile i\u015fbirli\u011fi yaparak polis telsizinden s\u0131k\u0131y\u00f6netim ilan\u0131 yapmaya \u00e7al\u0131\u015ft\u0131\u011f\u0131 yer ald\u0131.<br \/>\n\u00d6te yandan, iddianamede Demirhan&#8217;\u0131n, birli\u011fe polislerin geldi\u011finin kendisine iletilmesi \u00fczerine, &#8220;Kim size engel olursa vurma yetkisine sahipsiniz&#8221; dedi\u011fi, Sahil G\u00fcvenlik Akdeniz B\u00f6lge Komutan\u0131n\u0131n talimat\u0131yla karargah binas\u0131n\u0131 izleyen sahil g\u00fcvenlik botunun kendilerine y\u00f6nelmi\u015f oldu\u011funu g\u00f6r\u00fcnce de TCG Ta\u015fucu Gemisi&#8217;nin komutan\u0131n\u0131 arayarak, silahlar\u0131n\u0131 sahil g\u00fcvenlik botu ve limandaki polislere do\u011frultmas\u0131n\u0131, gerekirse ate\u015f etmesini emretti\u011finin alt\u0131 \u00e7izilmi\u015ftir.<br \/>\nKendini &#8220;s\u0131k\u0131 y\u00f6netim komutan yard\u0131mc\u0131s\u0131&#8221; ilan eden Da\u011fdelen&#8217;in ise darbeci komutan\u0131n emriyle denizde haz\u0131r bekleyen botla birlikte ka\u00e7\u0131\u015f\u0131n\u0131n planland\u0131\u011f\u0131, limandan \u00e7\u0131k\u0131\u015f\u0131n yasaklanmas\u0131 \u00fczerine tan\u0131nmamak i\u00e7in i\u015f\u00e7i k\u0131yafeti giydi\u011fi, saklanmak i\u00e7in girdi\u011fi bir camide de polislerce yakaland\u0131\u011f\u0131 iddianamede yerini ald\u0131.<\/p>\n","protected":false},"excerpt":{"rendered":"<p>Mersin&#8217;de Fetullah\u00e7\u0131 Ter\u00f6r \u00d6rg\u00fct\u00fc&#8217;n\u00fcn (FET\u00d6) 15 Temmuz&#8217;daki darbe giri\u015fimine ili\u015fkin, FET\u00d6 eleba\u015f\u0131 Fetullah G\u00fclen&#8217;in bir numaral\u0131 san\u0131k oldu\u011fu, aralar\u0131nda tutuklu eski Tu\u011famiral Nejat Atilla Demirhan ve eski 3. s\u0131n\u0131f emniyet &hellip; <a href=\"https:\/\/akdenizolaygazetesi.com\/?p=1382\" class=\"more-link\">Devam\u0131n\u0131 Oku&#8230;<\/a><\/p>\n","protected":false},"author":1,"featured_media":0,"comment_status":"open","ping_status":"open","sticky":false,"template":"","format":"standard","meta":[],"categories":[],"tags":[],"_links":{"self":[{"href":"https:\/\/akdenizolaygazetesi.com\/index.php?rest_route=\/wp\/v2\/posts\/1382"}],"collection":[{"href":"https:\/\/akdenizolaygazetesi.com\/index.php?rest_route=\/wp\/v2\/posts"}],"about":[{"href":"https:\/\/akdenizolaygazetesi.com\/index.php?rest_route=\/wp\/v2\/types\/post"}],"author":[{"embeddable":true,"href":"https:\/\/akdenizolaygazetesi.com\/index.php?rest_route=\/wp\/v2\/users\/1"}],"replies":[{"embeddable":true,"href":"https:\/\/akdenizolaygazetesi.com\/index.php?rest_route=%2Fwp%2Fv2%2Fcomments&post=1382"}],"version-history":[{"count":0,"href":"https:\/\/akdenizolaygazetesi.com\/index.php?rest_route=\/wp\/v2\/posts\/1382\/revisions"}],"wp:attachment":[{"href":"https:\/\/akdenizolaygazetesi.com\/index.php?rest_route=%2Fwp%2Fv2%2Fmedia&parent=1382"}],"wp:term":[{"taxonomy":"category","embeddable":true,"href":"https:\/\/akdenizolaygazetesi.com\/index.php?rest_route=%2Fwp%2Fv2%2Fcategories&post=1382"},{"taxonomy":"post_tag","embeddable":true,"href":"https:\/\/akdenizolaygazetesi.com\/index.php?rest_route=%2Fwp%2Fv2%2Ftags&post=1382"}],"curies":[{"name":"wp","href":"https:\/\/api.w.org\/{rel}","templated":true}]}}