{"id":13826,"date":"2021-08-22T09:55:53","date_gmt":"2021-08-22T06:55:53","guid":{"rendered":"http:\/\/akdenizolaygazetesi.com\/?p=13826"},"modified":"2021-08-22T09:55:53","modified_gmt":"2021-08-22T06:55:53","slug":"secer-kir-cicekleri-projesinin-kontenjanini-120-ogrenciye-cikaracagiz","status":"publish","type":"post","link":"https:\/\/akdenizolaygazetesi.com\/?p=13826","title":{"rendered":"SE\u00c7ER: \u201cKIR \u00c7\u0130\u00c7EKLER\u0130 PROJES\u0130N\u0130N KONTENJANINI 120 \u00d6\u011eRENC\u0130YE \u00c7IKARACA\u011eIZ\u201d"},"content":{"rendered":"<p>Mersin B\u00fcy\u00fck\u015fehir Belediye Ba\u015fkan\u0131 Vahap Se\u00e7er, k\u0131rsal mahalle ziyaretlerine Silifke il\u00e7esi ile devam etti. Silifke\u2019ye ba\u011fl\u0131 Ke\u015flit\u00fcrkmenli, \u00c7alt\u0131bozk\u0131r, Kocaoluk, Mara, Kavak ve \u00c7atak mahallelerinde vatanda\u015flarla bir araya gelen Ba\u015fkan Se\u00e7er, ziyaretlerde hayata ge\u00e7irdikleri projeler hakk\u0131nda bilgiler verdi; vatanda\u015flar\u0131n sorun ve taleplerini yerinde dinledi.<\/p>\n<p>\u201cMersin\u2019de insana dair ne ar\u0131yorsan\u0131z hepsi var\u201d<\/p>\n<p>Ba\u015fkan Se\u00e7er\u2019in k\u0131rsal mahalle ziyaretlerine CHP Mersin Milletvekili Cengiz G\u00f6k\u00e7el, CHP il ve il\u00e7e y\u00f6neticileri, B\u00fcy\u00fck\u015fehir Belediyesi Meclis \u00fcyeleri ve b\u00fcrokratlar kat\u0131ld\u0131. T\u00fcrkiye\u2019nin d\u00fcnyan\u0131n en g\u00fczel \u00fclkesi oldu\u011funu, bu \u00fclkenin en g\u00fczel \u015fehirlerinden birinin de Mersin oldu\u011funu ifade eden  Ba\u015fkan Se\u00e7er, \u201cBunu i\u00e7ten s\u00f6yl\u00fcyorum. Anamur\u2019dan Tarsus\u2019a, \u00c7aml\u0131yayla\u2019dan Mut\u2019a kadar b\u00fct\u00fcn bu b\u00f6lgelerin Belediye Ba\u015fkan\u0131 olarak s\u00f6yl\u00fcyorum. 2 milyona yak\u0131n bizim yerli n\u00fcfusumuz var. Sahilde insanlar\u0131n ba\u015fka derdi var, Toroslar\u2019\u0131n eteklerinde ba\u015fka. Anamur\u2019da ba\u015fka, merkezde ba\u015fka. Merkezin Akdeniz il\u00e7esinde ba\u015fka, Mezitli\u2019de ba\u015fka. Mersin\u2019de insana dair ne ar\u0131yorsan\u0131z hepsi var. Fakiri, zengini, Karadenizlisi, Do\u011fulusu, Bat\u0131l\u0131s\u0131, Orta Anadolulusu hepsi var. B\u00f6yle bir k\u00fclt\u00fcr zenginli\u011fi. Bir kentin \u00f6nce huzuru olacak, birli\u011fi, beraberli\u011fi olacak. Bir aile gibi. Belediye Ba\u015fkan\u0131n\u0131z olarak iyi i\u015fler yap\u0131yoruz. Hizmet etti\u011fimiz s\u00fcrece Allah nasip etti, vatanda\u015flar\u0131m\u0131z tercih etti, destek verdi. Bizlere oy veren de sa\u011f olsun, vermeyen de sa\u011f olsun. Ama \u015funu dediler hep, bu hep beni \u00fczm\u00fc\u015ft\u00fc. \u2018Bu adam Tarsuslu. Tarsus\u2019tan beri gelmez. Oradan ba\u015fka yere de hizmet yapmaz, buralar\u0131 tan\u0131maz, Y\u00f6r\u00fckleri tan\u0131maz.\u2019 Kocaoluk\u2019tan da onlara kapak olsun\u201d dedi.<\/p>\n<p>Ba\u015fkan Se\u00e7er, \u2018Dosthane\u2019 hizmetini anlatt\u0131<\/p>\n<p>Hizmette ayr\u0131mc\u0131l\u0131k yapmadan herkese e\u015fit mesafede durduklar\u0131n\u0131 s\u00f6yleyen Ba\u015fkan Se\u00e7er, hayata ge\u00e7irdikleri hizmetleri anlatt\u0131. Ziyaret etti\u011fi her mahallede \u2018Dosthane\u2019 hizmetinden bahseden Ba\u015fkan Se\u00e7er, \u201cAllah ba\u015fa vermesin! Evinizde hasta oldu\u011fu zaman bunu \u015fehirde tedavi ettirmek bir aile i\u00e7in k\u00fclfettir. Hastaneye gideceksiniz, hastanede yat\u0131r\u0131yorsunuz. Ama gitti\u011finiz zaman orada kalacak yeriniz yok. E\u015fe, dosta gidiyorsunuz. 2 g\u00fcn, 3 g\u00fcn, 5 g\u00fcn ondan sonra s\u0131k\u0131nt\u0131 oluyor. Alo 185. \u0130ster muhtara s\u00f6yleyin bizimle temas kursun ama bunun i\u00e7in 185\u2019i kodlay\u0131n kar\u015f\u0131n\u0131za nazik bir ses \u00e7\u0131kar. \u2018Buras\u0131 B\u00fcy\u00fck\u015fehir Belediye Ba\u015fkanl\u0131\u011f\u0131\u2019 der. Orada \u00e7\u0131kana de ki: \u2018K\u0131z\u0131m, ben Ay\u015fe ablan. Ben o\u011flan\u0131 hastaneye getirece\u011fim. 30 g\u00fcn orada tedavi g\u00f6recek, benim kalacak yerim yok. Hemen \u2018Ne zaman geleceksiniz\u2019 der, seni kar\u015f\u0131larlar. Yatacak, kalkacak yerini ve kahvalt\u0131n\u0131 da her sabah verirler. Hi\u00e7 kimseyi araman\u0131za gerek yok. Alo 185, bitti\u201d diye konu\u015ftu.<\/p>\n<p>\u201cK\u0131r \u00c7i\u00e7ekleri\u2019 projesinde kontenjan\u0131 120 \u00f6\u011frenciye \u00e7\u0131karaca\u011f\u0131z\u201d<\/p>\n<p>\u00d6zellikle k\u0131rsal mahalleleri ilgilendiren ve \u00e7ok \u00f6zen g\u00f6sterilen \u2018K\u0131r \u00c7i\u00e7ekleri\u2019 projesine de\u011finen Ba\u015fkan Se\u00e7er, \u015funlar\u0131 s\u00f6yledi:<\/p>\n<p>\u201c10-12 ya\u015f aras\u0131 k\u0131z \u00e7ocuklar\u0131 spora merakl\u0131 olanlar\u0131, \u00e7ok iyi atletizm yap\u0131yor, \u00f6rnek veriyorum. Ama \u00e7ocu\u011fun imkan\u0131 yok ki gitsin \u015fehirde bir spor kul\u00fcb\u00fcnde bu kabiliyetini geli\u015ftirsin. \u015eu anda benim 55 k\u0131z\u0131m var. 55 k\u0131z babas\u0131y\u0131m ben. Manevi babalar\u0131y\u0131m. Okullar\u0131na yazd\u0131rd\u0131k. Bizim misafirhanemiz var spor tesisimizde. Sabah kalkarlar kahvalt\u0131lar\u0131n\u0131 yaparlar, okullara giderler. Okul bitti\u011fi zaman tekrar gelirler, antren\u00f6rleri var. Onlar\u0131n \u00f6\u011fretmenleri var. Antrenmanlar\u0131n\u0131 yaparlar, ak\u015fam yemek saatinden sonra et\u00fct merkezinde derslerini yapt\u0131r\u0131yorlar. Herhangi bir spor d\u0131\u015f\u0131nda m\u00fczik aleti \u00e7alma ya da birtak\u0131m etkinlikler, tiyatro gibi kabiliyetleri varsa onun da e\u011fitimini verirler. Yatma zaman\u0131 da odalar\u0131na \u00e7\u0131karlar. Gece 2 n\u00f6bet\u00e7i \u00f6\u011fretmenimiz var. Onlar\u0131 sabaha kadar orada g\u00f6zetir, ertesi g\u00fcn de okullar\u0131na giderler. \u0130steyen hafta sonu da evine, k\u00f6y\u00fcne gelebilir. Bu sene ilk y\u0131l\u0131m\u0131zd\u0131 ve \u00e7ok g\u00fczel bir sonu\u00e7 ald\u0131k. Onun i\u00e7in bir ilave kontenjan yapt\u0131k. Bunu toplamda 120 \u00f6\u011frenciye \u00e7\u0131karaca\u011f\u0131z. Zaten normalde 60 \u00f6\u011frenci \u015fu anda kapasitemiz ama 55 \u00f6\u011frenci alm\u0131\u015ft\u0131k. Burada da yine Spor Dairesi\u2019ndeki arkada\u015flar\u0131m\u0131z k\u00f6yleri gezerken \u00e7ocuklar\u0131n\u0131n kabiliyeti olan ailelerimiz varsa g\u00fcvenle \u00e7ocuklar\u0131n\u0131 yat\u0131l\u0131 olarak bize teslim edebilirler. Oraya hem okuluna gider hem muvaffak olaca\u011f\u0131 spor dal\u0131nda e\u011fitimlerini alm\u0131\u015f olurlar.\u201d<\/p>\n<p>\u201c\u00c7ok \u015f\u00fck\u00fcr do\u011fru i\u015fler yap\u0131yoruz ve g\u00fczel i\u015fler de yap\u0131yoruz\u201d diyerek konu\u015fmas\u0131na devam eden Ba\u015fkan Se\u00e7er, \u201cMara\u2019ya da hizmet getiriyoruz, Kocaoluk\u2019a da hizmet getiriyoruz. Anamur\u2019a da, G\u00fclnar\u2019a da, Mut\u2019a da, Tarsus\u2019a da, merkeze de her b\u00f6lgeye imkanlar\u0131m\u0131z\u0131 en ak\u0131lc\u0131 \u015fekilde kullanarak biz hizmet g\u00f6t\u00fcr\u00fcyoruz. \u2018G\u00f6t\u00fcrmeye \u00e7al\u0131\u015f\u0131yoruz\u2019 demiyorum. Bir Ba\u015fkan olarak ne yapt\u0131\u011f\u0131m\u0131, ne s\u00f6yledi\u011fimi bilen bir Ba\u015fkan\u0131m. Ben her kuru\u015fu \u00f6nemle, de\u011ferle hesap ederek harc\u0131yorum. Emanet her kuru\u015f bizim param\u0131zdan, kendi servetimizden, kendi cebimizdeki param\u0131zdan \u00e7ok \u00f6nemli, \u00e7ok de\u011ferlidir. Kendi paran\u0131 git nereye savuruyorsan savur ama halk\u0131n paras\u0131n\u0131 ben savuramam. 40 d\u00fc\u015f\u00fcn\u00fcp 1 i\u015f yapaca\u011f\u0131z, bunu da yapmak zorunday\u0131z. Ben milliyet\u00e7i bir adam\u0131m. Milletvekilli\u011fi dahil \u015fu anda B\u00fcy\u00fck\u015fehir Belediye Ba\u015fkan\u0131y\u0131m. Memleketim i\u00e7in her t\u00fcrl\u00fc hizmet a\u015fk\u0131yla gecemi g\u00fcnd\u00fcz\u00fcme katt\u0131m. Benim milliyet\u00e7ili\u011fim s\u00f6zde de\u011fil. Benim milliyet\u00e7ili\u011fim \u00e7al\u0131\u015farak. Gecemi g\u00fcnd\u00fcz\u00fcme katarak. Bu \u00e7ocuklar\u0131n gelece\u011fini, kendi \u00f6z \u00e7ocuklar\u0131m\u0131n gelece\u011fini d\u00fc\u015f\u00fcnd\u00fc\u011f\u00fcm gibi d\u00fc\u015f\u00fcnerek milliyet\u00e7iyim. Buradan bu s\u00f6ylediklerim birilerinin sa\u011f\u0131r kulaklar\u0131na k\u00fcpe olsun\u201d ifadelerini kulland\u0131.<\/p>\n<p>\u201cBenim belediyem itibarl\u0131 bir belediyedir\u201d<\/p>\n<p>Mersin\u2019in \u00e7ok geni\u015f bir co\u011frafya oldu\u011funu ve \u00e7ok imkanlar sundu\u011funu vurgulayan Se\u00e7er, devam\u0131nda \u015funlar\u0131 s\u00f6yledi:<\/p>\n<p>\u201cBelediyemizin geliri T\u00fcrkiye\u2019nin 7 de\u011ferli belediyesinden biri. Belediyemizin geliri iyi. Belediyemiz e\u011fer kendisine aktar\u0131lan paray\u0131 ak\u0131lc\u0131 bir \u015fekilde kullan\u0131rsa \u00e7ok k\u0131sa s\u00fcre i\u00e7erisinde \u00e7ok i\u015fler yapar. Biz yap\u0131yoruz. Bir belediye ba\u015fkan\u0131 \u2018\u015fu kadar borcu \u00f6dedim, bu kadar borcu \u00f6dedim. Benim borcum azald\u0131\u2019 diye \u00f6v\u00fcnmez. Ben bunu s\u00f6yledi\u011fim zaman beni sak\u0131n yanl\u0131\u015f anlamay\u0131n. Ama bir belediye ba\u015fkan\u0131 hi\u00e7 bor\u00e7lanmadan, ge\u00e7mi\u015f d\u00f6nemin kendisine miras kalan 1 milyar lira borcunu azalt\u0131yorsa ve bunu 2 y\u0131l kadar k\u0131sa bir s\u00fcrede yap\u0131yor, bunun yan\u0131nda hizmetlere devam ediyorsa, \u2018Benim belediyem g\u00fc\u00e7l\u00fc\u2019 diyorsa, herkes belediye ile i\u015f yapmak i\u00e7in m\u00fcteahhitler yar\u0131\u015fa giriyorsa, mal ve hizmet satmak i\u00e7in s\u0131raya giriyorsa, bu belediye ba\u015fkan\u0131 ne diyorsa hakl\u0131d\u0131r. Ben de bunu s\u00f6yl\u00fcyorum. Benim belediyem itibarl\u0131 bir belediyedir. Benim belediyem \u015ferefli bir belediyedir.\u201d<\/p>\n<p>G\u00f6k\u00e7el: \u201cDenizin kenar\u0131na ne hizmet yap\u0131l\u0131yorsa Toroslar\u2019\u0131n tepesine ayn\u0131 hizmeti yap\u0131yor\u201d<\/p>\n<p>CHP Mersin Milletvekili Cengiz G\u00f6k\u00e7el, hayata ge\u00e7irdi\u011fi projelerden dolay\u0131 Ba\u015fkan Se\u00e7er\u2019e minnet duydu\u011funu belirterek, \u201cB\u00fcy\u00fck\u015fehir Belediyemiz \u00f6v\u00fcnerek s\u00f6yl\u00fcyorum, elindeki sizin emanet etti\u011finiz b\u00fct\u00e7eleri namusu gibi bilerek, ger\u00e7ekten denizin kenar\u0131na ne hizmet yap\u0131l\u0131yorsa Toroslar\u2019\u0131n tepesine, benim k\u00f6yl\u00fclerime de, benim hem\u015fehrilerime de ayn\u0131 hizmeti yap\u0131yor. Bu bizim i\u00e7in asl\u0131nda bir \u015fans\u201d dedi.<\/p>\n","protected":false},"excerpt":{"rendered":"<p>Mersin B\u00fcy\u00fck\u015fehir Belediye Ba\u015fkan\u0131 Vahap Se\u00e7er, k\u0131rsal mahalle ziyaretlerine Silifke il\u00e7esi ile devam etti. Silifke\u2019ye ba\u011fl\u0131 Ke\u015flit\u00fcrkmenli, \u00c7alt\u0131bozk\u0131r, Kocaoluk, Mara, Kavak ve \u00c7atak mahallelerinde vatanda\u015flarla bir araya gelen Ba\u015fkan Se\u00e7er, &hellip; <a href=\"https:\/\/akdenizolaygazetesi.com\/?p=13826\" class=\"more-link\">Devam\u0131n\u0131 Oku&#8230;<\/a><\/p>\n","protected":false},"author":2,"featured_media":13827,"comment_status":"open","ping_status":"open","sticky":false,"template":"","format":"standard","meta":[],"categories":[3,5],"tags":[],"_links":{"self":[{"href":"https:\/\/akdenizolaygazetesi.com\/index.php?rest_route=\/wp\/v2\/posts\/13826"}],"collection":[{"href":"https:\/\/akdenizolaygazetesi.com\/index.php?rest_route=\/wp\/v2\/posts"}],"about":[{"href":"https:\/\/akdenizolaygazetesi.com\/index.php?rest_route=\/wp\/v2\/types\/post"}],"author":[{"embeddable":true,"href":"https:\/\/akdenizolaygazetesi.com\/index.php?rest_route=\/wp\/v2\/users\/2"}],"replies":[{"embeddable":true,"href":"https:\/\/akdenizolaygazetesi.com\/index.php?rest_route=%2Fwp%2Fv2%2Fcomments&post=13826"}],"version-history":[{"count":1,"href":"https:\/\/akdenizolaygazetesi.com\/index.php?rest_route=\/wp\/v2\/posts\/13826\/revisions"}],"predecessor-version":[{"id":13828,"href":"https:\/\/akdenizolaygazetesi.com\/index.php?rest_route=\/wp\/v2\/posts\/13826\/revisions\/13828"}],"wp:featuredmedia":[{"embeddable":true,"href":"https:\/\/akdenizolaygazetesi.com\/index.php?rest_route=\/wp\/v2\/media\/13827"}],"wp:attachment":[{"href":"https:\/\/akdenizolaygazetesi.com\/index.php?rest_route=%2Fwp%2Fv2%2Fmedia&parent=13826"}],"wp:term":[{"taxonomy":"category","embeddable":true,"href":"https:\/\/akdenizolaygazetesi.com\/index.php?rest_route=%2Fwp%2Fv2%2Fcategories&post=13826"},{"taxonomy":"post_tag","embeddable":true,"href":"https:\/\/akdenizolaygazetesi.com\/index.php?rest_route=%2Fwp%2Fv2%2Ftags&post=13826"}],"curies":[{"name":"wp","href":"https:\/\/api.w.org\/{rel}","templated":true}]}}