{"id":1383,"date":"2020-11-04T18:21:56","date_gmt":"2020-11-04T15:21:56","guid":{"rendered":"http:\/\/mersinekonomipolitikagazetesi.com\/?p=1383"},"modified":"2020-11-04T18:21:56","modified_gmt":"2020-11-04T15:21:56","slug":"mersinli-besiktaslilar-3-haziranda-sampiyonlugu-kutlayacak","status":"publish","type":"post","link":"https:\/\/akdenizolaygazetesi.com\/?p=1383","title":{"rendered":"Mersinli Be\u015fikta\u015fl\u0131lar, 3 Haziran\u2019da \u015fampiyonlu\u011fu kutlayacak"},"content":{"rendered":"<p>Be\u015fikta\u015f\u2019\u0131n, ligin bitmesine bir hafta kala Spor-Toto S\u00fcper Lig \u015fampiyonlu\u011funu ilan etmesinin yank\u0131lar\u0131 devam ederken, Mersinli Be\u015fikta\u015fl\u0131lar da \u015fampiyonlu\u011fu kutlamaya haz\u0131rlan\u0131yor.<\/p>\n<p>Gaziantepspor ile 28 Haziran Pazar g\u00fcn\u00fc oynad\u0131\u011f\u0131 ma\u00e7\u0131 4-0 kazanarak \u015fampiyon olan ve \u00fc\u00e7\u00fcnc\u00fc y\u0131ld\u0131z\u0131 da alan Be\u015fikta\u015f\u2019ta co\u015fku bitmiyor. Ma\u00e7\u0131n ard\u0131ndan T\u00fcrkiye genelinde oldu\u011fu gibi Mersin\u2019de de Be\u015fikta\u015fl\u0131lar Adnan Menderes Bulvar\u0131 \u00fczerindeki K\u00fclt\u00fcr Park Be\u015fikta\u015f Meydan\u0131\u2019na ak\u0131n ederek, ge\u00e7 saatlere kadar erken gelen \u015fampiyonlu\u011fu kutlam\u0131\u015ft\u0131. Mersin Be\u015fikta\u015fl\u0131lar Derne\u011fi de \u015fampiyonlu\u011fu ta\u00e7land\u0131rmak i\u00e7in 3 Haziran 2017 Cumartesi ak\u015fam\u0131 saat 19.03\u2019te Mersin Be\u015fikta\u015f Meydan\u0131\u2019nda kutlama yapacak.<br \/>\nMersin Be\u015fikta\u015fl\u0131lar Derne\u011fi Ba\u015fkan\u0131 Melih Aydo\u011fdu, yapt\u0131\u011f\u0131 yaz\u0131l\u0131 a\u00e7\u0131klamada, Spor-Toto S\u00fcper Lig de \u015fampiyonlu\u011funu garantileyen Be\u015fikta\u015f Futbol Tak\u0131m\u0131\u2019n\u0131 kutlad\u0131. Aydo\u011fdu, Be\u015fikta\u015f\u2019\u0131n g\u00f6sterdi\u011fi \u00fcst\u00fcn performansla \u015fampiyonlu\u011fu hak etti\u011fini belirterek, \u00f6n\u00fcm\u00fczdeki sezon \u015eampiyonlar Ligi\u2019nde ba\u015far\u0131lar\u0131n\u0131n devam\u0131n\u0131 diledi. Aydo\u011fdu, bu ba\u015far\u0131da eme\u011fi ge\u00e7en, ba\u015fta Ba\u015fkan Fikret Orman olmak \u00fczere, y\u00f6neticilere, teknik ekibe, futbolculara ve taraftarlara te\u015fekk\u00fcr etti.<br \/>\nAydo\u011fdu, t\u00fcm Mersinlileri 3 Haziran Cumartesi g\u00fcn\u00fc Be\u015fikta\u015f Meydan\u0131\u2019nda ger\u00e7ekle\u015ftirilecek olan \u2018\u015eampiyonlu\u011fu Kutluyoruz\u2019 etkinli\u011fine davet etti.<\/p>\n","protected":false},"excerpt":{"rendered":"<p>Be\u015fikta\u015f\u2019\u0131n, ligin bitmesine bir hafta kala Spor-Toto S\u00fcper Lig \u015fampiyonlu\u011funu ilan etmesinin yank\u0131lar\u0131 devam ederken, Mersinli Be\u015fikta\u015fl\u0131lar da \u015fampiyonlu\u011fu kutlamaya haz\u0131rlan\u0131yor. Gaziantepspor ile 28 Haziran Pazar g\u00fcn\u00fc oynad\u0131\u011f\u0131 ma\u00e7\u0131 4-0 &hellip; <a href=\"https:\/\/akdenizolaygazetesi.com\/?p=1383\" class=\"more-link\">Devam\u0131n\u0131 Oku&#8230;<\/a><\/p>\n","protected":false},"author":1,"featured_media":0,"comment_status":"open","ping_status":"open","sticky":false,"template":"","format":"standard","meta":[],"categories":[],"tags":[],"_links":{"self":[{"href":"https:\/\/akdenizolaygazetesi.com\/index.php?rest_route=\/wp\/v2\/posts\/1383"}],"collection":[{"href":"https:\/\/akdenizolaygazetesi.com\/index.php?rest_route=\/wp\/v2\/posts"}],"about":[{"href":"https:\/\/akdenizolaygazetesi.com\/index.php?rest_route=\/wp\/v2\/types\/post"}],"author":[{"embeddable":true,"href":"https:\/\/akdenizolaygazetesi.com\/index.php?rest_route=\/wp\/v2\/users\/1"}],"replies":[{"embeddable":true,"href":"https:\/\/akdenizolaygazetesi.com\/index.php?rest_route=%2Fwp%2Fv2%2Fcomments&post=1383"}],"version-history":[{"count":0,"href":"https:\/\/akdenizolaygazetesi.com\/index.php?rest_route=\/wp\/v2\/posts\/1383\/revisions"}],"wp:attachment":[{"href":"https:\/\/akdenizolaygazetesi.com\/index.php?rest_route=%2Fwp%2Fv2%2Fmedia&parent=1383"}],"wp:term":[{"taxonomy":"category","embeddable":true,"href":"https:\/\/akdenizolaygazetesi.com\/index.php?rest_route=%2Fwp%2Fv2%2Fcategories&post=1383"},{"taxonomy":"post_tag","embeddable":true,"href":"https:\/\/akdenizolaygazetesi.com\/index.php?rest_route=%2Fwp%2Fv2%2Ftags&post=1383"}],"curies":[{"name":"wp","href":"https:\/\/api.w.org\/{rel}","templated":true}]}}