{"id":13838,"date":"2021-08-23T14:41:01","date_gmt":"2021-08-23T11:41:01","guid":{"rendered":"http:\/\/akdenizolaygazetesi.com\/?p=13838"},"modified":"2021-08-23T14:41:01","modified_gmt":"2021-08-23T11:41:01","slug":"her-zaman-ve-her-yerde-birlikteyiz","status":"publish","type":"post","link":"https:\/\/akdenizolaygazetesi.com\/?p=13838","title":{"rendered":"&#8220;Her zaman ve Her Yerde Birlikteyiz&#8221;"},"content":{"rendered":"<p>Toroslar Belediye Ba\u015fkan\u0131 Ats\u0131z Af\u015f\u0131n Y\u0131lmaz, sosyal belediyecilikte olu\u015fturdu\u011fu &#8220;G\u00f6n\u00fcl Ba\u011f\u0131&#8221; Projesiyle T\u00fcrkiye&#8217;de \u00f6rnek olacak projelere imza atarken, mahalle ziyaretlerini de aral\u0131ks\u0131z s\u00fcrd\u00fcrerek \u00e7al\u0131nmad\u0131k kap\u0131, s\u0131k\u0131lmad\u0131k el b\u0131rakm\u0131yor.<\/p>\n<p>Ba\u015fkan Y\u0131lmaz,  hafta sonu Ayvagedi\u011fi ve G\u00f6zne Mahallelerinde il\u00e7e esnaf\u0131 ve mahalle sakinleriyle bir araya gelerek, taleplerini dinledi. Vatanda\u015flar taraf\u0131ndan yo\u011fun bir sevgi ile kar\u015f\u0131lanan Ba\u015fkan Y\u0131lmaz, 7&#8217;den 70&#8217;e t\u00fcm hem\u015fehrileriyle sohbet ederek; &#8220;Toroslar&#8217;a g\u00f6n\u00fclden ba\u011fl\u0131y\u0131z&#8221; dedi.<\/p>\n<p>Ayvagedi\u011fi Mahallesi&#8217;nde pazar yerini gezen, TORTEK At\u00f6lyelerini ve spor kurslar\u0131n\u0131 da ziyaret eden Ba\u015fkan Y\u0131lmaz&#8217;a, MHP Mersin Milletvekili Baki \u015eim\u015fek, Cumhur \u0130ttifak\u0131 B\u00fcy\u00fck\u015fehir Belediye Ba\u015fkan Aday\u0131 Hamit Tuna, MHP Toroslar \u0130l\u00e7e Ba\u015fkan\u0131 H\u00fcsn\u00fc Do\u011fan, Toroslar \u00dclk\u00fc Ocaklar\u0131 Ba\u015fkan\u0131 Vural Koparan ve meclis \u00fcyeleri de e\u015flik etti.<\/p>\n<p>Ayvagedi\u011fi Mahalle Muhtar\u0131 Ayhan G\u00fcmeli ile G\u00f6zne Mahalle Muhtar\u0131 \u015eevket Ta\u015fk\u0131n, yap\u0131lan bu ziyaretlerden dolay\u0131 Toroslar Belediye Ba\u015fkan\u0131 Ats\u0131z Af\u015f\u0131n Y\u0131lmaz&#8217;a ve protokol \u00fcyelerine te\u015fekk\u00fcr ederek; &#8220;Ba\u015fkan\u0131m\u0131z Say\u0131n Ats\u0131z Af\u015f\u0131n Y\u0131lmaz her zaman bizlerin yan\u0131nda. Sorumluluk alan\u0131ndaki t\u00fcm hizmetleri fazlas\u0131yla yap\u0131yorlar. Ba\u015fkan\u0131m\u0131za ve ekibine te\u015fekk\u00fcr ederiz&#8221; diye konu\u015ftular.<\/p>\n<p>Hem\u015fehrilerine yo\u011fun ilgilerinden dolay\u0131 te\u015fekk\u00fcr eden MHP Toroslar \u0130l\u00e7e Ba\u015fkan\u0131 H\u00fcsn\u00fc Do\u011fan ise; &#8220;Bu g\u00fczel organizasyonda bizleri yaln\u0131z b\u0131rakmad\u0131\u011f\u0131n\u0131z i\u00e7in hepinize ayr\u0131 ayr\u0131 te\u015fekk\u00fcr ediyorum&#8221; dedi.<\/p>\n<p>\u00d6nceki d\u00f6nem Toroslar Belediye Ba\u015fkan\u0131 ve Cumhur \u0130ttifak\u0131 B\u00fcy\u00fck\u015fehir Belediye Ba\u015fkan Aday\u0131 Hamit Tuna da kendisinden bayra\u011f\u0131 devralan Toroslar Belediye Ba\u015fkan\u0131 Ats\u0131z Af\u015f\u0131n Y\u0131lmaz&#8217;\u0131n sundu\u011fu hizmetlerle il\u00e7enin daha da g\u00fczel noktalara gelece\u011fine inand\u0131\u011f\u0131n\u0131 belirterek; &#8220;Toroslar\u0131m\u0131za \u00fc\u00e7 d\u00f6nem hizmet verdik. Her noktas\u0131nda ayak izlerimiz var. Bayra\u011f\u0131 Ats\u0131z Af\u015f\u0131n Y\u0131lmaz karde\u015fimize devir ettik. Toroslar\u0131m\u0131z\u0131 ald\u0131\u011f\u0131 yerden daha iyi noktalara g\u00f6t\u00fcrece\u011fine inan\u0131yoruz&#8221; ifadelerini kulland\u0131.<\/p>\n<p>Mersin&#8217;in en g\u00fczel hizmeti hak etti\u011fini dile getiren Tuna; &#8220;Muhalefet her zaman iktidar\u0131n do\u011fru \u00e7al\u0131\u015fmas\u0131na vesile olur. Biz sadece kuru muhalefet yapma anlam\u0131nda de\u011fil, do\u011fru yap\u0131lanlar\u0131 alk\u0131\u015flayan, yanl\u0131\u015flara set \u00e7eken ve bunun yanl\u0131\u015f oldu\u011funu her yerde s\u00f6yleyen yan\u0131m\u0131zla siyaset yap\u0131yoruz&#8221; \u015feklinde konu\u015ftu.<\/p>\n<p>&#8220;Vatanda\u015f\u0131m\u0131z\u0131n \u00d6nceli\u011fi Bizim \u00d6nceli\u011fimizdir&#8221;<\/p>\n<p>Toroslar Belediye Ba\u015fkan\u0131 Ats\u0131z Af\u015f\u0131n Y\u0131lmaz, g\u00f6n\u00fcl birlikteli\u011fi i\u00e7erisinde Toroslar&#8217;\u0131n bug\u00fcn\u00fcne ve yar\u0131nlar\u0131na de\u011fer katman\u0131n mutlulu\u011funu ya\u015fad\u0131klar\u0131n\u0131 belirterek; &#8220;Hem\u015fehrilerimizle dertle\u015fmek ve taleplerini dinlemek ad\u0131na mahalle ziyaretlerimize \u00f6nem veriyoruz&#8221; dedi.<\/p>\n<p>Belediyecilik hizmetlerini il\u00e7enin her noktas\u0131na ula\u015ft\u0131rd\u0131klar\u0131n\u0131, de\u011fi\u015fim ve geli\u015fimde s\u00fcreklili\u011fi yakalad\u0131klar\u0131n\u0131 kaydeden Ba\u015fkan Y\u0131lmaz; &#8220;D\u00fcnya farkl\u0131 bir d\u00f6nemden ge\u00e7iyor. \u0130ki senedir pandemiyle u\u011fra\u015f\u0131yoruz ve orman yang\u0131nlar\u0131m\u0131z oldu. Toroslar Belediyesi olarak dimdik ayaktay\u0131z. Birli\u011fimiz ve beraberli\u011fimiz daim olsun in\u015fallah. \u00dclkemiz, d\u00fcnyan\u0131n egemen g\u00fc\u00e7leri taraf\u0131ndan kendisine bi\u00e7ilen rol\u00fc kabul etmiyor, y\u0131rt\u0131p at\u0131yor ve k\u00fcresel g\u00fc\u00e7 olma yolunda emin ad\u0131mlarla ilerliyor. Biz de \u00fczerimize d\u00fc\u015feni hakk\u0131yla yerine getirme gayretindeyiz. G\u00f6reve geldi\u011fimiz g\u00fcnden beri asfalt, kilit parke yol ve kald\u0131r\u0131m \u00e7al\u0131\u015fmalar\u0131m\u0131za devam ediyoruz. Mahalle ziyaretlerimizde hem\u015fehrilerimizin taleplerini dinliyor, h\u0131zl\u0131 bir \u015fekilde yerine getiriyoruz. Sizler ve bizler var olduk\u00e7a daha iyisini arayaca\u011f\u0131z ve yapaca\u011f\u0131z. Hamit Tuna ba\u015fkan\u0131m\u0131zdan g\u00fczel bir Toroslar devir ald\u0131k. Daha da g\u00fczel hale getirmek i\u00e7in var g\u00fcc\u00fcm\u00fczle \u00e7al\u0131\u015f\u0131yoruz. Toroslar, potansiyeli y\u00fcksek, geli\u015fmeye a\u00e7\u0131k bir il\u00e7e. Potansiyeli kapasiteye, kapasiteyi performansa \u00e7evirmek bizim g\u00f6revimiz. \u0130l\u00e7emize olan ilgi ve talep her ge\u00e7en g\u00fcn daha da art\u0131yor. Bunda pandeminin ve yapt\u0131\u011f\u0131m\u0131z hizmetlerin de etkisi var. G\u00f6zne Mahallemize bir pazar yeri kazand\u0131raca\u011f\u0131z in\u015fallah. Ezberimiz yok. Vatanda\u015f\u0131m\u0131z\u0131n \u00f6nceli\u011fi, bizim \u00f6nceli\u011fimizdir. Bunun en \u00f6nemli g\u00f6stergesi pandemi s\u00fcrecini ya\u015fad\u0131\u011f\u0131m\u0131z son iki y\u0131l. Belediye olarak vatanda\u015f\u0131m\u0131z\u0131n yan\u0131nda olmak i\u00e7in her t\u00fcrl\u00fc hizmeti yapt\u0131k ve 17 g\u00fcnl\u00fck tam kapanma s\u00fcrecinde G\u00f6n\u00fcl Ba\u011f\u0131 Projemizi hayata ge\u00e7irdik. Belediyemizin i\u00e7erisindeki s\u00fcre\u00e7leri iyile\u015ftirme \u00e7al\u0131\u015fmalar\u0131m\u0131z var. Daha k\u0131sa s\u00fcrede, sizler i\u00e7in en iyisini yapmaya devam edece\u011fiz&#8221; \u015feklinde konu\u015ftu.<\/p>\n<p>Daha sonra s\u00f6z alan MHP Mersin Milletvekili Baki \u015eim\u015fek de Tarsus&#8217;tan Anamur&#8217;a Mersin&#8217;i kar\u0131\u015f kar\u0131\u015f gezdiklerini, hem\u015fehrilerinin her zaman yan\u0131nda olduklar\u0131n\u0131 dile getirerek; &#8220;Yaylalar\u0131m\u0131zdaki alt yap\u0131 \u00e7al\u0131\u015fmalar\u0131 tamamland\u0131\u011f\u0131nda Toroslar Belediye Ba\u015fkan\u0131m\u0131z Ats\u0131z Af\u015f\u0131n Y\u0131lmaz&#8217;\u0131n buradaki \u00fcst yap\u0131 \u00e7al\u0131\u015fmalar\u0131n\u0131 \u00e7ok g\u00fczel yapaca\u011f\u0131na \u015f\u00fcphemiz yok. Bug\u00fcne kadar yapt\u0131\u011f\u0131 hizmetlerle fazlas\u0131yla g\u00f6steriyor. Hamit Tuna ba\u015fkan\u0131m\u0131zdan devir ald\u0131\u011f\u0131 bayra\u011f\u0131 daha da yukar\u0131lara ta\u015f\u0131mak i\u00e7in m\u00fccadele ediyor. Milliyet\u00e7i Hareket Partisi olarak liderimiz, genel ba\u015fkan\u0131m\u0131z ve T\u00fcrkmen Beyimiz Say\u0131n Devlet Bah\u00e7eli&#8217;nin ortaya koydu\u011fu, &#8220;\u00d6nce \u00fclkem ve milletim, sonra partim ve ben&#8221; anlay\u0131\u015f\u0131yla \u00e7al\u0131\u015f\u0131yoruz. T\u00fcrkiye&#8217;nin \u015fartlar\u0131na g\u00f6re bu \u00fclkenin bir metrekare topra\u011f\u0131ndan, bir tane insan\u0131ndan vazge\u00e7meyiz&#8221; ifadelerini kulland\u0131.<\/p>\n","protected":false},"excerpt":{"rendered":"<p>Toroslar Belediye Ba\u015fkan\u0131 Ats\u0131z Af\u015f\u0131n Y\u0131lmaz, sosyal belediyecilikte olu\u015fturdu\u011fu &#8220;G\u00f6n\u00fcl Ba\u011f\u0131&#8221; Projesiyle T\u00fcrkiye&#8217;de \u00f6rnek olacak projelere imza atarken, mahalle ziyaretlerini de aral\u0131ks\u0131z s\u00fcrd\u00fcrerek \u00e7al\u0131nmad\u0131k kap\u0131, s\u0131k\u0131lmad\u0131k el b\u0131rakm\u0131yor. Ba\u015fkan Y\u0131lmaz, &hellip; <a href=\"https:\/\/akdenizolaygazetesi.com\/?p=13838\" class=\"more-link\">Devam\u0131n\u0131 Oku&#8230;<\/a><\/p>\n","protected":false},"author":2,"featured_media":13839,"comment_status":"open","ping_status":"open","sticky":false,"template":"","format":"standard","meta":[],"categories":[1,2,3,5],"tags":[],"_links":{"self":[{"href":"https:\/\/akdenizolaygazetesi.com\/index.php?rest_route=\/wp\/v2\/posts\/13838"}],"collection":[{"href":"https:\/\/akdenizolaygazetesi.com\/index.php?rest_route=\/wp\/v2\/posts"}],"about":[{"href":"https:\/\/akdenizolaygazetesi.com\/index.php?rest_route=\/wp\/v2\/types\/post"}],"author":[{"embeddable":true,"href":"https:\/\/akdenizolaygazetesi.com\/index.php?rest_route=\/wp\/v2\/users\/2"}],"replies":[{"embeddable":true,"href":"https:\/\/akdenizolaygazetesi.com\/index.php?rest_route=%2Fwp%2Fv2%2Fcomments&post=13838"}],"version-history":[{"count":1,"href":"https:\/\/akdenizolaygazetesi.com\/index.php?rest_route=\/wp\/v2\/posts\/13838\/revisions"}],"predecessor-version":[{"id":13840,"href":"https:\/\/akdenizolaygazetesi.com\/index.php?rest_route=\/wp\/v2\/posts\/13838\/revisions\/13840"}],"wp:featuredmedia":[{"embeddable":true,"href":"https:\/\/akdenizolaygazetesi.com\/index.php?rest_route=\/wp\/v2\/media\/13839"}],"wp:attachment":[{"href":"https:\/\/akdenizolaygazetesi.com\/index.php?rest_route=%2Fwp%2Fv2%2Fmedia&parent=13838"}],"wp:term":[{"taxonomy":"category","embeddable":true,"href":"https:\/\/akdenizolaygazetesi.com\/index.php?rest_route=%2Fwp%2Fv2%2Fcategories&post=13838"},{"taxonomy":"post_tag","embeddable":true,"href":"https:\/\/akdenizolaygazetesi.com\/index.php?rest_route=%2Fwp%2Fv2%2Ftags&post=13838"}],"curies":[{"name":"wp","href":"https:\/\/api.w.org\/{rel}","templated":true}]}}