{"id":13851,"date":"2021-08-24T12:58:54","date_gmt":"2021-08-24T09:58:54","guid":{"rendered":"http:\/\/akdenizolaygazetesi.com\/?p=13851"},"modified":"2021-08-24T12:58:54","modified_gmt":"2021-08-24T09:58:54","slug":"akdenizde-yaz-aksamlari-bir-baska","status":"publish","type":"post","link":"https:\/\/akdenizolaygazetesi.com\/?p=13851","title":{"rendered":"AKDEN\u0130Z&#8217;DE YAZ AK\u015eAMLARI B\u0130R BA\u015eKA"},"content":{"rendered":"<p>Akdeniz&#8217;de Yaz Ak\u015famlar\u0131 etkinlikleri kapsam\u0131nda Mersin Millet Bah\u00e7esi&#8217;nde d\u00fczenlenen Tamay \u00d6zaltun konseri renkli g\u00f6r\u00fcnt\u00fclere sahne oldu.<br \/>\nAkdeniz Belediyesi K\u00fclt\u00fcr ve Sosyal \u0130\u015fler M\u00fcd\u00fcrl\u00fc\u011f\u00fc&#8217;n\u00fcn &#8216;Akdeniz&#8217;de Yaz Ak\u015famlar\u0131 Bir Ba\u015fka Oluyor&#8217; slogan\u0131yla organize etti\u011fi Mersin Millet Bah\u00e7esi&#8217;ndeki etkinlikler h\u0131z kesmeden devam ediyor. Ge\u00e7ti\u011fimiz ak\u015fam Tamay \u00d6zaltun&#8217;un sahne ald\u0131\u011f\u0131 konser izleyicilerden tam not al\u0131rken, gen\u00e7 \u015fark\u0131c\u0131n\u0131n y\u00fcksek enerjisi ise dikkat \u00e7ekti.<br \/>\nYakla\u015f\u0131k 2 saat boyunca sahnede kalan Tamay \u00d6zaltun birbirinden g\u00fczel \u015fark\u0131lar\u0131yla muhte\u015fem bir performans sergilerken, \u015fark\u0131lara e\u015flik eden vatanda\u015flar ise g\u00f6n\u00fcllerince e\u011flendi. Akdeniz Belediyesi&#8217;nin yaz etkinliklerinde bulunmaktan dolay\u0131 olduk\u00e7a mutlu oldu\u011funu dile getiren \u00d6zaltun; &#8220;Son d\u00f6nemde keyif ald\u0131\u011f\u0131m en g\u00fczel konserlerden biri oldu. Bizleri destekleyen Say\u0131n Ba\u015fkan Mustafa G\u00fcltak&#8217;a ve t\u00fcm ekibine \u00e7ok te\u015fekk\u00fcr ediyorum. En yak\u0131n zamanda yeniden g\u00f6r\u00fc\u015fmeyi \u00e7ok isterim&#8221; dedi.<br \/>\nAkdeniz Belediyesi K\u00fclt\u00fcr ve Sosyal \u0130\u015fler M\u00fcd\u00fcrl\u00fc\u011f\u00fc, Akdeniz&#8217;de Yaz Ak\u015famlar\u0131 organizasyonu kapsam\u0131nda yazl\u0131k sinema g\u00f6sterimleri ve konserlerin devam edece\u011fini bildirirken, \u00e7ocuklar i\u00e7in de \u00e7e\u015fitli faaliyetlerin olaca\u011f\u0131 m\u00fcjdesini verdi. <\/p>\n","protected":false},"excerpt":{"rendered":"<p>Akdeniz&#8217;de Yaz Ak\u015famlar\u0131 etkinlikleri kapsam\u0131nda Mersin Millet Bah\u00e7esi&#8217;nde d\u00fczenlenen Tamay \u00d6zaltun konseri renkli g\u00f6r\u00fcnt\u00fclere sahne oldu. Akdeniz Belediyesi K\u00fclt\u00fcr ve Sosyal \u0130\u015fler M\u00fcd\u00fcrl\u00fc\u011f\u00fc&#8217;n\u00fcn &#8216;Akdeniz&#8217;de Yaz Ak\u015famlar\u0131 Bir Ba\u015fka Oluyor&#8217; slogan\u0131yla &hellip; <a href=\"https:\/\/akdenizolaygazetesi.com\/?p=13851\" class=\"more-link\">Devam\u0131n\u0131 Oku&#8230;<\/a><\/p>\n","protected":false},"author":2,"featured_media":13852,"comment_status":"open","ping_status":"open","sticky":false,"template":"","format":"standard","meta":[],"categories":[3,5],"tags":[],"_links":{"self":[{"href":"https:\/\/akdenizolaygazetesi.com\/index.php?rest_route=\/wp\/v2\/posts\/13851"}],"collection":[{"href":"https:\/\/akdenizolaygazetesi.com\/index.php?rest_route=\/wp\/v2\/posts"}],"about":[{"href":"https:\/\/akdenizolaygazetesi.com\/index.php?rest_route=\/wp\/v2\/types\/post"}],"author":[{"embeddable":true,"href":"https:\/\/akdenizolaygazetesi.com\/index.php?rest_route=\/wp\/v2\/users\/2"}],"replies":[{"embeddable":true,"href":"https:\/\/akdenizolaygazetesi.com\/index.php?rest_route=%2Fwp%2Fv2%2Fcomments&post=13851"}],"version-history":[{"count":1,"href":"https:\/\/akdenizolaygazetesi.com\/index.php?rest_route=\/wp\/v2\/posts\/13851\/revisions"}],"predecessor-version":[{"id":13853,"href":"https:\/\/akdenizolaygazetesi.com\/index.php?rest_route=\/wp\/v2\/posts\/13851\/revisions\/13853"}],"wp:featuredmedia":[{"embeddable":true,"href":"https:\/\/akdenizolaygazetesi.com\/index.php?rest_route=\/wp\/v2\/media\/13852"}],"wp:attachment":[{"href":"https:\/\/akdenizolaygazetesi.com\/index.php?rest_route=%2Fwp%2Fv2%2Fmedia&parent=13851"}],"wp:term":[{"taxonomy":"category","embeddable":true,"href":"https:\/\/akdenizolaygazetesi.com\/index.php?rest_route=%2Fwp%2Fv2%2Fcategories&post=13851"},{"taxonomy":"post_tag","embeddable":true,"href":"https:\/\/akdenizolaygazetesi.com\/index.php?rest_route=%2Fwp%2Fv2%2Ftags&post=13851"}],"curies":[{"name":"wp","href":"https:\/\/api.w.org\/{rel}","templated":true}]}}