{"id":13854,"date":"2021-08-24T13:00:46","date_gmt":"2021-08-24T10:00:46","guid":{"rendered":"http:\/\/akdenizolaygazetesi.com\/?p=13854"},"modified":"2021-08-24T13:00:46","modified_gmt":"2021-08-24T10:00:46","slug":"bu-bina-birlik-ve-beraberligin-en-guzel-timsali","status":"publish","type":"post","link":"https:\/\/akdenizolaygazetesi.com\/?p=13854","title":{"rendered":"&#8220;Bu Bina, Birlik ve Beraberli\u011fin En G\u00fczel Timsali&#8221;"},"content":{"rendered":"<p>Toroslar Belediye Ba\u015fkan\u0131 Ats\u0131z Af\u015f\u0131n Y\u0131lmaz, Alada\u011f Mahallesi&#8217;nde b\u00fcy\u00fck bir ihtiya\u00e7 olan \u00c7ok Ama\u00e7l\u0131 K\u00fclt\u00fcr Sanat ve Taziye Evi&#8217;nin a\u00e7\u0131l\u0131\u015f\u0131n\u0131 yapt\u0131.<\/p>\n<p>Tesisin yap\u0131m\u0131na katk\u0131da bulunan mahalle sakinlerine de te\u015fekk\u00fcr eden Ba\u015fkan Y\u0131lmaz; &#8220;Bizi biz yapan, bir arada tutan k\u00fclt\u00fcr\u00fcm\u00fczd\u00fcr. Allah birli\u011fimizi daim eylesin. Hay\u0131rl\u0131 u\u011furlu olsun&#8221; dedi.<\/p>\n<p>\u00c7ok Ama\u00e7l\u0131 K\u00fclt\u00fcr Sanat ve Taziye Evi, Alada\u011f Mahallesi&#8217;nde d\u00fczenlenen bir t\u00f6renle hizmete a\u00e7\u0131ld\u0131.<\/p>\n<p>Mahalle sakinlerinin yo\u011fun ilgi g\u00f6sterdi\u011fi a\u00e7\u0131l\u0131\u015fta Toroslar Belediye Ba\u015fkan\u0131 Ats\u0131z Af\u015f\u0131n Y\u0131lmaz, b\u00fcy\u00fck bir sevgiyle kar\u015f\u0131land\u0131.<\/p>\n<p>Sayg\u0131 duru\u015fu ve \u0130stiklal Mar\u015f\u0131&#8217;n\u0131n okunmas\u0131n\u0131n ard\u0131ndan ba\u015flayan program\u0131n a\u00e7\u0131l\u0131\u015f konu\u015fmas\u0131n\u0131 Alada\u011f Mahalle Muhtar\u0131 Ahmet Ertun\u00e7 yapt\u0131. Muhtar Ertun\u00e7, imece usul\u00fcyle mahalleye kazand\u0131r\u0131lan binan\u0131n yap\u0131m\u0131nda eme\u011fi ge\u00e7en Toroslar Belediye Ba\u015fkan\u0131 Ats\u0131z Af\u015f\u0131n Y\u0131lmaz&#8217;a te\u015fekk\u00fcr etti.<\/p>\n<p>Daha sonra s\u00f6z alan MHP Toroslar \u0130l\u00e7e Ba\u015fkan\u0131 H\u00fcsn\u00fc Do\u011fan da Alada\u011f Mahallesi&#8217;nde \u00c7ok Ama\u00e7l\u0131 K\u00fclt\u00fcr Sanat ve Taziye Evi&#8217;nin a\u00e7\u0131l\u0131\u015f\u0131n\u0131 yapman\u0131n mutlulu\u011funu ya\u015fad\u0131klar\u0131n\u0131 belirterek, binan\u0131n yap\u0131m\u0131na katk\u0131 sunan Ba\u015fkan Y\u0131lmaz&#8217;a ve t\u00fcm mahalle sakinlerine te\u015fekk\u00fcr etti.<\/p>\n<p>Cumhur \u0130ttifak\u0131 B\u00fcy\u00fck\u015fehir Belediye Ba\u015fkan Aday\u0131 Hamit Tuna da Alada\u011f Mahallesi&#8217;nde ya\u015fayanlar\u0131n birbirine \u00e7ok ba\u011fl\u0131 oldu\u011funu ve bununla da gurur duyduklar\u0131n\u0131 belirterek; &#8220;Hem\u015fehrilerimizin, \u00c7ok Ama\u00e7l\u0131 K\u00fclt\u00fcr Sanat ve Taziye Evi ile birbirlerine daha \u00e7ok yakla\u015facaklar\u0131na inan\u0131yorum. Tesisin yap\u0131m\u0131nda eme\u011fi ge\u00e7en Belediye Ba\u015fkan\u0131m\u0131z Ats\u0131z Af\u015f\u0131n Y\u0131lmaz&#8217;a ve hem\u015fehrilerimize te\u015fekk\u00fcr ederim. Hay\u0131rl\u0131 olsun&#8221; diye konu\u015ftu.<\/p>\n<p>&#8220;Bu Bina, Birlik ve Beraberli\u011fin En G\u00fczel Timsali&#8221;<\/p>\n<p>Toroslar&#8217;\u0131n t\u00fcm mahallelerinin en g\u00fczel hizmetlerle bulu\u015fmas\u0131n\u0131n \u00e7abas\u0131 i\u00e7erisinde olduklar\u0131n\u0131 belirten Toroslar Belediye Ba\u015fkan Ats\u0131z Af\u015f\u0131n Y\u0131lmaz; &#8220;Alada\u011f Mahallemizi her ziyaret etti\u011fimizde yeni projeler planl\u0131yor ve hedefliyoruz. \u00c7ok Ama\u00e7l\u0131 K\u00fclt\u00fcr Sanat ve Taziye Evi&#8217;nin birka\u00e7 a\u00e7\u0131dan \u00f6nemi var. Bu bina, Alada\u011f&#8217;da ya\u015fayan hem\u015fehrilerimizin ge\u00e7mi\u015fine sahip \u00e7\u0131kmas\u0131n\u0131n ve mahallemizdeki birlik ve beraberli\u011fin en g\u00fczel timsali. Belediyemiz ile vatanda\u015f\u0131m\u0131z\u0131n birlik ve beraberlik i\u00e7erisinde el ele, g\u00f6n\u00fcl g\u00f6n\u00fcle ortaya koydu\u011fu bir eser. Daha bir\u00e7ok \u00e7al\u0131\u015fmalar yapaca\u011f\u0131z in\u015fallah. Buras\u0131 hem taziye evi hem de k\u00fclt\u00fcr ve sanat etkinliklerinin yap\u0131laca\u011f\u0131 bir alan olarak kullan\u0131lacak. Teknik ve Mesleki E\u011fitim Kurslar\u0131m\u0131z da (TORTEK) bu binada yap\u0131lacak. Bir ve beraber olduk\u00e7a a\u015famayaca\u011f\u0131m\u0131z, yenemeyece\u011fimiz hi\u00e7bir s\u0131k\u0131nt\u0131 ve zorluk yok. Eme\u011fi ge\u00e7en herkese, muhtar\u0131m\u0131za te\u015fekk\u00fcr ediyorum. Hay\u0131rl\u0131 u\u011furlu olsun&#8221; \u015feklinde konu\u015ftu.<\/p>\n<p>MHP Mersin Milletvekili Baki \u015eim\u015fek de tesisin yap\u0131m\u0131na katk\u0131 sunan Ba\u015fkan Y\u0131lmaz&#8217;a ve mahalle sakinlerine te\u015fekk\u00fcr ederek, dayan\u0131\u015fman\u0131n ve payla\u015fman\u0131n \u00f6nemine de\u011findi. Milletvekili \u015eim\u015fek; &#8220;B\u00fcy\u00fck T\u00fcrk Milleti, bu co\u011frafyada ya\u015fayan 85 milyon insan\u0131yla, inanc\u0131 ve k\u00f6keni ne olursa olsun bir ve beraber olacak.  Milletimiz, gelecek as\u0131rlara da b\u00f6yle devam edecek&#8221; ifadelerini kulland\u0131.<\/p>\n<p>Konu\u015fmalar\u0131n ard\u0131ndan Alada\u011f Mahallesine kazand\u0131r\u0131lan \u00c7ok Ama\u00e7l\u0131 K\u00fclt\u00fcr Sanat ve Taziye Evi&#8217;nin a\u00e7\u0131l\u0131\u015f\u0131 yap\u0131ld\u0131. Ba\u015fkan Y\u0131lmaz, protokol \u00fcyeleri ile birlikte tesisi gezerek hem\u015fehrileriyle sohbet etti.<\/p>\n","protected":false},"excerpt":{"rendered":"<p>Toroslar Belediye Ba\u015fkan\u0131 Ats\u0131z Af\u015f\u0131n Y\u0131lmaz, Alada\u011f Mahallesi&#8217;nde b\u00fcy\u00fck bir ihtiya\u00e7 olan \u00c7ok Ama\u00e7l\u0131 K\u00fclt\u00fcr Sanat ve Taziye Evi&#8217;nin a\u00e7\u0131l\u0131\u015f\u0131n\u0131 yapt\u0131. Tesisin yap\u0131m\u0131na katk\u0131da bulunan mahalle sakinlerine de te\u015fekk\u00fcr eden &hellip; <a href=\"https:\/\/akdenizolaygazetesi.com\/?p=13854\" class=\"more-link\">Devam\u0131n\u0131 Oku&#8230;<\/a><\/p>\n","protected":false},"author":2,"featured_media":13855,"comment_status":"open","ping_status":"open","sticky":false,"template":"","format":"standard","meta":[],"categories":[2,3,5],"tags":[],"_links":{"self":[{"href":"https:\/\/akdenizolaygazetesi.com\/index.php?rest_route=\/wp\/v2\/posts\/13854"}],"collection":[{"href":"https:\/\/akdenizolaygazetesi.com\/index.php?rest_route=\/wp\/v2\/posts"}],"about":[{"href":"https:\/\/akdenizolaygazetesi.com\/index.php?rest_route=\/wp\/v2\/types\/post"}],"author":[{"embeddable":true,"href":"https:\/\/akdenizolaygazetesi.com\/index.php?rest_route=\/wp\/v2\/users\/2"}],"replies":[{"embeddable":true,"href":"https:\/\/akdenizolaygazetesi.com\/index.php?rest_route=%2Fwp%2Fv2%2Fcomments&post=13854"}],"version-history":[{"count":1,"href":"https:\/\/akdenizolaygazetesi.com\/index.php?rest_route=\/wp\/v2\/posts\/13854\/revisions"}],"predecessor-version":[{"id":13856,"href":"https:\/\/akdenizolaygazetesi.com\/index.php?rest_route=\/wp\/v2\/posts\/13854\/revisions\/13856"}],"wp:featuredmedia":[{"embeddable":true,"href":"https:\/\/akdenizolaygazetesi.com\/index.php?rest_route=\/wp\/v2\/media\/13855"}],"wp:attachment":[{"href":"https:\/\/akdenizolaygazetesi.com\/index.php?rest_route=%2Fwp%2Fv2%2Fmedia&parent=13854"}],"wp:term":[{"taxonomy":"category","embeddable":true,"href":"https:\/\/akdenizolaygazetesi.com\/index.php?rest_route=%2Fwp%2Fv2%2Fcategories&post=13854"},{"taxonomy":"post_tag","embeddable":true,"href":"https:\/\/akdenizolaygazetesi.com\/index.php?rest_route=%2Fwp%2Fv2%2Ftags&post=13854"}],"curies":[{"name":"wp","href":"https:\/\/api.w.org\/{rel}","templated":true}]}}