{"id":1386,"date":"2020-11-04T18:21:57","date_gmt":"2020-11-04T15:21:57","guid":{"rendered":"http:\/\/mersinekonomipolitikagazetesi.com\/?p=1386"},"modified":"2020-11-04T18:21:57","modified_gmt":"2020-11-04T15:21:57","slug":"turkiye-sampiyonu-ogrenciler-odullendirildi","status":"publish","type":"post","link":"https:\/\/akdenizolaygazetesi.com\/?p=1386","title":{"rendered":"T\u00fcrkiye \u015fampiyonu \u00f6\u011frenciler \u00f6d\u00fcllendirildi"},"content":{"rendered":"<p>Antalya\u2019da d\u00fczenlenen Bilim ve Sanat Merkezleri Festivali&#8217;nde &#8216;Bilrotek S\u00fcrpriz G\u00f6rev\u2019 dal\u0131nda T\u00fcrkiye \u015eampiyonu olan Mersin&#8217;in Tarsus Hadiye Kuradac\u0131 Bilim ve Sanat Merkezi \u00f6\u011frencilerine \u00f6d\u00fclleri verildi.<\/p>\n<p>Hadiye Kuradac\u0131 Bilim ve Sanat Merkezi&#8217;nde ger\u00e7ekle\u015ftirilen \u00f6d\u00fcl t\u00f6reninde konu\u015fan \u0130l\u00e7e Milli E\u011fitim M\u00fcd\u00fcr\u00fc Mehmet Kalayc\u0131, T\u00fcrkiye\u2019de bulunan 110 bilim ve sanat merkezi aras\u0131nda T\u00fcrkiye \u015fampiyonu olan Tarsus Hadiye Kuradac\u0131 Bilim ve Sanat Merkezi \u00f6\u011frencilerini tebrik etti.<br \/>\nGelecek y\u0131l \u00f6\u011frencilerinin ba\u015far\u0131lar\u0131n\u0131 daha \u00fcst seviyeye ta\u015f\u0131yarak, Avrupa ve d\u00fcnya \u00e7ap\u0131nda bir sonu\u00e7 beklediklerinin s\u00f6yleyen M\u00fcd\u00fcr Kalayc\u0131, Tarsus isminin bu y\u00f6nde an\u0131lmas\u0131 i\u00e7in gayretlerinin devam edece\u011fine vurgu yapt\u0131.<br \/>\nTarsus Kaymakam\u0131 Y\u00fcksel \u00dcnal ise, \u00f6\u011frencilerin ba\u015far\u0131lar\u0131n\u0131 kutlad\u0131. \u0130man etmenin beraberinde ba\u015far\u0131y\u0131 getirdi\u011finin belirten Kaymakam \u00dcnal, \u00e7ocuklu\u011funda ya\u015fad\u0131klar\u0131ndan \u00f6rnekler vererek, \u00f6\u011frencilere hayallerinin pe\u015finden gitmelerini istedi.<br \/>\nYap\u0131lan konu\u015fmalar\u0131n\u0131n ard\u0131ndan T\u00fcrkiye \u015eampiyonu olan Melih Kerem Bor\u00e7aktepe ve Berkay Kolay\u2019a, okul m\u00fcd\u00fcr\u00fc Erhan \u00c7elik, H\u00fcseyin G\u00fcrel, Kevkeb \u015eahin adl\u0131 \u00f6\u011fretmenlere plaketleri verilirken, projede eme\u011fi olan di\u011fer \u00f6\u011frencilere ise ba\u015far\u0131 belgesi verildi.<\/p>\n","protected":false},"excerpt":{"rendered":"<p>Antalya\u2019da d\u00fczenlenen Bilim ve Sanat Merkezleri Festivali&#8217;nde &#8216;Bilrotek S\u00fcrpriz G\u00f6rev\u2019 dal\u0131nda T\u00fcrkiye \u015eampiyonu olan Mersin&#8217;in Tarsus Hadiye Kuradac\u0131 Bilim ve Sanat Merkezi \u00f6\u011frencilerine \u00f6d\u00fclleri verildi. Hadiye Kuradac\u0131 Bilim ve Sanat &hellip; <a href=\"https:\/\/akdenizolaygazetesi.com\/?p=1386\" class=\"more-link\">Devam\u0131n\u0131 Oku&#8230;<\/a><\/p>\n","protected":false},"author":1,"featured_media":0,"comment_status":"open","ping_status":"open","sticky":false,"template":"","format":"standard","meta":[],"categories":[],"tags":[],"_links":{"self":[{"href":"https:\/\/akdenizolaygazetesi.com\/index.php?rest_route=\/wp\/v2\/posts\/1386"}],"collection":[{"href":"https:\/\/akdenizolaygazetesi.com\/index.php?rest_route=\/wp\/v2\/posts"}],"about":[{"href":"https:\/\/akdenizolaygazetesi.com\/index.php?rest_route=\/wp\/v2\/types\/post"}],"author":[{"embeddable":true,"href":"https:\/\/akdenizolaygazetesi.com\/index.php?rest_route=\/wp\/v2\/users\/1"}],"replies":[{"embeddable":true,"href":"https:\/\/akdenizolaygazetesi.com\/index.php?rest_route=%2Fwp%2Fv2%2Fcomments&post=1386"}],"version-history":[{"count":0,"href":"https:\/\/akdenizolaygazetesi.com\/index.php?rest_route=\/wp\/v2\/posts\/1386\/revisions"}],"wp:attachment":[{"href":"https:\/\/akdenizolaygazetesi.com\/index.php?rest_route=%2Fwp%2Fv2%2Fmedia&parent=1386"}],"wp:term":[{"taxonomy":"category","embeddable":true,"href":"https:\/\/akdenizolaygazetesi.com\/index.php?rest_route=%2Fwp%2Fv2%2Fcategories&post=1386"},{"taxonomy":"post_tag","embeddable":true,"href":"https:\/\/akdenizolaygazetesi.com\/index.php?rest_route=%2Fwp%2Fv2%2Ftags&post=1386"}],"curies":[{"name":"wp","href":"https:\/\/api.w.org\/{rel}","templated":true}]}}