{"id":13863,"date":"2021-08-25T13:06:34","date_gmt":"2021-08-25T10:06:34","guid":{"rendered":"http:\/\/akdenizolaygazetesi.com\/?p=13863"},"modified":"2021-08-25T13:06:34","modified_gmt":"2021-08-25T10:06:34","slug":"akdenizde-hem-konser-hem-sinema-keyfi","status":"publish","type":"post","link":"https:\/\/akdenizolaygazetesi.com\/?p=13863","title":{"rendered":"AKDEN\u0130Z&#8217;DE HEM KONSER HEM S\u0130NEMA KEYF\u0130"},"content":{"rendered":"<p>Akdeniz&#8217;de Yaz Ak\u015famlar\u0131 etkinlikleri kapsam\u0131nda Mersin Millet Bah\u00e7esi&#8217;nde Naciye \u00c7akmak konseri ve &#8216;Sen Kiminle Dans Ediyorsun&#8217; sinema filminin g\u00f6sterimi yap\u0131ld\u0131.<br \/>\nAkdeniz Belediyesi K\u00fclt\u00fcr ve Sosyal \u0130\u015fler M\u00fcd\u00fcrl\u00fc\u011f\u00fc&#8217;n\u00fcn organize etti\u011fi Mersin Millet Bah\u00e7esi&#8217;ndeki etkinliklere ara vermeden devam ediliyor. Ge\u00e7ti\u011fimiz ak\u015fam Naciye \u00c7akmak&#8217;\u0131n birbirinden g\u00fczel \u015fark\u0131lar\u0131yla e\u011flenen vatanda\u015flar, konser sonras\u0131 &#8216;Sen Kiminle Dans Ediyorsun&#8217; sinema filmi ile keyifli vakit ge\u00e7irdi.<br \/>\nVatanda\u015flardan ald\u0131\u011f\u0131 yo\u011fun \u0131srar \u00fczerine uzun bir s\u00fcre sahnede kalan Naciye \u00c7akmak, &#8220;Akdeniz Belediyesi k\u00fclt\u00fcr sanat etkinlikleri kapsam\u0131nda \u00e7ok \u00e7e\u015fitli etkinlikler yapmaya devam ediyor. Sanata ve sanat\u00e7\u0131ya verilen de\u011ferden \u00f6t\u00fcr\u00fc Ba\u015fkan Mustafa G\u00fcltak&#8217;\u0131n bu tutumunu \u00e7ok \u00f6nemsiyorum. \u00c7ok keyifli bir atmosferde konser verdik. Umuyorum ki bundan sonraki s\u00fcre\u00e7te de bu tarz k\u00fclt\u00fcr sanat faaliyetlerinde bulu\u015furuz&#8221; diye konu\u015ftu.<br \/>\nAkdeniz&#8217;de Yaz Ak\u015famlar\u0131 etkinlikleri kapsam\u0131nda K\u00fclt\u00fcr ve Sosyal \u0130\u015fler M\u00fcd\u00fcrl\u00fc\u011f\u00fc, taraf\u0131ndan verilen bilgiye g\u00f6re, 26 A\u011fustos Per\u015fembe g\u00fcn\u00fc saat 19:30&#8217;da Mersin Millet Bah\u00e7esi&#8217;nde Grup Cosmos konseri ile \u00e7ocuklar i\u00e7in \u00e7e\u015fitli faaliyetler ger\u00e7ekle\u015ftirilecekken, 27 A\u011fustos Cuma g\u00fcn\u00fc saat 20:30&#8217;da Mersin Millet Bah\u00e7esi&#8217;nde Bizim \u0130\u00e7in \u015eampiyon filmi, 30 A\u011fustos Pazartesi g\u00fcn\u00fc saat 19:30&#8217;da Adanal\u0131o\u011flu Re\u015fit Can \u0130lk\u00f6\u011fretim Okulu&#8217;nda Kibrit Kutusu m\u00fczik grubu ile G\u00fcne\u015f Korosu&#8217;nun dinletisinin olaca\u011f\u0131 bildirildi. <\/p>\n","protected":false},"excerpt":{"rendered":"<p>Akdeniz&#8217;de Yaz Ak\u015famlar\u0131 etkinlikleri kapsam\u0131nda Mersin Millet Bah\u00e7esi&#8217;nde Naciye \u00c7akmak konseri ve &#8216;Sen Kiminle Dans Ediyorsun&#8217; sinema filminin g\u00f6sterimi yap\u0131ld\u0131. Akdeniz Belediyesi K\u00fclt\u00fcr ve Sosyal \u0130\u015fler M\u00fcd\u00fcrl\u00fc\u011f\u00fc&#8217;n\u00fcn organize etti\u011fi Mersin &hellip; <a href=\"https:\/\/akdenizolaygazetesi.com\/?p=13863\" class=\"more-link\">Devam\u0131n\u0131 Oku&#8230;<\/a><\/p>\n","protected":false},"author":2,"featured_media":13864,"comment_status":"open","ping_status":"open","sticky":false,"template":"","format":"standard","meta":[],"categories":[3,5],"tags":[],"_links":{"self":[{"href":"https:\/\/akdenizolaygazetesi.com\/index.php?rest_route=\/wp\/v2\/posts\/13863"}],"collection":[{"href":"https:\/\/akdenizolaygazetesi.com\/index.php?rest_route=\/wp\/v2\/posts"}],"about":[{"href":"https:\/\/akdenizolaygazetesi.com\/index.php?rest_route=\/wp\/v2\/types\/post"}],"author":[{"embeddable":true,"href":"https:\/\/akdenizolaygazetesi.com\/index.php?rest_route=\/wp\/v2\/users\/2"}],"replies":[{"embeddable":true,"href":"https:\/\/akdenizolaygazetesi.com\/index.php?rest_route=%2Fwp%2Fv2%2Fcomments&post=13863"}],"version-history":[{"count":1,"href":"https:\/\/akdenizolaygazetesi.com\/index.php?rest_route=\/wp\/v2\/posts\/13863\/revisions"}],"predecessor-version":[{"id":13865,"href":"https:\/\/akdenizolaygazetesi.com\/index.php?rest_route=\/wp\/v2\/posts\/13863\/revisions\/13865"}],"wp:featuredmedia":[{"embeddable":true,"href":"https:\/\/akdenizolaygazetesi.com\/index.php?rest_route=\/wp\/v2\/media\/13864"}],"wp:attachment":[{"href":"https:\/\/akdenizolaygazetesi.com\/index.php?rest_route=%2Fwp%2Fv2%2Fmedia&parent=13863"}],"wp:term":[{"taxonomy":"category","embeddable":true,"href":"https:\/\/akdenizolaygazetesi.com\/index.php?rest_route=%2Fwp%2Fv2%2Fcategories&post=13863"},{"taxonomy":"post_tag","embeddable":true,"href":"https:\/\/akdenizolaygazetesi.com\/index.php?rest_route=%2Fwp%2Fv2%2Ftags&post=13863"}],"curies":[{"name":"wp","href":"https:\/\/api.w.org\/{rel}","templated":true}]}}