{"id":1387,"date":"2020-11-04T18:21:57","date_gmt":"2020-11-04T15:21:57","guid":{"rendered":"http:\/\/mersinekonomipolitikagazetesi.com\/?p=1387"},"modified":"2020-11-04T18:21:57","modified_gmt":"2020-11-04T15:21:57","slug":"mersinde-trafik-kazasi-1i-agir-3-yarali","status":"publish","type":"post","link":"https:\/\/akdenizolaygazetesi.com\/?p=1387","title":{"rendered":"Mersin&#8217;de trafik kazas\u0131: 1&#8217;i a\u011f\u0131r 3 yaral\u0131"},"content":{"rendered":"<p>Mersinin Erdemli il\u00e7esinde meydana gelen trafik kazas\u0131nda 1&#8217;i a\u011f\u0131r 3 ki\u015fi yaraland\u0131. &#8216;\u00c7ok say\u0131da yaral\u0131 var&#8217; ihbar\u0131 \u00fczerine dakikalar i\u00e7inde kaza yerine 3 ambulans geldi.<\/p>\n<p>Edinilen bilgiye g\u00f6re, kaza, il\u00e7e merkezinde, \u00e7evreyolu ile T\u00fcrbe Caddesi&#8217;nin birle\u015fti\u011fi \u0131\u015f\u0131kl\u0131 kav\u015fakta meydana geldi. Kav\u015fakta d\u00f6n\u00fc\u015f yapt\u0131\u011f\u0131 belirtilen Mehmet \u015e\u00fckr\u00fc \u00c7elebi y\u00f6netimindeki 34 AY 5946 plakal\u0131 otomobil ile kav\u015fa\u011fa giren Harun Y\u0131ld\u0131z y\u00f6netimindeki 33 AP 164 plakal\u0131 motosiklet \u00e7arp\u0131\u015ft\u0131. Kazada otomobilin \u00f6n cam\u0131na \u00e7arpan motosiklet s\u00fcr\u00fcc\u00fcs\u00fc a\u011f\u0131r yaraland\u0131.<br \/>\nKaza sonras\u0131 &#8216;\u00e7ok say\u0131da yaral\u0131 var&#8217; ihbar\u0131 \u00fczerine olay yerine 3 ambulans geldi. V\u00fccudunda ve kafas\u0131nda kesikler bulunan, baca\u011f\u0131 ve omzu k\u0131r\u0131lan motosiklet s\u00fcr\u00fcc\u00fcs\u00fc ambulanslardan biriyle Mersin \u015eehir Hastanesi&#8217;ne sevk edildi. Hafif yaral\u0131 otomobil s\u00fcr\u00fcc\u00fcs\u00fc Mehmet \u015e\u00fckr\u00fc \u00c7elebi ve otomobilde bulunan Lamia \u00c7elebi ise Erdemli Devlet Hastanesi&#8217;ne kald\u0131r\u0131ld\u0131.<br \/>\nKaza ile ilgili soru\u015fturma s\u00fcr\u00fcyor.<\/p>\n","protected":false},"excerpt":{"rendered":"<p>Mersinin Erdemli il\u00e7esinde meydana gelen trafik kazas\u0131nda 1&#8217;i a\u011f\u0131r 3 ki\u015fi yaraland\u0131. &#8216;\u00c7ok say\u0131da yaral\u0131 var&#8217; ihbar\u0131 \u00fczerine dakikalar i\u00e7inde kaza yerine 3 ambulans geldi. Edinilen bilgiye g\u00f6re, kaza, il\u00e7e &hellip; <a href=\"https:\/\/akdenizolaygazetesi.com\/?p=1387\" class=\"more-link\">Devam\u0131n\u0131 Oku&#8230;<\/a><\/p>\n","protected":false},"author":1,"featured_media":0,"comment_status":"open","ping_status":"open","sticky":false,"template":"","format":"standard","meta":[],"categories":[],"tags":[],"_links":{"self":[{"href":"https:\/\/akdenizolaygazetesi.com\/index.php?rest_route=\/wp\/v2\/posts\/1387"}],"collection":[{"href":"https:\/\/akdenizolaygazetesi.com\/index.php?rest_route=\/wp\/v2\/posts"}],"about":[{"href":"https:\/\/akdenizolaygazetesi.com\/index.php?rest_route=\/wp\/v2\/types\/post"}],"author":[{"embeddable":true,"href":"https:\/\/akdenizolaygazetesi.com\/index.php?rest_route=\/wp\/v2\/users\/1"}],"replies":[{"embeddable":true,"href":"https:\/\/akdenizolaygazetesi.com\/index.php?rest_route=%2Fwp%2Fv2%2Fcomments&post=1387"}],"version-history":[{"count":0,"href":"https:\/\/akdenizolaygazetesi.com\/index.php?rest_route=\/wp\/v2\/posts\/1387\/revisions"}],"wp:attachment":[{"href":"https:\/\/akdenizolaygazetesi.com\/index.php?rest_route=%2Fwp%2Fv2%2Fmedia&parent=1387"}],"wp:term":[{"taxonomy":"category","embeddable":true,"href":"https:\/\/akdenizolaygazetesi.com\/index.php?rest_route=%2Fwp%2Fv2%2Fcategories&post=1387"},{"taxonomy":"post_tag","embeddable":true,"href":"https:\/\/akdenizolaygazetesi.com\/index.php?rest_route=%2Fwp%2Fv2%2Ftags&post=1387"}],"curies":[{"name":"wp","href":"https:\/\/api.w.org\/{rel}","templated":true}]}}