{"id":13873,"date":"2021-08-26T11:05:21","date_gmt":"2021-08-26T08:05:21","guid":{"rendered":"http:\/\/akdenizolaygazetesi.com\/?p=13873"},"modified":"2021-08-26T11:05:21","modified_gmt":"2021-08-26T08:05:21","slug":"kentin-sorunlari-yillarca-halinin-altina-supurulmus","status":"publish","type":"post","link":"https:\/\/akdenizolaygazetesi.com\/?p=13873","title":{"rendered":"\u201cKentin sorunlar\u0131, y\u0131llarca hal\u0131n\u0131n alt\u0131na s\u00fcp\u00fcr\u00fclm\u00fc\u015f\u201d"},"content":{"rendered":"<p>Akdeniz Belediye Ba\u015fkan\u0131 M. Mustafa G\u00fcltak, Ye\u015fil\u00e7imen Mahallesi\u2019ni ziyaret ederek, hem belediyenin il\u00e7eye kazand\u0131rd\u0131\u011f\u0131 ve yak\u0131n zamanda kazand\u0131raca\u011f\u0131 hizmet, proje ve \u00e7al\u0131\u015fmalar\u0131 anlatt\u0131, hem de vatanda\u015flar\u0131n taleplerini dinledi.<br \/>\nMahalle ziyaretine, AK Parti Akdeniz \u0130l\u00e7e Ba\u015fkan\u0131 Emin Gen\u00e7, Ba\u015fkan Yard\u0131mc\u0131lar\u0131, Meclis \u00fcyeleri ve birim m\u00fcd\u00fcrlerinin yan\u0131 s\u0131ra, Mersin Pazarc\u0131lar Esnaf Odas\u0131 Ba\u015fkan\u0131 Abdulhalim Batur, Ye\u015fil\u00e7imen Mahalle Muhtar\u0131 Cemal Ak\u00e7ay ile \u00d6zg\u00fcrl\u00fck Mahallesi Muhtar\u0131 \u00d6mer Erguvan da kat\u0131ld\u0131. Konu\u015fmas\u0131na; T\u0131rm\u0131l Tepe Spor Kompleksi hakk\u0131nda bilgi vererek ba\u015flayan Ba\u015fkan Mustafa G\u00fcltak; Gen\u00e7lik ve Spor Bakan\u0131 Mehmet Kasapo\u011flu\u2019nun; Eyl\u00fcl ay\u0131nda kente gelece\u011fini belirterek, \u201cBu b\u00f6lgemize bir\u00e7ok farkl\u0131 spor kompleksi kazand\u0131rmay\u0131 d\u00fc\u015f\u00fcn\u00fcyoruz. \u00c7ocuklar\u0131m\u0131z, gen\u00e7lerimiz ve her ya\u015ftan insan\u0131m\u0131z\u0131n spor yapabilece\u011fi, macera parklar\u0131 olan 38 d\u00f6n\u00fcml\u00fck \u00e7ok geni\u015f bir alan planl\u0131yoruz\u201d dedi.<br \/>\nMersin Millet Bah\u00e7esi\u2019nin de bitti\u011fini kaydeden Ba\u015fkan G\u00fcltak, burada \u00fccretsiz yaz konserleri ve a\u00e7\u0131k hava sinema g\u00f6sterimleri d\u00fczenlediklerini s\u00f6yledi; dileyen mahalle sakinlerinin, belediyeye ait servis ara\u00e7lar\u0131yla bu etkinliklere kat\u0131labileceklerini ifade etti.<br \/>\n\u201cKentin sorunlar\u0131, y\u0131llarca hal\u0131n\u0131n alt\u0131na s\u00fcp\u00fcr\u00fclm\u00fc\u015f\u201d<br \/>\nS\u00f6zlerini; \u201cAkdeniz de\u011fi\u015fiyor ve g\u00fczelle\u015fiyor\u201d diyerek s\u00fcrd\u00fcren Ba\u015fkan Mustafa G\u00fcltak, \u00c7ay Mahallesinde y\u00fckselen TOK\u0130 konutlar\u0131n\u0131n bitme a\u015famas\u0131na geldi\u011fini belirterek \u015f\u00f6yle konu\u015ftu; \u201c\u015eu an mahalle sakinleri ile g\u00f6r\u00fc\u015f\u00fcyoruz. Mahallede bin 400\u2019e yak\u0131n konut sahibi var hepsiyle g\u00f6r\u00fc\u015fmeler neredeyse bitti, yak\u0131nda masaya oturaca\u011f\u0131z. \u0130n\u015fallah orada daha ya\u015fan\u0131l\u0131r mek\u00e2nlar a\u00e7\u0131yoruz. Tabi buran\u0131n bir \u00f6zelli\u011fi de \u00f6nceli\u011fin \u00c7ay Mahallesi sakinlerinde olmas\u0131d\u0131r. Ne K\u00fcrt, ne Arap ne de di\u011fer karde\u015flerimizin kaderi de\u011fildir bu \u015fekilde ya\u015famak. Vatanda\u015flar\u0131m\u0131z\u0131n sorunlar\u0131n\u0131 \u00e7\u00f6zme noktas\u0131nda onlar\u0131n da r\u0131zas\u0131n\u0131 kazanarak \u015fehri de\u011fi\u015ftirmeyi ama\u00e7l\u0131yoruz. Y\u0131llarca bu \u015fehrin sorunlar\u0131 hal\u0131n\u0131n alt\u0131na s\u00fcp\u00fcr\u00fclm\u00fc\u015f. Bak\u0131n Ye\u015fil\u00e7imen Mahallesi; sanayi tesislerinin ortas\u0131nda kalan bir mahalle olarak ortaya \u00e7\u0131km\u0131\u015f. Bu b\u00f6yle olmamal\u0131, sanayi ba\u015fka yerde, mahalle ba\u015fka yerde olmal\u0131.\u201d<br \/>\n\u201c\u0130nsanca ya\u015famak i\u00e7in elbirli\u011fiyle \u015fehri de\u011fi\u015ftirmeliyiz\u201d<br \/>\nMersin\u2019in, 3 ana sorununun \u2018imar, \u00e7arp\u0131k yap\u0131la\u015fma ve ula\u015f\u0131m\u2019 oldu\u011funun alt\u0131n\u0131 \u00e7izen Ba\u015fkan G\u00fcltak; \u201cBu \u00fc\u00e7 sorunu \u00e7\u00f6zmedik\u00e7e insanlar\u0131m\u0131z\u0131n mutlu olma \u015fans\u0131 yok. \u015eehrimizi yeniden yap\u0131land\u0131rmal\u0131y\u0131z. \u0130\u015fte \u00c7ay Mahallesi Yerinde Kentsel D\u00f6n\u00fc\u015f\u00fcm Projesi de yeniden yap\u0131land\u0131rman\u0131n en g\u00fczel \u00f6rneklerinden biridir. Nitekim bu ay\u0131n sonunda Bar\u0131\u015f Mahallesi ile ilgili de TOK\u0130 ihaleye \u00e7\u0131k\u0131yor. Orada da 400&#8217;\u00fcn \u00fcst\u00fcnde konut yapaca\u011f\u0131z. O b\u00f6lgemiz de tamamen de\u011fi\u015fip yenilenecek. Ancak bu \u015fekilde insanlar\u0131m\u0131z kent ya\u015fam\u0131n\u0131n sa\u011flad\u0131\u011f\u0131 her t\u00fcrl\u00fc konfor, rahatl\u0131k ve nimetten faydalanabilir. Vatanda\u015flar\u0131m\u0131z bizden park istiyor ye\u015fil alan veya al\u0131\u015fveri\u015f yapabilecekleri kapal\u0131 pazar yerleri istiyor ancak yer yok. En son Karacailyas\u2019ta bir yer bulduk ve kapal\u0131 pazaryerini insanlar\u0131m\u0131za kazand\u0131rd\u0131k. Yeniden yap\u0131lanma ve de\u011fi\u015fim hamlesi ile t\u00fcm bunlar da m\u00fcmk\u00fcn olabilecek. Dolay\u0131s\u0131yla bu \u015fehirde insanca ya\u015famak i\u00e7in bu \u015fehri el birli\u011fi ile de\u011fi\u015ftirmemiz gerekiyor\u201d \u015feklinde konu\u015ftu.<br \/>\nKonu\u015fmas\u0131n\u0131n devam\u0131nda Ba\u015fkan G\u00fcltak, Ye\u015fil\u00e7imen Mahallesi sakinleri ve esnaf\u0131n\u0131n talep ve \u00f6nerilerini dinleyerek; \u00e7e\u015fitli konulardaki sorular\u0131 da yan\u0131tlad\u0131.<\/p>\n","protected":false},"excerpt":{"rendered":"<p>Akdeniz Belediye Ba\u015fkan\u0131 M. Mustafa G\u00fcltak, Ye\u015fil\u00e7imen Mahallesi\u2019ni ziyaret ederek, hem belediyenin il\u00e7eye kazand\u0131rd\u0131\u011f\u0131 ve yak\u0131n zamanda kazand\u0131raca\u011f\u0131 hizmet, proje ve \u00e7al\u0131\u015fmalar\u0131 anlatt\u0131, hem de vatanda\u015flar\u0131n taleplerini dinledi. Mahalle ziyaretine, &hellip; <a href=\"https:\/\/akdenizolaygazetesi.com\/?p=13873\" class=\"more-link\">Devam\u0131n\u0131 Oku&#8230;<\/a><\/p>\n","protected":false},"author":2,"featured_media":13874,"comment_status":"open","ping_status":"open","sticky":false,"template":"","format":"standard","meta":[],"categories":[3,5],"tags":[],"_links":{"self":[{"href":"https:\/\/akdenizolaygazetesi.com\/index.php?rest_route=\/wp\/v2\/posts\/13873"}],"collection":[{"href":"https:\/\/akdenizolaygazetesi.com\/index.php?rest_route=\/wp\/v2\/posts"}],"about":[{"href":"https:\/\/akdenizolaygazetesi.com\/index.php?rest_route=\/wp\/v2\/types\/post"}],"author":[{"embeddable":true,"href":"https:\/\/akdenizolaygazetesi.com\/index.php?rest_route=\/wp\/v2\/users\/2"}],"replies":[{"embeddable":true,"href":"https:\/\/akdenizolaygazetesi.com\/index.php?rest_route=%2Fwp%2Fv2%2Fcomments&post=13873"}],"version-history":[{"count":1,"href":"https:\/\/akdenizolaygazetesi.com\/index.php?rest_route=\/wp\/v2\/posts\/13873\/revisions"}],"predecessor-version":[{"id":13875,"href":"https:\/\/akdenizolaygazetesi.com\/index.php?rest_route=\/wp\/v2\/posts\/13873\/revisions\/13875"}],"wp:featuredmedia":[{"embeddable":true,"href":"https:\/\/akdenizolaygazetesi.com\/index.php?rest_route=\/wp\/v2\/media\/13874"}],"wp:attachment":[{"href":"https:\/\/akdenizolaygazetesi.com\/index.php?rest_route=%2Fwp%2Fv2%2Fmedia&parent=13873"}],"wp:term":[{"taxonomy":"category","embeddable":true,"href":"https:\/\/akdenizolaygazetesi.com\/index.php?rest_route=%2Fwp%2Fv2%2Fcategories&post=13873"},{"taxonomy":"post_tag","embeddable":true,"href":"https:\/\/akdenizolaygazetesi.com\/index.php?rest_route=%2Fwp%2Fv2%2Ftags&post=13873"}],"curies":[{"name":"wp","href":"https:\/\/api.w.org\/{rel}","templated":true}]}}