{"id":13877,"date":"2021-08-26T11:07:17","date_gmt":"2021-08-26T08:07:17","guid":{"rendered":"http:\/\/akdenizolaygazetesi.com\/?p=13877"},"modified":"2021-08-26T11:07:17","modified_gmt":"2021-08-26T08:07:17","slug":"baskan-gultak-toplum-icinde-kadinin-yeri-cok-onemli","status":"publish","type":"post","link":"https:\/\/akdenizolaygazetesi.com\/?p=13877","title":{"rendered":"Ba\u015fkan G\u00fcltak; &#8220;Toplum i\u00e7inde kad\u0131n\u0131n yeri \u00e7ok \u00f6nemli&#8221;"},"content":{"rendered":"<p>Akdeniz Belediye Ba\u015fkan\u0131 Mustafa G\u00fcltak; Akdeniz Belediyesi ile T\u00fcrkiye \u0130sraf\u0131 \u00d6nleme Vakf\u0131 (T\u0130SVA) Mersin Mikrofinans \u015eubesi i\u015fbirli\u011finde ger\u00e7ekle\u015ftirilen proje kapsam\u0131ndaki mikro kredi deste\u011fi sayesinde otopark i\u015fleten Serap Noyan&#8217;\u0131 (58) i\u015fletmesinde ziyaret etti.<br \/>\n\u0130\u015f yeri Akdeniz il\u00e7e s\u0131n\u0131rlar\u0131 i\u00e7inde \u00c7ankaya Mahallesi&#8217;nde olan 3 \u00e7ocuk annesi kad\u0131n giri\u015fimci Serap Noyan, Ba\u015fkan Mustafa G\u00fcltak&#8217;\u0131n ziyaretinden dolay\u0131 \u00e7ok mutlu oldu\u011funu ifade ederek; &#8220;Her \u015feyden \u00f6nce T\u0130SVA, Akdeniz Belediyesi ve Ba\u015fkan Mustafa G\u00fcltak&#8217;a desteklerinden \u00f6t\u00fcr\u00fc \u00e7ok te\u015fekk\u00fcr ederim&#8221; dedi.<br \/>\nSerap Noyan; &#8220;Kad\u0131nlar istedi\u011fi zaman her \u015feyi ba\u015far\u0131r&#8221;<br \/>\nE\u015fi vefat etmeden \u00f6nce y\u0131llarca otopark\u00e7\u0131l\u0131k i\u015fi yapt\u0131\u011f\u0131n\u0131, sonras\u0131nda da o\u011flu ile beraber bu i\u015fi s\u00fcrd\u00fcrd\u00fc\u011f\u00fcn\u00fc s\u00f6yleyen Noyan, &#8220;Daha sonra arkada\u015flar\u0131m vas\u0131tas\u0131yla yollar\u0131m\u0131z mikro kredi ile kesi\u015fti. \u0130lk zamanlar teredd\u00fctlerim vard\u0131. Ne oldu\u011funu bilmiyordum fakat o endi\u015feler ortadan kalkt\u0131. \u00c7ok da iyi oldu. Bu i\u015f genelde erkek mesle\u011fi olarak bilinir. Ancak ben bir kad\u0131n olarak bu mesle\u011fi rahatl\u0131kla s\u00fcrd\u00fcr\u00fcyorum. Kad\u0131nlara tavsiyem \u015fudur; \u0130nand\u0131klar\u0131 yolda y\u00fcr\u00fcs\u00fcnler. \u00c7\u00fcnk\u00fc biz istedi\u011fimiz zaman her \u015feyi ba\u015far\u0131r\u0131z&#8221; ifadelerini kulland\u0131.<br \/>\nBa\u015fkan G\u00fcltak; &#8220;Toplum i\u00e7inde kad\u0131n\u0131n yeri \u00e7ok \u00f6nemli&#8221;<br \/>\nToplum i\u00e7inde kad\u0131n\u0131n yerinin \u00f6nemine vurgu yapan Ba\u015fkan G\u00fcltak ise, &#8220;\u00dcreten; \u00e7al\u0131\u015fan, ailesine yard\u0131mc\u0131 olan, ayaklar\u0131 \u00fcst\u00fcnde duran, kimseye ihtiya\u00e7 duymayan bir kad\u0131n portf\u00f6y\u00fc, toplumun geli\u015fmesi ad\u0131na olduk\u00e7a \u00f6nemlidir. Biz se\u00e7ildikten sonra kad\u0131nlarla alakal\u0131 \u00e7ok fazla \u00f6nemli i\u015fler yapmaya \u00e7al\u0131\u015f\u0131yoruz. Bunlardan bir tanesi de T\u00fcrkiye \u0130sraf\u0131 \u00d6nleme Vakf\u0131 ile yapt\u0131\u011f\u0131m\u0131z protokold\u00fcr. Bizden \u00f6nce \u00e7al\u0131\u015fma noktas\u0131nda elbette \u00e7aba sarf etmi\u015fler ama Serap Han\u0131m da az \u00f6nce &#8216;teredd\u00fctlerim vard\u0131 ama \u00f6yle olmad\u0131\u011f\u0131n\u0131 \u00f6\u011frendim&#8217; dedi. \u0130\u015fte iki kurumun yan yana gelip \u00e7al\u0131\u015fmas\u0131 bir g\u00fc\u00e7 birli\u011fini ortaya \u00e7\u0131kard\u0131. \u0130\u015f hacimleri b\u00fcy\u00fcd\u00fc; gelip gidenlerin say\u0131s\u0131 artt\u0131&#8221; dedi.<br \/>\n&#8220;Akdeniz&#8217;de 300&#8217;den fazla kad\u0131n giri\u015fimci bulunuyor&#8221;<br \/>\nBa\u015fkan G\u00fcltak; &#8220;\u015eimdiye kadar Mersin&#8217;de toplamda 1.577, aktif olarak ise 710 kad\u0131n giri\u015fimci mikro kredi kullan\u0131rken, Akdeniz il\u00e7emizde ise Karaduvar, \u00c7ilek, G\u00fcndo\u011fdu, Yeni Mahalle, Mahmudiye, Kiremithane, Turgutreis ve Nusratiye mahallelerinde aktif kredi kullanan 300&#8217;den fazla giri\u015fimci kad\u0131n bulunuyor. Kredi kullanan giri\u015fimci kad\u0131nlar ticaret, i\u015flem, \u00fcretim, i\u015fletme sahipli\u011fi, hayvanc\u0131l\u0131k, tar\u0131m gibi alanlarda i\u015flerini devam ettiriyor&#8221; ifadelerini kulland\u0131. <\/p>\n<p>&#8220;T\u0130SVA&#8217;ya te\u015fekk\u00fcr ediyoruz&#8221;<br \/>\nBa\u015fkan Mustafa G\u00fcltak; &#8220;2019 y\u0131l\u0131nda Akdeniz Belediyesi ile T\u00fcrkiye \u0130sraf\u0131 \u00d6nleme Vakf\u0131 aras\u0131nda protokol imzaland\u0131 ve belediye binam\u0131zda hizmet vermeye ba\u015flad\u0131. Daha sonra Mersin&#8217;deki kad\u0131nlar\u0131m\u0131za 3 milyon 951 bin 800 TL, sadece Akdeniz&#8217;de ya\u015fayan kad\u0131nlar\u0131m\u0131za ise 1 milyon 215 bin 100 TL kredi deste\u011fi sa\u011fland\u0131. Ba\u015flad\u0131\u011f\u0131m\u0131z noktada bu say\u0131lar \u00e7ok azd\u0131. \u015eu anda ciddi bir sermaye kad\u0131nlar\u0131m\u0131za aktar\u0131l\u0131yor. Bu hem T\u0130SVA&#8217;y\u0131 hem belediye olarak bizleri \u00e7ok mutlu ediyor. Onlar\u0131n hayata tutunmalar\u0131n\u0131, yapt\u0131klar\u0131 i\u015f noktas\u0131nda kimseye muhta\u00e7 olmamalar\u0131n\u0131 sa\u011flam\u0131\u015f oluyoruz. Bu vesile ile T\u00fcrkiye \u0130sraf\u0131 \u00d6nleme Vakf\u0131&#8217;na da \u00e7ok te\u015fekk\u00fcr ediyoruz&#8221; \u015feklinde konu\u015ftu.<br \/>\n&#8220;Ayaklar\u0131 \u00fcst\u00fcnde duran t\u00fcm kad\u0131nlar\u0131m\u0131zla gurur duyuyorum&#8221;<br \/>\n\u0130\u015fletmesinin fiziki ko\u015fullar\u0131 konusunda yard\u0131mc\u0131 olaca\u011f\u0131 s\u00f6z\u00fcn\u00fc de veren G\u00fcltak; &#8220;Bug\u00fcn Serap Noyan Han\u0131mefendi de burada ayaklar\u0131n\u0131n \u00fcst\u00fcnde durmaya \u00e7al\u0131\u015f\u0131yor. T\u00fcrkiye \u0130sraf\u0131 \u00d6nleme Vakf\u0131 da buraya kredi vermi\u015f. \u0130\u015f yerinin fiziki olarak ufak tefek problemleri var. Bu anlamda da kad\u0131nlar\u0131m\u0131za destek olmak bize yak\u0131\u015f\u0131r. Katk\u0131 sunma noktas\u0131nda elimizden geleni yapaca\u011f\u0131z. Ayaklar\u0131 \u00fcst\u00fcnde duran t\u00fcm kad\u0131nlar\u0131m\u0131zla gurur duyuyorum&#8221; dedi.<\/p>\n","protected":false},"excerpt":{"rendered":"<p>Akdeniz Belediye Ba\u015fkan\u0131 Mustafa G\u00fcltak; Akdeniz Belediyesi ile T\u00fcrkiye \u0130sraf\u0131 \u00d6nleme Vakf\u0131 (T\u0130SVA) Mersin Mikrofinans \u015eubesi i\u015fbirli\u011finde ger\u00e7ekle\u015ftirilen proje kapsam\u0131ndaki mikro kredi deste\u011fi sayesinde otopark i\u015fleten Serap Noyan&#8217;\u0131 (58) i\u015fletmesinde &hellip; <a href=\"https:\/\/akdenizolaygazetesi.com\/?p=13877\" class=\"more-link\">Devam\u0131n\u0131 Oku&#8230;<\/a><\/p>\n","protected":false},"author":2,"featured_media":13878,"comment_status":"open","ping_status":"open","sticky":false,"template":"","format":"standard","meta":[],"categories":[34,3,5],"tags":[],"_links":{"self":[{"href":"https:\/\/akdenizolaygazetesi.com\/index.php?rest_route=\/wp\/v2\/posts\/13877"}],"collection":[{"href":"https:\/\/akdenizolaygazetesi.com\/index.php?rest_route=\/wp\/v2\/posts"}],"about":[{"href":"https:\/\/akdenizolaygazetesi.com\/index.php?rest_route=\/wp\/v2\/types\/post"}],"author":[{"embeddable":true,"href":"https:\/\/akdenizolaygazetesi.com\/index.php?rest_route=\/wp\/v2\/users\/2"}],"replies":[{"embeddable":true,"href":"https:\/\/akdenizolaygazetesi.com\/index.php?rest_route=%2Fwp%2Fv2%2Fcomments&post=13877"}],"version-history":[{"count":1,"href":"https:\/\/akdenizolaygazetesi.com\/index.php?rest_route=\/wp\/v2\/posts\/13877\/revisions"}],"predecessor-version":[{"id":13879,"href":"https:\/\/akdenizolaygazetesi.com\/index.php?rest_route=\/wp\/v2\/posts\/13877\/revisions\/13879"}],"wp:featuredmedia":[{"embeddable":true,"href":"https:\/\/akdenizolaygazetesi.com\/index.php?rest_route=\/wp\/v2\/media\/13878"}],"wp:attachment":[{"href":"https:\/\/akdenizolaygazetesi.com\/index.php?rest_route=%2Fwp%2Fv2%2Fmedia&parent=13877"}],"wp:term":[{"taxonomy":"category","embeddable":true,"href":"https:\/\/akdenizolaygazetesi.com\/index.php?rest_route=%2Fwp%2Fv2%2Fcategories&post=13877"},{"taxonomy":"post_tag","embeddable":true,"href":"https:\/\/akdenizolaygazetesi.com\/index.php?rest_route=%2Fwp%2Fv2%2Ftags&post=13877"}],"curies":[{"name":"wp","href":"https:\/\/api.w.org\/{rel}","templated":true}]}}