{"id":1388,"date":"2020-11-04T18:21:57","date_gmt":"2020-11-04T15:21:57","guid":{"rendered":"http:\/\/mersinekonomipolitikagazetesi.com\/?p=1388"},"modified":"2020-11-04T18:21:57","modified_gmt":"2020-11-04T15:21:57","slug":"komsusunu-olduren-zanli-tutuklandi","status":"publish","type":"post","link":"https:\/\/akdenizolaygazetesi.com\/?p=1388","title":{"rendered":"Kom\u015fusunu \u00f6ld\u00fcren zanl\u0131 tutukland\u0131"},"content":{"rendered":"<p>Mersin&#8217;in Mut il\u00e7esinde, kom\u015fusunu av t\u00fcfe\u011fiyle \u00f6ld\u00fcrd\u00fc\u011f\u00fc iddias\u0131yla g\u00f6zalt\u0131na al\u0131nan zanl\u0131 tutukland\u0131.<\/p>\n<p>Al\u0131nan bilgiye g\u00f6re, il\u00e7eye ba\u011fl\u0131 Ala\u00e7am Mahallesi&#8217;nde iftardan sonra \u0130brahim Telli&#8217;ye ait evde 4 ki\u015fi misafirlikte iken Musa T. (21) ile kom\u015fusu Helim \u00c7elik (22) aras\u0131nda hen\u00fcz \u00f6\u011frenilemeyen bir nedenden dolay\u0131 tart\u0131\u015fma \u00e7\u0131kt\u0131. \u0130ddiaya g\u00f6re, tart\u0131\u015fmadan sonra olay yerinden uzakla\u015fan Musa T. elinde av t\u00fcfe\u011fiyle eve geri d\u00f6n\u00fcp Helim \u00c7elik&#8217;i boynundan vurduktan sonra olay yerinden ka\u00e7t\u0131.<br \/>\n\u0130hbar \u00fczerine olay yerine gelen 112 sa\u011fl\u0131k ekipleri ve jandarma vurulan Helim \u00c7elik&#8217;in \u00f6ld\u00fc\u011f\u00fcn\u00fc belirledi. Olaydan sonra ka\u00e7an cinayet zanl\u0131s\u0131 Musa T., Alacam ve Hac\u0131ilyas mahalleleri aras\u0131ndaki ormanl\u0131k alanda saklan\u0131rken yakaland\u0131.<br \/>\nG\u00f6zalt\u0131na al\u0131nan zanl\u0131, jandarmadaki i\u015flemleri tamamland\u0131ktan sonra \u00e7\u0131kar\u0131ld\u0131\u011f\u0131 mahkemece tutuklanarak Silifke Cezaevi&#8217;ne g\u00f6nderildi.<\/p>\n","protected":false},"excerpt":{"rendered":"<p>Mersin&#8217;in Mut il\u00e7esinde, kom\u015fusunu av t\u00fcfe\u011fiyle \u00f6ld\u00fcrd\u00fc\u011f\u00fc iddias\u0131yla g\u00f6zalt\u0131na al\u0131nan zanl\u0131 tutukland\u0131. Al\u0131nan bilgiye g\u00f6re, il\u00e7eye ba\u011fl\u0131 Ala\u00e7am Mahallesi&#8217;nde iftardan sonra \u0130brahim Telli&#8217;ye ait evde 4 ki\u015fi misafirlikte iken Musa &hellip; <a href=\"https:\/\/akdenizolaygazetesi.com\/?p=1388\" class=\"more-link\">Devam\u0131n\u0131 Oku&#8230;<\/a><\/p>\n","protected":false},"author":1,"featured_media":0,"comment_status":"open","ping_status":"open","sticky":false,"template":"","format":"standard","meta":[],"categories":[],"tags":[],"_links":{"self":[{"href":"https:\/\/akdenizolaygazetesi.com\/index.php?rest_route=\/wp\/v2\/posts\/1388"}],"collection":[{"href":"https:\/\/akdenizolaygazetesi.com\/index.php?rest_route=\/wp\/v2\/posts"}],"about":[{"href":"https:\/\/akdenizolaygazetesi.com\/index.php?rest_route=\/wp\/v2\/types\/post"}],"author":[{"embeddable":true,"href":"https:\/\/akdenizolaygazetesi.com\/index.php?rest_route=\/wp\/v2\/users\/1"}],"replies":[{"embeddable":true,"href":"https:\/\/akdenizolaygazetesi.com\/index.php?rest_route=%2Fwp%2Fv2%2Fcomments&post=1388"}],"version-history":[{"count":0,"href":"https:\/\/akdenizolaygazetesi.com\/index.php?rest_route=\/wp\/v2\/posts\/1388\/revisions"}],"wp:attachment":[{"href":"https:\/\/akdenizolaygazetesi.com\/index.php?rest_route=%2Fwp%2Fv2%2Fmedia&parent=1388"}],"wp:term":[{"taxonomy":"category","embeddable":true,"href":"https:\/\/akdenizolaygazetesi.com\/index.php?rest_route=%2Fwp%2Fv2%2Fcategories&post=1388"},{"taxonomy":"post_tag","embeddable":true,"href":"https:\/\/akdenizolaygazetesi.com\/index.php?rest_route=%2Fwp%2Fv2%2Ftags&post=1388"}],"curies":[{"name":"wp","href":"https:\/\/api.w.org\/{rel}","templated":true}]}}